{"id":293,"date":"2022-03-03T11:06:43","date_gmt":"2022-03-03T14:06:43","guid":{"rendered":"http:\/\/circuitosalta.com.ar\/?p=293"},"modified":"2022-03-03T11:06:45","modified_gmt":"2022-03-03T14:06:45","slug":"el-mundo-se-une-contra-el-plastico","status":"publish","type":"post","link":"https:\/\/circuitosalta.com.ar\/?p=293","title":{"rendered":"EL MUNDO SE UNE CONTRA EL PL\u00c1STICO"},"content":{"rendered":"\n<h4 class=\"has-vivid-green-cyan-background-color has-background wp-block-heading\">LOS L\u00cdDERES POL\u00cdTICOS HAN PEDIDO A LA AGENCIA DE LA ONU PARA EL MEDIO AMBIENTE QUE REDACTE UN TRATADO VINCULANTE QUE LIMITE LA CONTAMINACI\u00d3N QUE EST\u00c1 CAUSANDO EL PL\u00c1STICO CON UNA ESTRATEGIA QUE ABORDE EL CICLO COMPLETO DE VIDA DE ESTE MATERIAL, DESDE SU PRODUCCI\u00d3N A SU ELIMINACI\u00d3N, PASANDO POR SU USO.<\/h4>\n\n\n\n<p>Jefes de Estado, ministros de Medio Ambiente y otros representantes de 175 pa\u00edses respaldaron el mi\u00e9rcoles una&nbsp;<a href=\"http:\/\/wedocs.unep.org\/bitstream\/handle\/20.500.11822\/38522\/k2200647_-_unep-ea-5-l-23-rev-1_-_advance.pdf?sequence=1&amp;isAllowed=y\" target=\"_blank\" rel=\"noreferrer noopener\">resoluci\u00f3n hist\u00f3rica para&nbsp;acabar con la contaminaci\u00f3n del pl\u00e1sticos<\/a>&nbsp;y forjar un acuerdo internacional jur\u00eddicamente vinculante para finales de 2024.<\/p>\n\n\n\n<figure class=\"wp-block-image\"><a href=\"http:\/\/asicotur.com\/\"><img decoding=\"async\" src=\"http:\/\/nubesmgzdigital.com.ar\/wp-content\/uploads\/2021\/09\/202109-ASICOTUR-banner.gif\" alt=\"\"\/><\/a><\/figure>\n\n\n\n<p>La decisi\u00f3n fue adoptada en la Asamblea de las Naciones Unidas para el Medio Ambiente, celebrada en Nairobi, el m\u00e1ximo \u00f3rgano mundial para preservar la salud de nuestro planeta.<\/p>\n\n\n\n<p>La hist\u00f3rica resoluci\u00f3n aborda el ciclo de vida completo del pl\u00e1stico, incluyendo su producci\u00f3n, dise\u00f1o y eliminaci\u00f3n.<\/p>\n\n\n\n<h2 class=\"wp-block-heading\">EL CAMINO HACIA LA SANACI\u00d3N<\/h2>\n\n\n\n<p>\u201cLa Asamblea de las Naciones Unidas para el Medio Ambiente, con el tel\u00f3n de fondo de la agitaci\u00f3n geopol\u00edtica, muestra la cooperaci\u00f3n multilateral en su m\u00e1xima expresi\u00f3n\u201d, dijo el presidente de la Asamblea y Ministro de Clima y Medio Ambiente de Noruega.<\/p>\n\n\n\n<p>\u201cLa contaminaci\u00f3n del pl\u00e1stico se ha convertido en una epidemia. Con la resoluci\u00f3n de hoy estamos oficialmente en camino de una cura\u201d, dijo Espen Barth Eide.<\/p>\n\n\n\n<p>La resoluci\u00f3n establece un Comit\u00e9 Intergubernamental de Negociaci\u00f3n que comenzar\u00e1 su trabajo este a\u00f1o, con el objetivo de completar&nbsp;<strong>un proyecto de acuerdo legalmente vinculante para finales de 2024<\/strong>.<\/p>\n\n\n\n<p>A su vez, se espera que presente un instrumento jur\u00eddicamente vinculante, que refleje diversas alternativas para abordar el ciclo de vida completo de los pl\u00e1sticos, desde el dise\u00f1o de productos y materiales reutilizables y reciclables.<\/p>\n\n\n\n<p>Tambi\u00e9n abordar\u00e1 la necesidad de mejorar la colaboraci\u00f3n internacional para facilitar el acceso a la tecnolog\u00eda, que permita la realizaci\u00f3n del revolucionario plan.<\/p>\n\n\n\n<p>El&nbsp;<a href=\"https:\/\/www.unenvironment.org\/es\" target=\"_blank\" rel=\"noreferrer noopener\">Programa de las Naciones Unidas para el Medio Ambiente<\/a>&nbsp;(PNUMA) dijo que convocar\u00eda un foro a finales de este a\u00f1o, junto con la primera sesi\u00f3n del Comit\u00e9 Intergubernamental, para compartir conocimientos y mejores pr\u00e1cticas en diferentes partes del mundo.<img decoding=\"async\" width=\"\" height=\"\" src=\"https:\/\/global.unitednations.entermediadb.net\/assets\/mediadb\/services\/module\/asset\/downloads\/preset\/Libraries\/Production+Library\/28-02-2022_UNEP_Kenya-3.jpg\/image1024x768.jpg\" alt=\"Un trabajador ordena los pl\u00e1sticos para su reciclaje en una basurero de Nairobi.\">PNUMAUn trabajador ordena los pl\u00e1sticos para su reciclaje en una basurero de Nairobi.<\/p>\n\n\n\n<h2 class=\"wp-block-heading\">TRIUNFO DEL PLANETA TIERRA<\/h2>\n\n\n\n<p>El documento que redacte el Comit\u00e9 se basar\u00e1 en un debate abierto, informado por la ciencia, y ese \u00f3rgano informar\u00e1 sobre los progresos realizados a lo largo de los dos pr\u00f3ximos a\u00f1os.<\/p>\n\n\n\n<p>Por \u00faltimo, una vez concluidos sus trabajos, la agencia de la ONU convocar\u00e1 una conferencia diplom\u00e1tica para adoptar sus resultados y abrir el instrumento internacional a la firma.<\/p>\n\n\n\n<p>\u201cEl d\u00eda de hoy marca un triunfo del planeta Tierra sobre los pl\u00e1sticos de un solo uso.&nbsp;<strong>Se trata del acuerdo multilateral m\u00e1s importante en materia de medio ambiente desde el Acuerdo de Par\u00eds<\/strong>. Es una p\u00f3liza de seguro para esta generaci\u00f3n y las futuras, para que puedan vivir con el pl\u00e1stico y no est\u00e9n condenados por \u00e9l\u201d, dijo la directora ejecutiva del Programa para el Medio Ambiente.<\/p>\n\n\n\n<p>Inger Andersen a\u00f1adi\u00f3 que debe quedar claro que \u201cel mandato del Comit\u00e9 no concede a ninguna parte interesada una pausa de dos a\u00f1os\u201d, a\u00f1adi\u00f3.<\/p>\n\n\n\n<p>Paralelamente a las negociaciones sobre un acuerdo internacional vinculante, la agencia de la ONU trabajar\u00e1 con cualquier gobierno y empresa que lo desee en toda la cadena de valor para abandonar los pl\u00e1sticos de un solo uso, as\u00ed como para&nbsp;<strong>movilizar la financiaci\u00f3n privada y eliminar las barreras a las inversiones en investigaci\u00f3n y en una nueva econom\u00eda circular<\/strong>.<img decoding=\"async\" src=\"https:\/\/global.unitednations.entermediadb.net\/assets\/mediadb\/services\/module\/asset\/downloads\/preset\/Libraries\/Production+Library\/02-03-2022-UNEP-Espen-Barth-Eide.jpg\/image1024x768.jpg\" alt=\"Espen Barth Eide, ministro nuruego y actual presidente de la Asamblea de las Naciones Unidas para el Medio Ambiente, se\u00f1ala con el mazo la aprobaci\u00f3n de la hist\u00f3rica resoluci\u00f3n para redactar un tratado vinculante sobre el pl\u00e1stico.\" width=\"\" height=\"\">UNEP\/Cyril VillemainEspen Barth Eide, ministro nuruego y actual presidente de la Asamblea de las Naciones Unidas para el Medio Ambiente, se\u00f1ala con el mazo la aprobaci\u00f3n de la hist\u00f3rica resoluci\u00f3n para redactar un tratado vinculante sobre el pl\u00e1stico.<\/p>\n\n\n\n<h2 class=\"wp-block-heading\">LA MAGNITUD DEL PROBLEMA<\/h2>\n\n\n\n<p>La contaminaci\u00f3n por pl\u00e1stico pas\u00f3 de dos millones de toneladas en 1950 a 348 millones en 2017, convirti\u00e9ndose en una industria mundial valorada en 522.600 millones de d\u00f3lares, seg\u00fan datos del Programa. Se espera que se duplique su cantidad, de aqu\u00ed a 2040.<\/p>\n\n\n\n<p><strong>Los impactos de la producci\u00f3n y la contaminaci\u00f3n debida a los pl\u00e1sticos son una cat\u00e1strofe en ciernes en el contexto de la triple crisis planetaria<\/strong>&nbsp;del cambio clim\u00e1tico, la p\u00e9rdida de la naturaleza y la contaminaci\u00f3n, dijo la agencia de la ONU.<\/p>\n\n\n\n<p>La exposici\u00f3n a los pl\u00e1sticos perjudica la salud humana, y puede afectar a&nbsp;<a href=\"https:\/\/www.endocrine.org\/-\/media\/endocrine\/files\/topics\/edc_guide_2020_v1_6chqennew-version.pdf\" target=\"_blank\" rel=\"noreferrer noopener\">la fertilidad, la actividad hormonal, metab\u00f3lica y neurol\u00f3gica<\/a>, mientras que la quema abierta de pl\u00e1sticos contribuye a&nbsp;<a href=\"https:\/\/news.un.org\/es\/node\/1504162\">la contaminaci\u00f3n del aire<\/a>.<\/p>\n\n\n\n<ul class=\"wp-block-list\"><li><a href=\"https:\/\/www.unep.org\/resources\/pollution-solution-global-assessment-marine-litter-and-plastic-pollution\" target=\"_blank\" rel=\"noreferrer noopener\">Para 2050, las emisiones de gases de efecto invernadero asociadas a la producci\u00f3n, uso y eliminaci\u00f3n de pl\u00e1sticos<\/a>&nbsp;representar\u00e1n el 15% de las emisiones permitidas, seg\u00fan el objetivo de limitar el calentamiento global a 1,5\u00b0C<\/li><li><a href=\"https:\/\/www.cbd.int\/doc\/publications\/cbd-ts-83-en.pdf\" target=\"_blank\" rel=\"noreferrer noopener\">M\u00e1s de 800 especies marinas y costeras<\/a>&nbsp;se ven afectadas por esta contaminaci\u00f3n por&nbsp;<a href=\"https:\/\/news.un.org\/es\/node\/1492472\" target=\"_blank\" rel=\"noreferrer noopener\">ingesti\u00f3n, enredo y otros peligros<\/a><\/li><li><a href=\"https:\/\/www.pewtrusts.org\/en\/research-and-analysis\/articles\/2020\/07\/23\/breaking-the-plastic-wave-top-findings\" target=\"_blank\" rel=\"noreferrer noopener\">Cada a\u00f1o llegan a los oc\u00e9anos unos 11 millones de toneladas de residuos pl\u00e1sticos<\/a>. Esta cifra podr\u00eda triplicarse de aqu\u00ed a 2040<\/li><li>Un cambio hacia una econom\u00eda circular&nbsp;<a href=\"https:\/\/www.resourcepanel.org\/reports\/policy-options-eliminate-additional-marine-plastic-litter\" target=\"_blank\" rel=\"noreferrer noopener\">puede reducir<\/a>:<ul><li>el volumen de pl\u00e1sticos que llegan a los oc\u00e9anos en m\u00e1s de un 80% para 2040<\/li><li>la producci\u00f3n de pl\u00e1stico virgen en un 55%<\/li><li>ahorrar a los gobiernos 70.000 millones de d\u00f3lares para 2040<\/li><li>reducir las emisiones de gases de efecto invernadero en un 25%<\/li><li>crear 700.000 puestos de trabajo adicionales, principalmente en los pa\u00edses del sur<\/li><\/ul><\/li><\/ul>\n\n\n\n<p>La hist\u00f3rica resoluci\u00f3n, titulada \u201cAcaban con la contaminaci\u00f3n del pl\u00e1stico: Hacia un instrumento internacional jur\u00eddicamente vinculante\u201d, fue adoptada al concluir la reuni\u00f3n de tres d\u00edas de la Asamblea de las Naciones Unidas para el Medio Ambiente, a la que asistieron m\u00e1s de 3400 participantes en persona y 1500 en l\u00ednea de 175 Estados, entre ellos 79 ministros y 17 funcionarios de alto nivel.<\/p>\n\n\n\n<p>A la Asamblea le seguir\u00e1 una sesi\u00f3n especial de dos d\u00edas de duraci\u00f3n para conmemorar el 50\u00ba aniversario del Programa, en la que se espera que los Estados miembros aborden c\u00f3mo construir un mundo postpand\u00e9mico resiliente e inclusivo.<\/p>\n\n\n\n<figure class=\"wp-block-image\"><a href=\"https:\/\/news.un.org\/es\/story\/2022\/03\/1504922?utm_source=Noticias+ONU+-+Bolet%C3%ADn&amp;utm_campaign=eccb8342a1-EMAIL_CAMPAIGN_2022_03_03_01_05&amp;utm_medium=email&amp;utm_term=0_e7f6cb3d3c-eccb8342a1-107915341\" target=\"_blank\" rel=\"noreferrer noopener\"><img decoding=\"async\" src=\"http:\/\/nubesmgzdigital.com.ar\/wp-content\/uploads\/2021\/10\/ONU.jpg\" alt=\"\" class=\"wp-image-8730\"\/><\/a><\/figure>\n","protected":false},"excerpt":{"rendered":"<p>LOS L\u00cdDERES POL\u00cdTICOS HAN PEDIDO A LA AGENCIA DE LA ONU PARA EL MEDIO AMBIENTE QUE REDACTE UN TRATADO VINCULANTE QUE LIMITE LA CONTAMINACI\u00d3N QUE EST\u00c1 CAUSANDO EL PL\u00c1STICO CON UNA ESTRATEGIA QUE ABORDE EL CICLO COMPLETO DE VIDA DE ESTE MATERIAL, DESDE SU PRODUCCI\u00d3N A SU ELIMINACI\u00d3N, PASANDO POR SU USO. Jefes de Estado, [&hellip;]<\/p>\n","protected":false},"author":2,"featured_media":294,"comment_status":"open","ping_status":"open","sticky":false,"template":"","format":"standard","meta":{"tdm_status":"","tdm_grid_status":"","footnotes":""},"categories":[17],"tags":[],"class_list":{"0":"post-293","1":"post","2":"type-post","3":"status-publish","4":"format-standard","5":"has-post-thumbnail","7":"category-sociales"},"_links":{"self":[{"href":"https:\/\/circuitosalta.com.ar\/index.php?rest_route=\/wp\/v2\/posts\/293"}],"collection":[{"href":"https:\/\/circuitosalta.com.ar\/index.php?rest_route=\/wp\/v2\/posts"}],"about":[{"href":"https:\/\/circuitosalta.com.ar\/index.php?rest_route=\/wp\/v2\/types\/post"}],"author":[{"embeddable":true,"href":"https:\/\/circuitosalta.com.ar\/index.php?rest_route=\/wp\/v2\/users\/2"}],"replies":[{"embeddable":true,"href":"https:\/\/circuitosalta.com.ar\/index.php?rest_route=%2Fwp%2Fv2%2Fcomments&post=293"}],"version-history":[{"count":1,"href":"https:\/\/circuitosalta.com.ar\/index.php?rest_route=\/wp\/v2\/posts\/293\/revisions"}],"predecessor-version":[{"id":295,"href":"https:\/\/circuitosalta.com.ar\/index.php?rest_route=\/wp\/v2\/posts\/293\/revisions\/295"}],"wp:featuredmedia":[{"embeddable":true,"href":"https:\/\/circuitosalta.com.ar\/index.php?rest_route=\/wp\/v2\/media\/294"}],"wp:attachment":[{"href":"https:\/\/circuitosalta.com.ar\/index.php?rest_route=%2Fwp%2Fv2%2Fmedia&parent=293"}],"wp:term":[{"taxonomy":"category","embeddable":true,"href":"https:\/\/circuitosalta.com.ar\/index.php?rest_route=%2Fwp%2Fv2%2Fcategories&post=293"},{"taxonomy":"post_tag","embeddable":true,"href":"https:\/\/circuitosalta.com.ar\/index.php?rest_route=%2Fwp%2Fv2%2Ftags&post=293"}],"curies":[{"name":"wp","href":"https:\/\/api.w.org\/{rel}","templated":true}]}}