{"id":296,"date":"2022-03-04T10:41:21","date_gmt":"2022-03-04T13:41:21","guid":{"rendered":"http:\/\/circuitosalta.com.ar\/?p=296"},"modified":"2022-03-04T10:41:23","modified_gmt":"2022-03-04T13:41:23","slug":"salta-supero-registros-historicos-en-la-temporada-de-verano-2022","status":"publish","type":"post","link":"https:\/\/circuitosalta.com.ar\/?p=296","title":{"rendered":"Salta super\u00f3 registros hist\u00f3ricos en la temporada de verano 2022"},"content":{"rendered":"\n<h3 class=\"has-text-color wp-block-heading\" style=\"color:#ad4b04\">Con una tasa neta de ocupaci\u00f3n del 68,6% la provincia super\u00f3 indicadores hist\u00f3ricos. M\u00e1s de 363 mil turistas generaron un impacto econ\u00f3mico de $8700 millones de pesos.<\/h3>\n\n\n\n<p>La hospitalidad y amabilidad de los salte\u00f1os, el clima, los paisajes y la cultura de Salta, una intensiva campa\u00f1a de promoci\u00f3n en mercados nacionales e internacionales y una variada agenda de actividades fueron incentivos para que en este verano 363.473 turistas recorran la provincia.<\/p>\n\n\n\n<p>El Ministerio de Turismo de Salta brind\u00f3 el informe estad\u00edstico sobre la temporada de verano 2022, destac\u00e1ndose el impacto econ\u00f3mico de $8.708.370.908 lo que representa aproximadamente el 80% de lo generado durante 2021.<\/p>\n\n\n\n<p>Si bien Salta contin\u00faa con una tasa alta de fidelidad, en esta temporada el 41% de los turistas eligi\u00f3 la provincia como destino tur\u00edstico por primera vez.<\/p>\n\n\n\n<div class=\"wp-block-image\"><figure class=\"alignleft size-full is-resized\"><img fetchpriority=\"high\" decoding=\"async\" src=\"https:\/\/circuitosalta.com.ar\/wp-content\/uploads\/2022\/03\/80951-salta-supero-registros-historicos-en-la-temporada-de-verano-2022.jpg\" alt=\"\" class=\"wp-image-297\" width=\"321\" height=\"214\" srcset=\"https:\/\/circuitosalta.com.ar\/wp-content\/uploads\/2022\/03\/80951-salta-supero-registros-historicos-en-la-temporada-de-verano-2022.jpg 560w, https:\/\/circuitosalta.com.ar\/wp-content\/uploads\/2022\/03\/80951-salta-supero-registros-historicos-en-la-temporada-de-verano-2022-300x200.jpg 300w\" sizes=\"(max-width: 321px) 100vw, 321px\" \/><\/figure><\/div>\n\n\n\n<p>La provincia de Buenos Aires fue el principal mercado emisivo hacia la provincia con m\u00e1s del 30%. Se destaca en segundo lugar al salte\u00f1o que opt\u00f3 por seguir descubriendo nuestro territorio, disfrutando de las actividades previstas en el Calendario de Verano elaborado por el Ministerio y los municipios. CABA, C\u00f3rdoba, Santa Fe y Tucum\u00e1n completan los principales lugares de procedencia. Un dato que resalta en el balance es que el 10% de los turistas fueron extranjeros, el 77% del mercado nacional y el 13% de Salta.<\/p>\n\n\n\n<p>Durante enero los municipios con m\u00e1s porcentaje de ocupaci\u00f3n fueron Coronel Moldes, Cachi, Cafayate, San Lorenzo y Chicoana; en febrero el ranking estuvo integrado por Coronel Moldes, San Antonio de los Cobres, Cachi, Cafayate y Capital.<\/p>\n\n\n\n<p>El ministro de Turismo y Deportes&nbsp;<strong>Mario Pe\u00f1a&nbsp;<\/strong>afirm\u00f3 que \u201cHemos redondeado una temporada de verano importante para Salta resultado de un trabajo s\u00f3lido y mancomunado con el sector privado\u201d y agreg\u00f3 \u201cestamos viendo un crecimiento de los mercados nacionales y respuestas muy positivas a las acciones de comunicaci\u00f3n y marketing que la provincia realiza en diferentes puntos de inter\u00e9s para la actividad\u201d.<\/p>\n\n\n\n<div class=\"wp-block-image\"><figure class=\"alignright size-full is-resized\"><img decoding=\"async\" src=\"https:\/\/circuitosalta.com.ar\/wp-content\/uploads\/2022\/03\/2180-salta-supero-registros-historicos-en-la-temporada-de-verano-2022.jpg\" alt=\"\" class=\"wp-image-298\" width=\"393\" height=\"262\" srcset=\"https:\/\/circuitosalta.com.ar\/wp-content\/uploads\/2022\/03\/2180-salta-supero-registros-historicos-en-la-temporada-de-verano-2022.jpg 900w, https:\/\/circuitosalta.com.ar\/wp-content\/uploads\/2022\/03\/2180-salta-supero-registros-historicos-en-la-temporada-de-verano-2022-300x200.jpg 300w, https:\/\/circuitosalta.com.ar\/wp-content\/uploads\/2022\/03\/2180-salta-supero-registros-historicos-en-la-temporada-de-verano-2022-768x512.jpg 768w, https:\/\/circuitosalta.com.ar\/wp-content\/uploads\/2022\/03\/2180-salta-supero-registros-historicos-en-la-temporada-de-verano-2022-696x464.jpg 696w, https:\/\/circuitosalta.com.ar\/wp-content\/uploads\/2022\/03\/2180-salta-supero-registros-historicos-en-la-temporada-de-verano-2022-630x420.jpg 630w\" sizes=\"(max-width: 393px) 100vw, 393px\" \/><\/figure><\/div>\n\n\n\n<p>El verano tambi\u00e9n marc\u00f3 \u00edndices hist\u00f3ricos para dos \u00edconos tur\u00edsticos como lo son el Tren a las Nubes y Telef\u00e9rico San Bernardo, quienes registraron importantes niveles de ocupaci\u00f3n del servicio durante la temporada estival. &nbsp;<\/p>\n\n\n\n<p>El detalle estad\u00edstico fue presentado por la secretaria de Turismo&nbsp;<strong>Nadia Loza<\/strong>&nbsp;al sector privado de Salta representado por el presidente de la C\u00e1mara de Turismo de Salta, Gustavo Di M\u00e9cola, el presidente de la C\u00e1mara Hotelera y Gastron\u00f3mica&nbsp;<strong>Freddy Soria<\/strong>, el presidente de Salta Conventions &amp; Visitors Bureau,&nbsp;<strong>Daniel Astorga<\/strong>, la presidenta de Asociaci\u00f3n de Hoteles de Turismo,&nbsp;<strong>Mariana Farjat<\/strong>,&nbsp;<strong>Federico Ochoa<\/strong>, titular de Adopta,&nbsp;<\/p>\n\n\n\n<p>En representaci\u00f3n del Ministerio de Turismo, tambi\u00e9n estuvieron la subsecretaria de Promoci\u00f3n Tur\u00edstica, Laura Alcorta, la presidenta del Inprotur Salta, Manuela Arancibia, la directora ejecutiva de Inprotur, Mar\u00eda Eugenia Cornejo y los presidentes de Tren a las Nubes y Telef\u00e9rico San Bernardo Sebasti\u00e1n Vidal y Mart\u00edn Miranda.<\/p>\n\n\n\n<p>\u201cDesde el sector vemos una enorme recuperaci\u00f3n en lo que respecta a la actividad de los prestadores y la generaci\u00f3n de fuentes de trabajo. Estamos atravesando una etapa de transici\u00f3n positiva y estamos convencidos que Salta como destino tur\u00edstico no tiene techo\u201d, manifest\u00f3 Gustavo Di M\u00e9cola en representaci\u00f3n del sector privado.<\/p>\n\n\n\n<figure class=\"wp-block-embed is-type-video is-provider-youtube wp-block-embed-youtube wp-embed-aspect-16-9 wp-has-aspect-ratio\"><div class=\"wp-block-embed__wrapper\">\n<iframe title=\"Salta super\u00f3 registros hist\u00f3ricos en la temporada de verano 2022\" width=\"696\" height=\"392\" src=\"https:\/\/www.youtube.com\/embed\/OJD0cYl58c4?feature=oembed\" frameborder=\"0\" allow=\"accelerometer; autoplay; clipboard-write; encrypted-media; gyroscope; picture-in-picture\" allowfullscreen><\/iframe>\n<\/div><\/figure>\n\n\n\n<p>Fuente:\u00a0<strong><a href=\"https:\/\/www.salta.gob.ar\/prensa\/noticias\/salta-supero-registros-historicos-en-la-temporada-de-verano-2022-80951\" target=\"_blank\" rel=\"noreferrer noopener\">Secretar\u00eda de Prensa y Comunicaci\u00f3n<\/a><\/strong><\/p>\n","protected":false},"excerpt":{"rendered":"<p>Con una tasa neta de ocupaci\u00f3n del 68,6% la provincia super\u00f3 indicadores hist\u00f3ricos. M\u00e1s de 363 mil turistas generaron un impacto econ\u00f3mico de $8700 millones de pesos. La hospitalidad y amabilidad de los salte\u00f1os, el clima, los paisajes y la cultura de Salta, una intensiva campa\u00f1a de promoci\u00f3n en mercados nacionales e internacionales y una [&hellip;]<\/p>\n","protected":false},"author":2,"featured_media":299,"comment_status":"open","ping_status":"open","sticky":false,"template":"","format":"standard","meta":{"tdm_status":"","tdm_grid_status":"","footnotes":""},"categories":[15],"tags":[],"class_list":{"0":"post-296","1":"post","2":"type-post","3":"status-publish","4":"format-standard","5":"has-post-thumbnail","7":"category-provincial"},"_links":{"self":[{"href":"https:\/\/circuitosalta.com.ar\/index.php?rest_route=\/wp\/v2\/posts\/296"}],"collection":[{"href":"https:\/\/circuitosalta.com.ar\/index.php?rest_route=\/wp\/v2\/posts"}],"about":[{"href":"https:\/\/circuitosalta.com.ar\/index.php?rest_route=\/wp\/v2\/types\/post"}],"author":[{"embeddable":true,"href":"https:\/\/circuitosalta.com.ar\/index.php?rest_route=\/wp\/v2\/users\/2"}],"replies":[{"embeddable":true,"href":"https:\/\/circuitosalta.com.ar\/index.php?rest_route=%2Fwp%2Fv2%2Fcomments&post=296"}],"version-history":[{"count":1,"href":"https:\/\/circuitosalta.com.ar\/index.php?rest_route=\/wp\/v2\/posts\/296\/revisions"}],"predecessor-version":[{"id":300,"href":"https:\/\/circuitosalta.com.ar\/index.php?rest_route=\/wp\/v2\/posts\/296\/revisions\/300"}],"wp:featuredmedia":[{"embeddable":true,"href":"https:\/\/circuitosalta.com.ar\/index.php?rest_route=\/wp\/v2\/media\/299"}],"wp:attachment":[{"href":"https:\/\/circuitosalta.com.ar\/index.php?rest_route=%2Fwp%2Fv2%2Fmedia&parent=296"}],"wp:term":[{"taxonomy":"category","embeddable":true,"href":"https:\/\/circuitosalta.com.ar\/index.php?rest_route=%2Fwp%2Fv2%2Fcategories&post=296"},{"taxonomy":"post_tag","embeddable":true,"href":"https:\/\/circuitosalta.com.ar\/index.php?rest_route=%2Fwp%2Fv2%2Ftags&post=296"}],"curies":[{"name":"wp","href":"https:\/\/api.w.org\/{rel}","templated":true}]}}